{"id":2078,"date":"2025-02-26T18:29:17","date_gmt":"2025-02-26T18:29:17","guid":{"rendered":"https:\/\/tutarotero.com\/tv\/?p=2078"},"modified":"2025-02-26T21:07:52","modified_gmt":"2025-02-26T21:07:52","slug":"mercedes-amg-cle53-2025-combina-lujo-y-desempeno","status":"publish","type":"post","link":"https:\/\/tutarotero.com\/tv\/?p=2078","title":{"rendered":"Mercedes-AMG CLE53 2025: Combina lujo y desempe\u00f1o"},"content":{"rendered":"<h1><img loading=\"lazy\" decoding=\"async\" loading=\"lazy\" class=\"alignnone wp-image-1658 size-full\" src=\"https:\/\/puravelocidad.com\/wp-content\/uploads\/2025\/02\/2024-mercedes-amg-cle53-coupe-ezgif.com-webp-to-jpg-converter.jpg\" alt=\"\" width=\"1920\" height=\"1080\"><\/h1>\n<p>El Mercedes-AMG CLE53 no es solo una evoluci\u00f3n dentro de la l\u00ednea CLE, sino una declaraci\u00f3n de lo que significa el <strong>rendimiento en un coup\u00e9 de lujo<\/strong>. Con su dise\u00f1o musculoso y elegante, su potente motor <strong>seis en l\u00ednea turboalimentado<\/strong> y un sistema h\u00edbrido de 48 voltios, este AMG est\u00e1 dise\u00f1ado para <strong>emocionar tanto en la pista como en la carretera<\/strong>.<\/p>\n<p>Si bien la versi\u00f3n coup\u00e9 ya hab\u00eda dejado huella en 2024, <strong>la gran novedad para 2025 es la llegada del CLE53 Cabriolet<\/strong>, una variante descapotable que promete la misma emoci\u00f3n de conducci\u00f3n con la <strong>experiencia \u00fanica de conducir a cielo abierto<\/strong>.<\/p>\n<p><img loading=\"lazy\" decoding=\"async\" loading=\"lazy\" class=\"alignnone wp-image-1659 size-full\" src=\"https:\/\/puravelocidad.com\/wp-content\/uploads\/2025\/02\/2024-mercedes-amg-cle53-coupe3-ezgif.com-avif-to-jpg-converter.jpg\" alt=\"\" width=\"1920\" height=\"1080\"><\/p>\n<h2><strong>Un Tren Motriz Potente y Tecnol\u00f3gicamente Avanzado<\/strong><\/h2>\n<p>Bajo el cap\u00f3, el CLE53 es impulsado por un <strong>motor de seis cilindros en l\u00ednea turboalimentado de 3.0 litros<\/strong>, que ahora entrega <strong>443 hp y 414 lb-pie de torque<\/strong> (con un overboost que lo lleva a <strong>443 lb-pie<\/strong> por momentos). Este motor es asistido por un <strong>sistema h\u00edbrido de 48V<\/strong>, lo que optimiza la entrega de potencia y la eficiencia sin comprometer el car\u00e1cter AMG.<\/p>\n<p>Toda esta energ\u00eda se canaliza a trav\u00e9s de una <strong>transmisi\u00f3n autom\u00e1tica de nueve velocidades<\/strong> y un <strong>sistema de tracci\u00f3n total con sesgo trasero<\/strong>, lo que le permite mantener una conducci\u00f3n deportiva sin sacrificar agarre en condiciones dif\u00edciles.<\/p>\n<p><img loading=\"lazy\" decoding=\"async\" loading=\"lazy\" class=\"alignnone wp-image-1660 size-full\" src=\"https:\/\/puravelocidad.com\/wp-content\/uploads\/2025\/02\/2024-mercedes-amg-cle53-coupe2-ezgif.com-avif-to-jpg-converter.jpg\" alt=\"\" width=\"1920\" height=\"1080\"><\/p>\n<p>El rendimiento es impresionante: <strong>de 0 a 60 mph en solo 3.6 segundos<\/strong> y un cuarto de milla en <strong>12.1 segundos a 113.8 mph<\/strong>. Su aceleraci\u00f3n es contundente y la transmisi\u00f3n, aunque en ciertos momentos se siente algo indecisa a velocidades elevadas, responde con cambios r\u00e1pidos y efectivos.<\/p>\n<h2><strong>Experiencia de Manejo: Din\u00e1mico y Preciso<\/strong><\/h2>\n<p><img loading=\"lazy\" decoding=\"async\" loading=\"lazy\" class=\"alignnone wp-image-1661 size-full\" src=\"https:\/\/puravelocidad.com\/wp-content\/uploads\/2025\/02\/2024-mercedes-amg-cle53-coupe1-ezgif.com-avif-to-jpg-converter.jpg\" alt=\"\" width=\"1920\" height=\"1080\"><\/p>\n<p>El CLE53 no es solo r\u00e1pido en l\u00ednea recta, tambi\u00e9n es <strong>\u00e1gil en curvas<\/strong>. Esto se debe a una combinaci\u00f3n de tecnolog\u00edas enfocadas en el manejo:<\/p>\n<p><img decoding=\"async\" src=\"https:\/\/s.w.org\/images\/core\/emoji\/15.0.3\/72x72\/2705.png\" alt=\"\u2705\" class=\"wp-smiley\"> <strong>Suspensi\u00f3n adaptativa AMG Ride Control<\/strong>: Permite ajustar la dureza de los amortiguadores seg\u00fan el modo de conducci\u00f3n, con opciones m\u00e1s agresivas en Sport y Sport+.<br \/>\n<img decoding=\"async\" src=\"https:\/\/s.w.org\/images\/core\/emoji\/15.0.3\/72x72\/2705.png\" alt=\"\u2705\" class=\"wp-smiley\"> <strong>Direcci\u00f3n en el eje trasero<\/strong>: Mejora la estabilidad en altas velocidades y reduce el radio de giro en curvas cerradas.<br \/>\n<img decoding=\"async\" src=\"https:\/\/s.w.org\/images\/core\/emoji\/15.0.3\/72x72\/2705.png\" alt=\"\u2705\" class=\"wp-smiley\"> <strong>Neum\u00e1ticos escalonados<\/strong>: Llantas traseras de <strong>295 mm de ancho<\/strong> (30 mm m\u00e1s anchas que las delanteras) para maximizar el agarre en tracci\u00f3n total.<\/p>\n<p>Durante nuestras pruebas, el CLE53 alcanz\u00f3 m\u00e1s de <strong>1.00 g en el skidpad<\/strong> y complet\u00f3 la vuelta en figura de ocho en <strong>24.0 segundos a 0.83 g<\/strong>. Comparado con el <strong>BMW M850i xDrive<\/strong>, el CLE53 logra un mejor desempe\u00f1o en curvas gracias a su menor peso y direcci\u00f3n trasera m\u00e1s reactiva.<\/p>\n<p>Sin embargo, despu\u00e9s de varias vueltas intensas, el AMG mostr\u00f3 <strong>cierto subviraje<\/strong>, posiblemente debido a su distribuci\u00f3n de peso con el motor delantero y el sesgo de tracci\u00f3n trasera.<\/p>\n<h2><strong>CLE53 Cabriolet: Desempe\u00f1o sin Techo<\/strong><\/h2>\n<p><img loading=\"lazy\" decoding=\"async\" loading=\"lazy\" class=\"alignnone wp-image-1662 size-full\" src=\"https:\/\/puravelocidad.com\/wp-content\/uploads\/2025\/02\/2025-mercedes-amg-cle53-cabriolet-102-6639475be0721-ezgif.com-avif-to-jpg-converter.jpg\" alt=\"\" width=\"980\" height=\"551\"><\/p>\n<p>Para 2025, la familia CLE53 se expande con la versi\u00f3n <strong>Cabriolet<\/strong>, que mantiene el mismo tren motriz del coup\u00e9 pero introduce un <strong>techo blando de m\u00faltiples capas<\/strong> que puede retraerse en <strong>20 segundos<\/strong>.<\/p>\n<p>Algunas diferencias clave del <strong>CLE53 Cabriolet<\/strong> incluyen:<\/p>\n<p><strong>Deflector de viento el\u00e9ctrico<\/strong>: Reduce la turbulencia con el techo abajo.<br \/>\n<strong>Calentadores de cuello en los asientos delanteros<\/strong>: Comodidad en climas fr\u00edos.<br \/>\n<strong>Pantalla t\u00e1ctil de 11.9 pulgadas inclinable<\/strong>: Reduce el reflejo del sol cuando el techo est\u00e1 abierto.<\/p>\n<p><img loading=\"lazy\" decoding=\"async\" loading=\"lazy\" class=\"alignnone wp-image-1663 size-full\" src=\"https:\/\/puravelocidad.com\/wp-content\/uploads\/2025\/02\/2025-mercedes-amg-cle53-cabriolet-101-6639475b97bb8-ezgif.com-avif-to-jpg-converter.jpg\" alt=\"\" width=\"1200\" height=\"677\"><\/p>\n<p>La suspensi\u00f3n del <strong>Cabriolet<\/strong> es ligeramente m\u00e1s suave para compensar la p\u00e9rdida de rigidez estructural del techo r\u00edgido, pero sigue contando con amortiguadores adaptativos y direcci\u00f3n en las ruedas traseras.<\/p>\n<h2><strong>Lujo y Tecnolog\u00eda de \u00daltima Generaci\u00f3n<\/strong><\/h2>\n<p><img loading=\"lazy\" decoding=\"async\" loading=\"lazy\" class=\"alignnone wp-image-1664 size-full\" src=\"https:\/\/puravelocidad.com\/wp-content\/uploads\/2025\/02\/003-2024-mercedes-amg-cle53-interior-dash-ezgif.com-webp-to-jpg-converter.jpg\" alt=\"\" width=\"1920\" height=\"1080\"><\/p>\n<p>Mercedes-AMG ha dotado al CLE53 con un interior de alta gama, repleto de tecnolog\u00eda y detalles de primer nivel:<\/p>\n<p><strong>Pantalla digital de 12.3 pulgadas para el conductor<\/strong> con Apple CarPlay y Android Auto inal\u00e1mbricos.<br \/>\n<strong>Iluminaci\u00f3n ambiental LED en rejillas de ventilaci\u00f3n y tablero<\/strong>.<br \/>\n<strong>Sistema de audio Burmester de 17 bocinas<\/strong> con subwoofer frontal.<br \/>\n<strong>Asientos delanteros con masaje y ventilaci\u00f3n<\/strong> (opcional).<br \/>\n<strong>AMG Real Performance Sound<\/strong> que ajusta el sonido del escape.<\/p>\n<p><img loading=\"lazy\" decoding=\"async\" loading=\"lazy\" class=\"alignnone wp-image-1665 size-full\" src=\"https:\/\/puravelocidad.com\/wp-content\/uploads\/2025\/02\/029-2024-mercedes-amg-cle53-ezgif.com-avif-to-jpg-converter.jpg\" alt=\"\" width=\"1920\" height=\"1080\"><\/p>\n<p>Un detalle exclusivo del CLE53 es que, al sentarte, un <strong>brazo mec\u00e1nico extiende el cintur\u00f3n de seguridad<\/strong> para mayor comodidad. Peque\u00f1os toques como este elevan la experiencia de lujo sin comprometer el rendimiento deportivo.<\/p>\n<h2><strong>Eficiencia y Consumo de Combustible<\/strong><\/h2>\n<p>Si bien el <strong>CLE53 no es un veh\u00edculo pensado para el ahorro de combustible<\/strong>, su sistema h\u00edbrido de 48V ayuda a mantener un rendimiento razonable dentro de su segmento:<\/p>\n<p><strong>CLE53 Coup\u00e9<\/strong>: <strong>20\/28 mpg (ciudad\/carretera)<\/strong><br \/>\n<strong>CLE53 Cabriolet<\/strong>: Ligeramente menor debido al peso adicional.<\/p>\n<p>A modo de comparaci\u00f3n, el <strong>BMW M850i xDrive<\/strong> con su motor V8 turbo <strong>consume m\u00e1s combustible (17\/24 mpg)<\/strong> y tiene menor autonom\u00eda.<\/p>\n<p><img loading=\"lazy\" decoding=\"async\" loading=\"lazy\" class=\"alignnone wp-image-1666 size-full\" src=\"https:\/\/puravelocidad.com\/wp-content\/uploads\/2025\/02\/2024-mercedes-amg-cle53-coupe4-ezgif.com-avif-to-jpg-converter.jpg\" alt=\"\" width=\"1920\" height=\"1080\"><\/p>\n<h2><strong>Precios y Opciones<\/strong><\/h2>\n<p>El Mercedes-AMG CLE53 2025 tiene un precio base de <strong>$75,450<\/strong>, pero con opciones de personalizaci\u00f3n, puede superar f\u00e1cilmente los <strong>$88,500<\/strong>.<\/p>\n<p><strong>CLE53 Coup\u00e9<\/strong>: Desde <strong>$75,450<\/strong><br \/>\n<strong>CLE53 Cabriolet<\/strong>: Precio estimado desde <strong>$80,000<\/strong><\/p>\n<p>Algunas opciones destacadas incluyen:<\/p>\n<ul>\n<li><strong>Pintura Manufaktur Graphite Grey Magno<\/strong>: $3,250<\/li>\n<li><strong>Paquete AMG Night (detalles en negro)<\/strong>: $750<\/li>\n<li><strong>Llantas AMG de 20 pulgadas<\/strong>: $1,150<\/li>\n<li><strong>Paquete de asistencia al conductor<\/strong>: $1,950<\/li>\n<li><strong>Asientos de cuero Nappa<\/strong>: $2,590<\/li>\n<\/ul>\n<h2><strong>\u00bfVale la Pena el CLE53?<\/strong><\/h2>\n<p>El <strong>Mercedes-AMG CLE53 2025<\/strong> es un <strong>coup\u00e9 (y ahora convertible) de lujo con alma de deportivo<\/strong>, que combina <strong>elegancia, potencia y tecnolog\u00eda de vanguardia<\/strong>. Si bien su sistema h\u00edbrido es m\u00e1s un apoyo que una fuente de eficiencia significativa, el resultado final es un veh\u00edculo r\u00e1pido, \u00e1gil y con un car\u00e1cter refinado.<\/p>\n<p><img loading=\"lazy\" decoding=\"async\" loading=\"lazy\" class=\"alignnone wp-image-1667 size-full\" src=\"https:\/\/puravelocidad.com\/wp-content\/uploads\/2025\/02\/2024-mercedes-amg-cle53-coupe.jpg\" alt=\"\" width=\"1920\" height=\"1080\"><\/p>\n<p>Si buscas un <strong>dos puertas emocionante, c\u00f3modo y lleno de tecnolog\u00eda<\/strong>, el CLE53 es una <strong>opci\u00f3n superior<\/strong> frente a rivales como el Audi S5 o el BMW M850i. <strong>Y si prefieres una experiencia a\u00fan m\u00e1s exclusiva, el Cabriolet te permitir\u00e1 disfrutar de toda la emoci\u00f3n a cielo abierto<\/strong>.<\/p>\n<p><strong>R\u00e1pido, lujoso y con el sello AMG, el CLE53 es una joya moderna en el mundo de los coup\u00e9s deportivos<\/strong>.<\/p>\n<p>The post <a href=\"https:\/\/puravelocidad.com\/mercedes-amg-cle53-2025-combina-lujo-y-desempeno\/\">Mercedes-AMG CLE53 2025: Combina lujo y desempe\u00f1o<\/a> appeared first on <a href=\"https:\/\/puravelocidad.com\/\">Pura Velocidad<\/a>.<\/p>\n","protected":false},"excerpt":{"rendered":"<h1><img loading=\"lazy\" decoding=\"async\" loading=\"lazy\" class=\"alignnone wp-image-1658 size-full\" src=\"https:\/\/puravelocidad.com\/wp-content\/uploads\/2025\/02\/2024-mercedes-amg-cle53-coupe-ezgif.com-webp-to-jpg-converter.jpg\" alt=\"\" width=\"1920\" height=\"1080\"><\/h1>\n<p>El Mercedes-AMG CLE53 no es solo una evoluci\u00f3n dentro de la l\u00ednea CLE, sino una declaraci\u00f3n de lo que significa el <strong>rendimiento en un coup\u00e9 de lujo<\/strong>. Con su dise\u00f1o musculoso y elegante, su potente motor <strong>seis en l\u00ednea turboalimentado<\/strong> y un sistema h\u00edbrido de 48 voltios, este AMG est\u00e1 dise\u00f1ado para <strong>emocionar tanto en la pista como en la carretera<\/strong>.<\/p>\n<p>Si bien la versi\u00f3n coup\u00e9 ya hab\u00eda dejado huella en 2024, <strong>la gran novedad para 2025 es la llegada del CLE53 Cabriolet<\/strong>, una variante descapotable que promete la misma emoci\u00f3n de conducci\u00f3n con la <strong>experiencia \u00fanica de conducir a cielo abierto<\/strong>.<\/p>\n<p><img loading=\"lazy\" decoding=\"async\" loading=\"lazy\" class=\"alignnone wp-image-1659 size-full\" src=\"https:\/\/puravelocidad.com\/wp-content\/uploads\/2025\/02\/2024-mercedes-amg-cle53-coupe3-ezgif.com-avif-to-jpg-converter.jpg\" alt=\"\" width=\"1920\" height=\"1080\"><\/p>\n<h2><strong>Un Tren Motriz Potente y Tecnol\u00f3gicamente Avanzado<\/strong><\/h2>\n<p>Bajo el cap\u00f3, el CLE53 es impulsado por un <strong>motor de seis cilindros en l\u00ednea turboalimentado de 3.0 litros<\/strong>, que ahora entrega <strong>443 hp y 414 lb-pie de torque<\/strong> (con un overboost que lo lleva a <strong>443 lb-pie<\/strong> por momentos). Este motor es asistido por un <strong>sistema h\u00edbrido de 48V<\/strong>, lo que optimiza la entrega de potencia y la eficiencia sin comprometer el car\u00e1cter AMG.<\/p>\n<p>Toda esta energ\u00eda se canaliza a trav\u00e9s de una <strong>transmisi\u00f3n autom\u00e1tica de nueve velocidades<\/strong> y un <strong>sistema de tracci\u00f3n total con sesgo trasero<\/strong>, lo que le permite mantener una conducci\u00f3n deportiva sin sacrificar agarre en condiciones dif\u00edciles.<\/p>\n<p><img loading=\"lazy\" decoding=\"async\" loading=\"lazy\" class=\"alignnone wp-image-1660 size-full\" src=\"https:\/\/puravelocidad.com\/wp-content\/uploads\/2025\/02\/2024-mercedes-amg-cle53-coupe2-ezgif.com-avif-to-jpg-converter.jpg\" alt=\"\" width=\"1920\" height=\"1080\"><\/p>\n<p>El rendimiento es impresionante: <strong>de 0 a 60 mph en solo 3.6 segundos<\/strong> y un cuarto de milla en <strong>12.1 segundos a 113.8 mph<\/strong>. Su aceleraci\u00f3n es contundente y la transmisi\u00f3n, aunque en ciertos momentos se siente algo indecisa a velocidades elevadas, responde con cambios r\u00e1pidos y efectivos.<\/p>\n<h2><strong>Experiencia de Manejo: Din\u00e1mico y Preciso<\/strong><\/h2>\n<p><img loading=\"lazy\" decoding=\"async\" loading=\"lazy\" class=\"alignnone wp-image-1661 size-full\" src=\"https:\/\/puravelocidad.com\/wp-content\/uploads\/2025\/02\/2024-mercedes-amg-cle53-coupe1-ezgif.com-avif-to-jpg-converter.jpg\" alt=\"\" width=\"1920\" height=\"1080\"><\/p>\n<p>El CLE53 no es solo r\u00e1pido en l\u00ednea recta, tambi\u00e9n es <strong>\u00e1gil en curvas<\/strong>. Esto se debe a una combinaci\u00f3n de tecnolog\u00edas enfocadas en el manejo:<\/p>\n<p><img decoding=\"async\" src=\"https:\/\/s.w.org\/images\/core\/emoji\/15.0.3\/72x72\/2705.png\" alt=\"\u2705\" class=\"wp-smiley\"> <strong>Suspensi\u00f3n adaptativa AMG Ride Control<\/strong>: Permite ajustar la dureza de los amortiguadores seg\u00fan el modo de conducci\u00f3n, con opciones m\u00e1s agresivas en Sport y Sport+.<br \/>\n<img decoding=\"async\" src=\"https:\/\/s.w.org\/images\/core\/emoji\/15.0.3\/72x72\/2705.png\" alt=\"\u2705\" class=\"wp-smiley\"> <strong>Direcci\u00f3n en el eje trasero<\/strong>: Mejora la estabilidad en altas velocidades y reduce el radio de giro en curvas cerradas.<br \/>\n<img decoding=\"async\" src=\"https:\/\/s.w.org\/images\/core\/emoji\/15.0.3\/72x72\/2705.png\" alt=\"\u2705\" class=\"wp-smiley\"> <strong>Neum\u00e1ticos escalonados<\/strong>: Llantas traseras de <strong>295 mm de ancho<\/strong> (30 mm m\u00e1s anchas que las delanteras) para maximizar el agarre en tracci\u00f3n total.<\/p>\n<p>Durante nuestras pruebas, el CLE53 alcanz\u00f3 m\u00e1s de <strong>1.00 g en el skidpad<\/strong> y complet\u00f3 la vuelta en figura de ocho en <strong>24.0 segundos a 0.83 g<\/strong>. Comparado con el <strong>BMW M850i xDrive<\/strong>, el CLE53 logra un mejor desempe\u00f1o en curvas gracias a su menor peso y direcci\u00f3n trasera m\u00e1s reactiva.<\/p>\n<p>Sin embargo, despu\u00e9s de varias vueltas intensas, el AMG mostr\u00f3 <strong>cierto subviraje<\/strong>, posiblemente debido a su distribuci\u00f3n de peso con el motor delantero y el sesgo de tracci\u00f3n trasera.<\/p>\n<h2><strong>CLE53 Cabriolet: Desempe\u00f1o sin Techo<\/strong><\/h2>\n<p><img loading=\"lazy\" decoding=\"async\" loading=\"lazy\" class=\"alignnone wp-image-1662 size-full\" src=\"https:\/\/puravelocidad.com\/wp-content\/uploads\/2025\/02\/2025-mercedes-amg-cle53-cabriolet-102-6639475be0721-ezgif.com-avif-to-jpg-converter.jpg\" alt=\"\" width=\"980\" height=\"551\"><\/p>\n<p>Para 2025, la familia CLE53 se expande con la versi\u00f3n <strong>Cabriolet<\/strong>, que mantiene el mismo tren motriz del coup\u00e9 pero introduce un <strong>techo blando de m\u00faltiples capas<\/strong> que puede retraerse en <strong>20 segundos<\/strong>.<\/p>\n<p>Algunas diferencias clave del <strong>CLE53 Cabriolet<\/strong> incluyen:<\/p>\n<p><strong>Deflector de viento el\u00e9ctrico<\/strong>: Reduce la turbulencia con el techo abajo.<br \/>\n<strong>Calentadores de cuello en los asientos delanteros<\/strong>: Comodidad en climas fr\u00edos.<br \/>\n<strong>Pantalla t\u00e1ctil de 11.9 pulgadas inclinable<\/strong>: Reduce el reflejo del sol cuando el techo est\u00e1 abierto.<\/p>\n<p><img loading=\"lazy\" decoding=\"async\" loading=\"lazy\" class=\"alignnone wp-image-1663 size-full\" src=\"https:\/\/puravelocidad.com\/wp-content\/uploads\/2025\/02\/2025-mercedes-amg-cle53-cabriolet-101-6639475b97bb8-ezgif.com-avif-to-jpg-converter.jpg\" alt=\"\" width=\"1200\" height=\"677\"><\/p>\n<p>La suspensi\u00f3n del <strong>Cabriolet<\/strong> es ligeramente m\u00e1s suave para compensar la p\u00e9rdida de rigidez estructural del techo r\u00edgido, pero sigue contando con amortiguadores adaptativos y direcci\u00f3n en las ruedas traseras.<\/p>\n<h2><strong>Lujo y Tecnolog\u00eda de \u00daltima Generaci\u00f3n<\/strong><\/h2>\n<p><img loading=\"lazy\" decoding=\"async\" loading=\"lazy\" class=\"alignnone wp-image-1664 size-full\" src=\"https:\/\/puravelocidad.com\/wp-content\/uploads\/2025\/02\/003-2024-mercedes-amg-cle53-interior-dash-ezgif.com-webp-to-jpg-converter.jpg\" alt=\"\" width=\"1920\" height=\"1080\"><\/p>\n<p>Mercedes-AMG ha dotado al CLE53 con un interior de alta gama, repleto de tecnolog\u00eda y detalles de primer nivel:<\/p>\n<p><strong>Pantalla digital de 12.3 pulgadas para el conductor<\/strong> con Apple CarPlay y Android Auto inal\u00e1mbricos.<br \/>\n<strong>Iluminaci\u00f3n ambiental LED en rejillas de ventilaci\u00f3n y tablero<\/strong>.<br \/>\n<strong>Sistema de audio Burmester de 17 bocinas<\/strong> con subwoofer frontal.<br \/>\n<strong>Asientos delanteros con masaje y ventilaci\u00f3n<\/strong> (opcional).<br \/>\n<strong>AMG Real Performance Sound<\/strong> que ajusta el sonido del escape.<\/p>\n<p><img loading=\"lazy\" decoding=\"async\" loading=\"lazy\" class=\"alignnone wp-image-1665 size-full\" src=\"https:\/\/puravelocidad.com\/wp-content\/uploads\/2025\/02\/029-2024-mercedes-amg-cle53-ezgif.com-avif-to-jpg-converter.jpg\" alt=\"\" width=\"1920\" height=\"1080\"><\/p>\n<p>Un detalle exclusivo del CLE53 es que, al sentarte, un <strong>brazo mec\u00e1nico extiende el cintur\u00f3n de seguridad<\/strong> para mayor comodidad. Peque\u00f1os toques como este elevan la experiencia de lujo sin comprometer el rendimiento deportivo.<\/p>\n<h2><strong>Eficiencia y Consumo de Combustible<\/strong><\/h2>\n<p>Si bien el <strong>CLE53 no es un veh\u00edculo pensado para el ahorro de combustible<\/strong>, su sistema h\u00edbrido de 48V ayuda a mantener un rendimiento razonable dentro de su segmento:<\/p>\n<p><strong>CLE53 Coup\u00e9<\/strong>: <strong>20\/28 mpg (ciudad\/carretera)<\/strong><br \/>\n<strong>CLE53 Cabriolet<\/strong>: Ligeramente menor debido al peso adicional.<\/p>\n<p>A modo de comparaci\u00f3n, el <strong>BMW M850i xDrive<\/strong> con su motor V8 turbo <strong>consume m\u00e1s combustible (17\/24 mpg)<\/strong> y tiene menor autonom\u00eda.<\/p>\n<p><img loading=\"lazy\" decoding=\"async\" loading=\"lazy\" class=\"alignnone wp-image-1666 size-full\" src=\"https:\/\/puravelocidad.com\/wp-content\/uploads\/2025\/02\/2024-mercedes-amg-cle53-coupe4-ezgif.com-avif-to-jpg-converter.jpg\" alt=\"\" width=\"1920\" height=\"1080\"><\/p>\n<h2><strong>Precios y Opciones<\/strong><\/h2>\n<p>El Mercedes-AMG CLE53 2025 tiene un precio base de <strong>$75,450<\/strong>, pero con opciones de personalizaci\u00f3n, puede superar f\u00e1cilmente los <strong>$88,500<\/strong>.<\/p>\n<p><strong>CLE53 Coup\u00e9<\/strong>: Desde <strong>$75,450<\/strong><br \/>\n<strong>CLE53 Cabriolet<\/strong>: Precio estimado desde <strong>$80,000<\/strong><\/p>\n<p>Algunas opciones destacadas incluyen:<\/p>\n<ul>\n<li><strong>Pintura Manufaktur Graphite Grey Magno<\/strong>: $3,250<\/li>\n<li><strong>Paquete AMG Night (detalles en negro)<\/strong>: $750<\/li>\n<li><strong>Llantas AMG de 20 pulgadas<\/strong>: $1,150<\/li>\n<li><strong>Paquete de asistencia al conductor<\/strong>: $1,950<\/li>\n<li><strong>Asientos de cuero Nappa<\/strong>: $2,590<\/li>\n<\/ul>\n<h2><strong>\u00bfVale la Pena el CLE53?<\/strong><\/h2>\n<p>El <strong>Mercedes-AMG CLE53 2025<\/strong> es un <strong>coup\u00e9 (y ahora convertible) de lujo con alma de deportivo<\/strong>, que combina <strong>elegancia, potencia y tecnolog\u00eda de vanguardia<\/strong>. Si bien su sistema h\u00edbrido es m\u00e1s un apoyo que una fuente de eficiencia significativa, el resultado final es un veh\u00edculo r\u00e1pido, \u00e1gil y con un car\u00e1cter refinado.<\/p>\n<p><img loading=\"lazy\" decoding=\"async\" loading=\"lazy\" class=\"alignnone wp-image-1667 size-full\" src=\"https:\/\/puravelocidad.com\/wp-content\/uploads\/2025\/02\/2024-mercedes-amg-cle53-coupe.jpg\" alt=\"\" width=\"1920\" height=\"1080\"><\/p>\n<p>Si buscas un <strong>dos puertas emocionante, c\u00f3modo y lleno de tecnolog\u00eda<\/strong>, el CLE53 es una <strong>opci\u00f3n superior<\/strong> frente a rivales como el Audi S5 o el BMW M850i. <strong>Y si prefieres una experiencia a\u00fan m\u00e1s exclusiva, el Cabriolet te permitir\u00e1 disfrutar de toda la emoci\u00f3n a cielo abierto<\/strong>.<\/p>\n<p><strong>R\u00e1pido, lujoso y con el sello AMG, el CLE53 es una joya moderna en el mundo de los coup\u00e9s deportivos<\/strong>.<\/p>\n<p>The post <a href=\"https:\/\/puravelocidad.com\/mercedes-amg-cle53-2025-combina-lujo-y-desempeno\/\">Mercedes-AMG CLE53 2025: Combina lujo y desempe\u00f1o<\/a> appeared first on <a href=\"https:\/\/puravelocidad.com\/\">Pura Velocidad<\/a>.<\/p>\n","protected":false},"author":1,"featured_media":2079,"comment_status":"open","ping_status":"open","sticky":false,"template":"","format":"standard","meta":{"footnotes":""},"categories":[10,6],"tags":[],"class_list":["post-2078","post","type-post","status-publish","format-standard","has-post-thumbnail","hentry","category-auto-syndication","category-prueba-puravelocidad"],"cmb2":{"poster_feature_image":{"vid_m_player_background":"","vid_m_poster_image":"","vid_m_poster_image_id":""},"gif_feature_image":{"vid_m_gif_image":"","vid_m_gif_image_id":""},"video_movie_settings":{"vid_m_director":"","vid_m_actor":"","vid_m_imdb_ratings":"","vid_m_amazon_associates":"","vid_m_vid_tmdb_movie":"","vid_m_vid_tmdb_tv_shows":"","vid_m_vid_tmdb_thumb":""},"vid_ads_m_videoads_settings_post":{"vid_ads_m_video_ads":"","vid_ads_m_video_ads_type":"","vid_ads_m_group_google_ima":"","vid_ads_m_group_image":"","vid_ads_m_group_html5_video":"","vid_ads_m_group_html":"","vid_ads_m_vpaid_mode":"","vid_ads_m_vast_preroll":"","vid_ads_m_vast_postroll":"","vid_ads_m_vast_pauseroll":"","vid_ads_m_vast_midroll":"","vid_ads_m_group_dynamic":"","vid_ads_m_time_to_show_ads":"","vid_ads_m_time_skip_ads":"","vid_ads_m_time_to_hide_ads":""},"feature_image_settings":{"feature_image_position":""},"video_player_settings":{"single_video_style":"","video_player_position":"","vm_video_url_btn_choose":"","vm_video_url_btn_choose_id":"","vm_video_url":"","vm_video_ratio":"","vm_video_ratio_mobile":"","video_player_library":"","plyr_player":"","video_streaming":"","vm_video_shortcode":"","vm_video_timelapse":"","vm_media_subtitles":"","vm_media_sources":"","vid_vtt_preview":"","vid_vtt_preview_vtt_file":"","vid_vtt_preview_vtt_file_id":"","vid_vtt_preview_sprite_image":"","vid_vtt_preview_sprite_image_id":"","vid_auto_play":"","vid_preview_mode":"","vm_video_trailer_manl_url":"","vm_screenshot_preview":"","vid_tags":"","vid_p_sync_playlist":"","vid_c_sync_channel":"","get_post_format":"","multiple_links_structure":"","multi_links_title":"","original_video_title":"","multi_links_series":"","vm_video_multi_links":"","vm_duration":"","vid_social_locker":"","vid_locker_mode":"","vid_social_locker_id":"","vid_social_email_locker_id":"","vid_social_signin_locker_id":"","sv_login_to_watch":"","vid_membership_action":"","vm_video_trailer_url":"","vid_download_type":"","vid_download_target":"","vid_woo_product":"","vid_download_mode":"","vid_download_mode_trailer":"","vm_media_download":"","user_rating":"","user_rating_position":"","user_rating_mode":"","user_rating_multi_sets":"","ads_above_single_player":""},"video_auto_fetch_settings":{"vm_video_fetch":""},"video_fake_views_likes":{"vm_fake_views":"","vm_fake_likes":"","vm_fake_dislikes":""},"gallery_settings":{"gallery_position":""},"quote_settings":{"quote_position":""},"post_options":{"main_layout":"","main_logo":"","main_logo_id":"","main_logo_retina":"","main_logo_retina_id":"","main_logo_mobile":"","main_logo_mobile_id":"","main_logo_mobile_retina":"","main_logo_mobile_retina_id":"","sticky_logo":"","sticky_logo_id":"","sticky_logo_retina":"","sticky_logo_retina_id":"","main_nav_layout":"","header_background":"","theme_sidebar":"","single_post_comment_type":"","theme_background":""}},"rttpg_featured_image_url":{"full":["https:\/\/tutarotero.com\/tv\/wp-content\/uploads\/2025\/02\/2024-mercedes-amg-cle53-coupe-ezgif.com-webp-to-jpg-converter-VB4oOV.jpeg",1920,1080,false],"landscape":["https:\/\/tutarotero.com\/tv\/wp-content\/uploads\/2025\/02\/2024-mercedes-amg-cle53-coupe-ezgif.com-webp-to-jpg-converter-VB4oOV.jpeg",1920,1080,false],"portraits":["https:\/\/tutarotero.com\/tv\/wp-content\/uploads\/2025\/02\/2024-mercedes-amg-cle53-coupe-ezgif.com-webp-to-jpg-converter-VB4oOV.jpeg",1920,1080,false],"thumbnail":["https:\/\/tutarotero.com\/tv\/wp-content\/uploads\/2025\/02\/2024-mercedes-amg-cle53-coupe-ezgif.com-webp-to-jpg-converter-VB4oOV-150x150.jpeg",150,150,true],"medium":["https:\/\/tutarotero.com\/tv\/wp-content\/uploads\/2025\/02\/2024-mercedes-amg-cle53-coupe-ezgif.com-webp-to-jpg-converter-VB4oOV-300x169.jpeg",300,169,true],"large":["https:\/\/tutarotero.com\/tv\/wp-content\/uploads\/2025\/02\/2024-mercedes-amg-cle53-coupe-ezgif.com-webp-to-jpg-converter-VB4oOV-1024x576.jpeg",640,360,true],"1536x1536":["https:\/\/tutarotero.com\/tv\/wp-content\/uploads\/2025\/02\/2024-mercedes-amg-cle53-coupe-ezgif.com-webp-to-jpg-converter-VB4oOV-1536x864.jpeg",1536,864,true],"2048x2048":["https:\/\/tutarotero.com\/tv\/wp-content\/uploads\/2025\/02\/2024-mercedes-amg-cle53-coupe-ezgif.com-webp-to-jpg-converter-VB4oOV.jpeg",1920,1080,false],"vidorev_thumb_1x1_0x":["https:\/\/tutarotero.com\/tv\/wp-content\/uploads\/2025\/02\/2024-mercedes-amg-cle53-coupe-ezgif.com-webp-to-jpg-converter-VB4oOV-60x60.jpeg",60,60,true],"vidorev_thumb_1x1_1x":["https:\/\/tutarotero.com\/tv\/wp-content\/uploads\/2025\/02\/2024-mercedes-amg-cle53-coupe-ezgif.com-webp-to-jpg-converter-VB4oOV-100x100.jpeg",100,100,true],"vidorev_thumb_1x1_2x":["https:\/\/tutarotero.com\/tv\/wp-content\/uploads\/2025\/02\/2024-mercedes-amg-cle53-coupe-ezgif.com-webp-to-jpg-converter-VB4oOV-200x200.jpeg",200,200,true],"vidorev_thumb_1x1_3x":["https:\/\/tutarotero.com\/tv\/wp-content\/uploads\/2025\/02\/2024-mercedes-amg-cle53-coupe-ezgif.com-webp-to-jpg-converter-VB4oOV-268x268.jpeg",268,268,true],"vidorev_thumb_2point7x1_1x":["https:\/\/tutarotero.com\/tv\/wp-content\/uploads\/2025\/02\/2024-mercedes-amg-cle53-coupe-ezgif.com-webp-to-jpg-converter-VB4oOV-346x130.jpeg",346,130,true],"vidorev_thumb_2point7x1_2x":["https:\/\/tutarotero.com\/tv\/wp-content\/uploads\/2025\/02\/2024-mercedes-amg-cle53-coupe-ezgif.com-webp-to-jpg-converter-VB4oOV-568x213.jpeg",568,213,true],"vidorev_thumb_2point7x1_3x":["https:\/\/tutarotero.com\/tv\/wp-content\/uploads\/2025\/02\/2024-mercedes-amg-cle53-coupe-ezgif.com-webp-to-jpg-converter-VB4oOV-1136x426.jpeg",1136,426,true],"vidorev_thumb_4x3_0point5x":["https:\/\/tutarotero.com\/tv\/wp-content\/uploads\/2025\/02\/2024-mercedes-amg-cle53-coupe-ezgif.com-webp-to-jpg-converter-VB4oOV-282x212.jpeg",282,212,true],"vidorev_thumb_4x3_1point5x":["https:\/\/tutarotero.com\/tv\/wp-content\/uploads\/2025\/02\/2024-mercedes-amg-cle53-coupe-ezgif.com-webp-to-jpg-converter-VB4oOV-568x426.jpeg",568,426,true],"vidorev_thumb_2x3_0point3x":["https:\/\/tutarotero.com\/tv\/wp-content\/uploads\/2025\/02\/2024-mercedes-amg-cle53-coupe-ezgif.com-webp-to-jpg-converter-VB4oOV-60x90.jpeg",60,90,true],"vidorev_thumb_16x9_0x":["https:\/\/tutarotero.com\/tv\/wp-content\/uploads\/2025\/02\/2024-mercedes-amg-cle53-coupe-ezgif.com-webp-to-jpg-converter-VB4oOV-236x133.jpeg",236,133,true],"vidorev_thumb_16x9_1x":["https:\/\/tutarotero.com\/tv\/wp-content\/uploads\/2025\/02\/2024-mercedes-amg-cle53-coupe-ezgif.com-webp-to-jpg-converter-VB4oOV-360x203.jpeg",360,203,true],"vidorev_thumb_16x9_2x":["https:\/\/tutarotero.com\/tv\/wp-content\/uploads\/2025\/02\/2024-mercedes-amg-cle53-coupe-ezgif.com-webp-to-jpg-converter-VB4oOV-750x422.jpeg",750,422,true],"vidorev_thumb_16x9_3x":["https:\/\/tutarotero.com\/tv\/wp-content\/uploads\/2025\/02\/2024-mercedes-amg-cle53-coupe-ezgif.com-webp-to-jpg-converter-VB4oOV-1500x844.jpeg",1500,844,true],"vidorev_thumb_4x3_1x":["https:\/\/tutarotero.com\/tv\/wp-content\/uploads\/2025\/02\/2024-mercedes-amg-cle53-coupe-ezgif.com-webp-to-jpg-converter-VB4oOV-360x270.jpeg",360,270,true],"vidorev_thumb_4x3_2x":["https:\/\/tutarotero.com\/tv\/wp-content\/uploads\/2025\/02\/2024-mercedes-amg-cle53-coupe-ezgif.com-webp-to-jpg-converter-VB4oOV-720x540.jpeg",720,540,true],"vidorev_thumb_4x3_3x":["https:\/\/tutarotero.com\/tv\/wp-content\/uploads\/2025\/02\/2024-mercedes-amg-cle53-coupe-ezgif.com-webp-to-jpg-converter-VB4oOV-1200x900.jpeg",1200,900,true],"vidorev_thumb_2x3_0x":["https:\/\/tutarotero.com\/tv\/wp-content\/uploads\/2025\/02\/2024-mercedes-amg-cle53-coupe-ezgif.com-webp-to-jpg-converter-VB4oOV-165x248.jpeg",165,248,true],"vidorev_thumb_2x3_1x":["https:\/\/tutarotero.com\/tv\/wp-content\/uploads\/2025\/02\/2024-mercedes-amg-cle53-coupe-ezgif.com-webp-to-jpg-converter-VB4oOV-360x540.jpeg",360,540,true],"vidorev_thumb_2x3_2x":["https:\/\/tutarotero.com\/tv\/wp-content\/uploads\/2025\/02\/2024-mercedes-amg-cle53-coupe-ezgif.com-webp-to-jpg-converter-VB4oOV-600x900.jpeg",600,900,true]},"rttpg_author":{"display_name":"tvtarotero","author_link":"https:\/\/tutarotero.com\/tv\/?author=1"},"rttpg_comment":0,"rttpg_category":"<a href=\"https:\/\/tutarotero.com\/tv\/?cat=10\" rel=\"category\">Autos<\/a> <a href=\"https:\/\/tutarotero.com\/tv\/?cat=6\" rel=\"category\">Pruebas<\/a>","rttpg_excerpt":"El Mercedes-AMG CLE53 no es solo una evoluci\u00f3n dentro de la l\u00ednea CLE, sino una declaraci\u00f3n de lo que significa el rendimiento en un coup\u00e9 de lujo. Con su dise\u00f1o musculoso y elegante, su potente motor seis en l\u00ednea turboalimentado y un sistema h\u00edbrido de 48 voltios, este AMG est\u00e1 dise\u00f1ado para emocionar tanto en&hellip;","_links":{"self":[{"href":"https:\/\/tutarotero.com\/tv\/index.php?rest_route=\/wp\/v2\/posts\/2078","targetHints":{"allow":["GET"]}}],"collection":[{"href":"https:\/\/tutarotero.com\/tv\/index.php?rest_route=\/wp\/v2\/posts"}],"about":[{"href":"https:\/\/tutarotero.com\/tv\/index.php?rest_route=\/wp\/v2\/types\/post"}],"author":[{"embeddable":true,"href":"https:\/\/tutarotero.com\/tv\/index.php?rest_route=\/wp\/v2\/users\/1"}],"replies":[{"embeddable":true,"href":"https:\/\/tutarotero.com\/tv\/index.php?rest_route=%2Fwp%2Fv2%2Fcomments&post=2078"}],"version-history":[{"count":1,"href":"https:\/\/tutarotero.com\/tv\/index.php?rest_route=\/wp\/v2\/posts\/2078\/revisions"}],"predecessor-version":[{"id":2122,"href":"https:\/\/tutarotero.com\/tv\/index.php?rest_route=\/wp\/v2\/posts\/2078\/revisions\/2122"}],"wp:featuredmedia":[{"embeddable":true,"href":"https:\/\/tutarotero.com\/tv\/index.php?rest_route=\/wp\/v2\/media\/2079"}],"wp:attachment":[{"href":"https:\/\/tutarotero.com\/tv\/index.php?rest_route=%2Fwp%2Fv2%2Fmedia&parent=2078"}],"wp:term":[{"taxonomy":"category","embeddable":true,"href":"https:\/\/tutarotero.com\/tv\/index.php?rest_route=%2Fwp%2Fv2%2Fcategories&post=2078"},{"taxonomy":"post_tag","embeddable":true,"href":"https:\/\/tutarotero.com\/tv\/index.php?rest_route=%2Fwp%2Fv2%2Ftags&post=2078"}],"curies":[{"name":"wp","href":"https:\/\/api.w.org\/{rel}","templated":true}]}}