{"id":2260,"date":"2025-03-25T14:08:49","date_gmt":"2025-03-25T14:08:49","guid":{"rendered":"https:\/\/tutarotero.com\/tv\/?p=2260"},"modified":"2025-03-25T14:08:49","modified_gmt":"2025-03-25T14:08:49","slug":"honda-y-toyota-una-alianza-inesperada-para-evadir-los-aranceles","status":"publish","type":"post","link":"https:\/\/tutarotero.com\/tv\/?p=2260","title":{"rendered":"Honda y Toyota: Una alianza inesperada para evadir los aranceles"},"content":{"rendered":"<h1 class=\"\" data-start=\"169\" data-end=\"256\">En pro de evitar aumentos significativos en los precios finales de los autos.<\/h1>\n<p class=\"\" data-start=\"258\" data-end=\"621\">En un giro sorpresivo que rompe con d\u00e9cadas de feroz competencia, <strong data-start=\"324\" data-end=\"366\">Honda ha sellado un acuerdo con Toyota<\/strong> para abastecerse de bater\u00edas h\u00edbridas fabricadas en Estados Unidos. Esta alianza estrat\u00e9gica no nace de la simpat\u00eda, sino de la necesidad: <strong data-start=\"506\" data-end=\"570\">evadir los crecientes aranceles impuestos por Estados Unidos<\/strong> a las importaciones provenientes de China y Jap\u00f3n.<\/p>\n<p class=\"\" data-start=\"146\" data-end=\"637\">No pretendemos aqu\u00ed debatir si los aranceles impulsados por la administraci\u00f3n Trump son buenos o malos. Pero si nos remitimos a la historia econ\u00f3mica, <strong data-start=\"297\" data-end=\"407\">los pa\u00edses que han adoptado pol\u00edticas proteccionistas a largo plazo suelen terminar pagando un precio alto<\/strong>. Recuerdo claramente a uno de mis profesores en la universidad: era un f\u00e9rreo opositor de este tipo de medidas. Su argumento era simple: cuando cierras tu econom\u00eda, pierdes eficiencia, competitividad y, a la larga, oportunidades.<\/p>\n<p class=\"\" data-start=\"639\" data-end=\"1015\">Dicho eso, parece que el objetivo detr\u00e1s de esta pol\u00edtica es claro: <strong data-start=\"707\" data-end=\"810\">forzar a las grandes automotrices a invertir miles de millones en nuevas f\u00e1bricas dentro de EE. UU.<\/strong>. Pero ah\u00ed es donde surgen las preguntas inc\u00f3modas: \u00bfrealmente est\u00e1n dispuestas las marcas globales a dar ese paso? \u00bfCu\u00e1nto tiempo tomar\u00eda construir desde cero toda esa infraestructura de producci\u00f3n local?<\/p>\n<h2 class=\"\" data-start=\"623\" data-end=\"667\">Bater\u00edas made in USA: el as bajo la manga<\/h2>\n<p class=\"\" data-start=\"669\" data-end=\"1086\">A partir de abril de 2025, <strong data-start=\"696\" data-end=\"750\">Honda comprar\u00e1 400,000 paquetes de bater\u00edas al a\u00f1o<\/strong> de la nueva planta de Toyota ubicada en Carolina del Norte. Esta instalaci\u00f3n, valorada en <strong data-start=\"841\" data-end=\"871\">14,000 millones de d\u00f3lares<\/strong>, no solo representa una de las inversiones m\u00e1s ambiciosas de Toyota en el pa\u00eds, sino que se posiciona como un recurso vital para fabricantes que buscan sortear los obst\u00e1culos arancelarios sin perder competitividad.<\/p>\n<p class=\"\" data-start=\"1088\" data-end=\"1423\">Mientras el gobierno estadounidense intensifica su pol\u00edtica proteccionista \u2014con un arancel del 10% ya vigente sobre importaciones chinas y un posible salto del 2.5% al 25% sobre veh\u00edculos fabricados en Jap\u00f3n\u2014, <strong data-start=\"1298\" data-end=\"1338\">Honda opta por una jugada pragm\u00e1tica<\/strong>: asegurar producci\u00f3n local de un componente clave como lo son las bater\u00edas h\u00edbridas.<\/p>\n<h2 class=\"\" data-start=\"1425\" data-end=\"1462\">Rivales en pausa por supervivencia<\/h2>\n<p class=\"\" data-start=\"1464\" data-end=\"1731\">Durante d\u00e9cadas, Toyota y Honda han librado una batalla encarnizada por el liderazgo en el mercado de autos h\u00edbridos. Pero las reglas del juego han cambiado. Hoy, mantener m\u00e1rgenes saludables y precios competitivos es m\u00e1s urgente que alimentar rivalidades hist\u00f3ricas.<\/p>\n<p class=\"\" data-start=\"1733\" data-end=\"2089\"><strong data-start=\"1733\" data-end=\"1792\">Honda vendi\u00f3 m\u00e1s de 308,000 h\u00edbridos en EE. UU. en 2023<\/strong>, y con planes de expandir esa cifra, necesitaba garantizar un suministro robusto, estable y sin cargas impositivas adicionales. El acuerdo con Toyota no solo resuelve eso, sino que <strong data-start=\"1974\" data-end=\"2046\">le permite mantener su impulso h\u00edbrido sin interrupciones log\u00edsticas<\/strong> ni escaladas de precio para el consumidor.<\/p>\n<p class=\"\" data-start=\"2091\" data-end=\"2314\">Por su parte, Toyota encuentra en Honda un cliente que <strong data-start=\"2146\" data-end=\"2212\">justifica su multimillonaria inversi\u00f3n en suelo estadounidense<\/strong>, convirtiendo a su planta en Carolina del Norte en un pilar para su futuro y el de otros fabricantes.<\/p>\n<h2 class=\"\" data-start=\"2316\" data-end=\"2354\">\u00bfQu\u00e9 modelos Honda se beneficiar\u00e1n?<\/h2>\n<p class=\"\" data-start=\"2356\" data-end=\"2667\">Aunque a\u00fan no hay confirmaci\u00f3n oficial de los modelos que recibir\u00e1n estas bater\u00edas, el <strong data-start=\"2443\" data-end=\"2459\">CR-V H\u00edbrido<\/strong> aparece como uno de los candidatos m\u00e1s probables. Es uno de los pilares del portafolio electrificado de Honda, y asegurar su producci\u00f3n libre de aranceles es clave para mantener su ritmo de ventas en EE. UU.<\/p>\n<figure aria-describedby=\"caption-attachment-1579\" class=\"wp-caption alignnone\"><img fetchpriority=\"high\" decoding=\"async\" class=\"wp-image-1579 size-full\" src=\"https:\/\/puravelocidad.com\/wp-content\/uploads\/2025\/01\/2025_honda_cr-v_4dr-suv_sport-touring-hybrid_fq_oem_2_1280x855-ezgif.com-avif-to-jpg-converter.jpg\" alt=\"\" width=\"1280\" height=\"855\"><figcaption class=\"wp-caption-text\">2025 Honda CRV Sport Hibrida<\/figcaption><\/figure>\n<p class=\"\" data-start=\"2669\" data-end=\"2885\">Este movimiento no implica una alianza tecnol\u00f3gica ni de desarrollo conjunto. <strong data-start=\"2747\" data-end=\"2784\">No hay reciprocidad en el acuerdo<\/strong>: Honda simplemente comprar\u00e1 bater\u00edas a Toyota, sin intercambio de tecnolog\u00eda ni colaboraci\u00f3n en I+D.<\/p>\n<h2 class=\"\" data-start=\"2887\" data-end=\"2919\">Una tendencia que se extiende<\/h2>\n<p class=\"\" data-start=\"2921\" data-end=\"3306\">El caso de Honda y Toyota no es aislado. <strong data-start=\"2962\" data-end=\"2986\">Volkswagen y Porsche<\/strong> ya est\u00e1n considerando fabricar veh\u00edculos en EE. UU. para evitar aranceles. <strong data-start=\"3062\" data-end=\"3071\">Volvo<\/strong>, por su parte, pospuso el lanzamiento del EX30 en Am\u00e9rica del Norte debido a un arancel del 100% sobre autos el\u00e9ctricos chinos. <strong data-start=\"3200\" data-end=\"3219\">GM y Stellantis<\/strong> tambi\u00e9n han ajustado operaciones en Canad\u00e1 y M\u00e9xico ante la incertidumbre regulatoria.<\/p>\n<p class=\"\" data-start=\"3308\" data-end=\"3547\">Esta tendencia marca un cambio profundo en la industria: <strong data-start=\"3365\" data-end=\"3481\">la localizaci\u00f3n de la producci\u00f3n ya no es solo una ventaja log\u00edstica o de costos, sino una necesidad estrat\u00e9gica<\/strong> para sobrevivir en un entorno de pol\u00edticas comerciales vol\u00e1tiles.<\/p>\n<h2 class=\"\" data-start=\"3549\" data-end=\"3585\">Un futuro de alianzas inesperadas<\/h2>\n<p class=\"\" data-start=\"3587\" data-end=\"3948\">Lo que antes parec\u00eda impensable \u2014que dos titanes japoneses del autom\u00f3vil como Honda y Toyota colaboraran\u2014, hoy es una respuesta pragm\u00e1tica a un contexto cada vez m\u00e1s desafiante. A medida que los gobiernos redibujan el mapa comercial global, <strong data-start=\"3828\" data-end=\"3877\">es probable que veamos m\u00e1s alianzas inusuales<\/strong>, donde la necesidad de adaptarse supera cualquier orgullo corporativo.<\/p>\n<p class=\"\" data-start=\"3950\" data-end=\"4174\">En esta nueva era de electrificaci\u00f3n y proteccionismo, <strong data-start=\"4005\" data-end=\"4062\">la agilidad para reconfigurar la cadena de suministro<\/strong> ser\u00e1 tan importante como la innovaci\u00f3n tecnol\u00f3gica. Honda y Toyota lo entienden, y ya est\u00e1n trazando el camino.<\/p>\n<p>The post <a href=\"https:\/\/puravelocidad.com\/honda-y-toyota-una-alianza-inesperada-para-evadir-los-aranceles\/\">Honda y Toyota: Una alianza inesperada para evadir los aranceles<\/a> appeared first on <a href=\"https:\/\/puravelocidad.com\/\">Pura Velocidad<\/a>.<\/p>\n","protected":false},"excerpt":{"rendered":"<h1 class=\"\" data-start=\"169\" data-end=\"256\">En pro de evitar aumentos significativos en los precios finales de los autos.<\/h1>\n<p class=\"\" data-start=\"258\" data-end=\"621\">En un giro sorpresivo que rompe con d\u00e9cadas de feroz competencia, <strong data-start=\"324\" data-end=\"366\">Honda ha sellado un acuerdo con Toyota<\/strong> para abastecerse de bater\u00edas h\u00edbridas fabricadas en Estados Unidos. Esta alianza estrat\u00e9gica no nace de la simpat\u00eda, sino de la necesidad: <strong data-start=\"506\" data-end=\"570\">evadir los crecientes aranceles impuestos por Estados Unidos<\/strong> a las importaciones provenientes de China y Jap\u00f3n.<\/p>\n<p class=\"\" data-start=\"146\" data-end=\"637\">No pretendemos aqu\u00ed debatir si los aranceles impulsados por la administraci\u00f3n Trump son buenos o malos. Pero si nos remitimos a la historia econ\u00f3mica, <strong data-start=\"297\" data-end=\"407\">los pa\u00edses que han adoptado pol\u00edticas proteccionistas a largo plazo suelen terminar pagando un precio alto<\/strong>. Recuerdo claramente a uno de mis profesores en la universidad: era un f\u00e9rreo opositor de este tipo de medidas. Su argumento era simple: cuando cierras tu econom\u00eda, pierdes eficiencia, competitividad y, a la larga, oportunidades.<\/p>\n<p class=\"\" data-start=\"639\" data-end=\"1015\">Dicho eso, parece que el objetivo detr\u00e1s de esta pol\u00edtica es claro: <strong data-start=\"707\" data-end=\"810\">forzar a las grandes automotrices a invertir miles de millones en nuevas f\u00e1bricas dentro de EE. UU.<\/strong>. Pero ah\u00ed es donde surgen las preguntas inc\u00f3modas: \u00bfrealmente est\u00e1n dispuestas las marcas globales a dar ese paso? \u00bfCu\u00e1nto tiempo tomar\u00eda construir desde cero toda esa infraestructura de producci\u00f3n local?<\/p>\n<h2 class=\"\" data-start=\"623\" data-end=\"667\">Bater\u00edas made in USA: el as bajo la manga<\/h2>\n<p class=\"\" data-start=\"669\" data-end=\"1086\">A partir de abril de 2025, <strong data-start=\"696\" data-end=\"750\">Honda comprar\u00e1 400,000 paquetes de bater\u00edas al a\u00f1o<\/strong> de la nueva planta de Toyota ubicada en Carolina del Norte. Esta instalaci\u00f3n, valorada en <strong data-start=\"841\" data-end=\"871\">14,000 millones de d\u00f3lares<\/strong>, no solo representa una de las inversiones m\u00e1s ambiciosas de Toyota en el pa\u00eds, sino que se posiciona como un recurso vital para fabricantes que buscan sortear los obst\u00e1culos arancelarios sin perder competitividad.<\/p>\n<p class=\"\" data-start=\"1088\" data-end=\"1423\">Mientras el gobierno estadounidense intensifica su pol\u00edtica proteccionista \u2014con un arancel del 10% ya vigente sobre importaciones chinas y un posible salto del 2.5% al 25% sobre veh\u00edculos fabricados en Jap\u00f3n\u2014, <strong data-start=\"1298\" data-end=\"1338\">Honda opta por una jugada pragm\u00e1tica<\/strong>: asegurar producci\u00f3n local de un componente clave como lo son las bater\u00edas h\u00edbridas.<\/p>\n<h2 class=\"\" data-start=\"1425\" data-end=\"1462\">Rivales en pausa por supervivencia<\/h2>\n<p class=\"\" data-start=\"1464\" data-end=\"1731\">Durante d\u00e9cadas, Toyota y Honda han librado una batalla encarnizada por el liderazgo en el mercado de autos h\u00edbridos. Pero las reglas del juego han cambiado. Hoy, mantener m\u00e1rgenes saludables y precios competitivos es m\u00e1s urgente que alimentar rivalidades hist\u00f3ricas.<\/p>\n<p class=\"\" data-start=\"1733\" data-end=\"2089\"><strong data-start=\"1733\" data-end=\"1792\">Honda vendi\u00f3 m\u00e1s de 308,000 h\u00edbridos en EE. UU. en 2023<\/strong>, y con planes de expandir esa cifra, necesitaba garantizar un suministro robusto, estable y sin cargas impositivas adicionales. El acuerdo con Toyota no solo resuelve eso, sino que <strong data-start=\"1974\" data-end=\"2046\">le permite mantener su impulso h\u00edbrido sin interrupciones log\u00edsticas<\/strong> ni escaladas de precio para el consumidor.<\/p>\n<p class=\"\" data-start=\"2091\" data-end=\"2314\">Por su parte, Toyota encuentra en Honda un cliente que <strong data-start=\"2146\" data-end=\"2212\">justifica su multimillonaria inversi\u00f3n en suelo estadounidense<\/strong>, convirtiendo a su planta en Carolina del Norte en un pilar para su futuro y el de otros fabricantes.<\/p>\n<h2 class=\"\" data-start=\"2316\" data-end=\"2354\">\u00bfQu\u00e9 modelos Honda se beneficiar\u00e1n?<\/h2>\n<p class=\"\" data-start=\"2356\" data-end=\"2667\">Aunque a\u00fan no hay confirmaci\u00f3n oficial de los modelos que recibir\u00e1n estas bater\u00edas, el <strong data-start=\"2443\" data-end=\"2459\">CR-V H\u00edbrido<\/strong> aparece como uno de los candidatos m\u00e1s probables. Es uno de los pilares del portafolio electrificado de Honda, y asegurar su producci\u00f3n libre de aranceles es clave para mantener su ritmo de ventas en EE. UU.<\/p>\n<figure aria-describedby=\"caption-attachment-1579\" class=\"wp-caption alignnone\"><img fetchpriority=\"high\" decoding=\"async\" class=\"wp-image-1579 size-full\" src=\"https:\/\/puravelocidad.com\/wp-content\/uploads\/2025\/01\/2025_honda_cr-v_4dr-suv_sport-touring-hybrid_fq_oem_2_1280x855-ezgif.com-avif-to-jpg-converter.jpg\" alt=\"\" width=\"1280\" height=\"855\"><figcaption class=\"wp-caption-text\">2025 Honda CRV Sport Hibrida<\/figcaption><\/figure>\n<p class=\"\" data-start=\"2669\" data-end=\"2885\">Este movimiento no implica una alianza tecnol\u00f3gica ni de desarrollo conjunto. <strong data-start=\"2747\" data-end=\"2784\">No hay reciprocidad en el acuerdo<\/strong>: Honda simplemente comprar\u00e1 bater\u00edas a Toyota, sin intercambio de tecnolog\u00eda ni colaboraci\u00f3n en I+D.<\/p>\n<h2 class=\"\" data-start=\"2887\" data-end=\"2919\">Una tendencia que se extiende<\/h2>\n<p class=\"\" data-start=\"2921\" data-end=\"3306\">El caso de Honda y Toyota no es aislado. <strong data-start=\"2962\" data-end=\"2986\">Volkswagen y Porsche<\/strong> ya est\u00e1n considerando fabricar veh\u00edculos en EE. UU. para evitar aranceles. <strong data-start=\"3062\" data-end=\"3071\">Volvo<\/strong>, por su parte, pospuso el lanzamiento del EX30 en Am\u00e9rica del Norte debido a un arancel del 100% sobre autos el\u00e9ctricos chinos. <strong data-start=\"3200\" data-end=\"3219\">GM y Stellantis<\/strong> tambi\u00e9n han ajustado operaciones en Canad\u00e1 y M\u00e9xico ante la incertidumbre regulatoria.<\/p>\n<p class=\"\" data-start=\"3308\" data-end=\"3547\">Esta tendencia marca un cambio profundo en la industria: <strong data-start=\"3365\" data-end=\"3481\">la localizaci\u00f3n de la producci\u00f3n ya no es solo una ventaja log\u00edstica o de costos, sino una necesidad estrat\u00e9gica<\/strong> para sobrevivir en un entorno de pol\u00edticas comerciales vol\u00e1tiles.<\/p>\n<h2 class=\"\" data-start=\"3549\" data-end=\"3585\">Un futuro de alianzas inesperadas<\/h2>\n<p class=\"\" data-start=\"3587\" data-end=\"3948\">Lo que antes parec\u00eda impensable \u2014que dos titanes japoneses del autom\u00f3vil como Honda y Toyota colaboraran\u2014, hoy es una respuesta pragm\u00e1tica a un contexto cada vez m\u00e1s desafiante. A medida que los gobiernos redibujan el mapa comercial global, <strong data-start=\"3828\" data-end=\"3877\">es probable que veamos m\u00e1s alianzas inusuales<\/strong>, donde la necesidad de adaptarse supera cualquier orgullo corporativo.<\/p>\n<p class=\"\" data-start=\"3950\" data-end=\"4174\">En esta nueva era de electrificaci\u00f3n y proteccionismo, <strong data-start=\"4005\" data-end=\"4062\">la agilidad para reconfigurar la cadena de suministro<\/strong> ser\u00e1 tan importante como la innovaci\u00f3n tecnol\u00f3gica. Honda y Toyota lo entienden, y ya est\u00e1n trazando el camino.<\/p>\n<p>The post <a href=\"https:\/\/puravelocidad.com\/honda-y-toyota-una-alianza-inesperada-para-evadir-los-aranceles\/\">Honda y Toyota: Una alianza inesperada para evadir los aranceles<\/a> appeared first on <a href=\"https:\/\/puravelocidad.com\/\">Pura Velocidad<\/a>.<\/p>\n","protected":false},"author":1,"featured_media":2247,"comment_status":"open","ping_status":"open","sticky":false,"template":"","format":"standard","meta":{"footnotes":""},"categories":[9],"tags":[],"class_list":["post-2260","post","type-post","status-publish","format-standard","has-post-thumbnail","hentry","category-lonuevo-puravelocid-ad"],"cmb2":{"poster_feature_image":{"vid_m_player_background":"","vid_m_poster_image":"","vid_m_poster_image_id":""},"gif_feature_image":{"vid_m_gif_image":"","vid_m_gif_image_id":""},"video_movie_settings":{"vid_m_director":"","vid_m_actor":"","vid_m_imdb_ratings":"","vid_m_amazon_associates":"","vid_m_vid_tmdb_movie":"","vid_m_vid_tmdb_tv_shows":"","vid_m_vid_tmdb_thumb":""},"vid_ads_m_videoads_settings_post":{"vid_ads_m_video_ads":"","vid_ads_m_video_ads_type":"","vid_ads_m_group_google_ima":"","vid_ads_m_group_image":"","vid_ads_m_group_html5_video":"","vid_ads_m_group_html":"","vid_ads_m_vpaid_mode":"","vid_ads_m_vast_preroll":"","vid_ads_m_vast_postroll":"","vid_ads_m_vast_pauseroll":"","vid_ads_m_vast_midroll":"","vid_ads_m_group_dynamic":"","vid_ads_m_time_to_show_ads":"","vid_ads_m_time_skip_ads":"","vid_ads_m_time_to_hide_ads":""},"feature_image_settings":{"feature_image_position":""},"video_player_settings":{"single_video_style":"","video_player_position":"","vm_video_url_btn_choose":"","vm_video_url_btn_choose_id":"","vm_video_url":"","vm_video_ratio":"","vm_video_ratio_mobile":"","video_player_library":"","plyr_player":"","video_streaming":"","vm_video_shortcode":"","vm_video_timelapse":"","vm_media_subtitles":"","vm_media_sources":"","vid_vtt_preview":"","vid_vtt_preview_vtt_file":"","vid_vtt_preview_vtt_file_id":"","vid_vtt_preview_sprite_image":"","vid_vtt_preview_sprite_image_id":"","vid_auto_play":"","vid_preview_mode":"","vm_video_trailer_manl_url":"","vm_screenshot_preview":"","vid_tags":"","vid_p_sync_playlist":"","vid_c_sync_channel":"","get_post_format":"","multiple_links_structure":"","multi_links_title":"","original_video_title":"","multi_links_series":"","vm_video_multi_links":"","vm_duration":"","vid_social_locker":"","vid_locker_mode":"","vid_social_locker_id":"","vid_social_email_locker_id":"","vid_social_signin_locker_id":"","sv_login_to_watch":"","vid_membership_action":"","vm_video_trailer_url":"","vid_download_type":"","vid_download_target":"","vid_woo_product":"","vid_download_mode":"","vid_download_mode_trailer":"","vm_media_download":"","user_rating":"","user_rating_position":"","user_rating_mode":"","user_rating_multi_sets":"","ads_above_single_player":""},"video_auto_fetch_settings":{"vm_video_fetch":""},"video_fake_views_likes":{"vm_fake_views":"","vm_fake_likes":"","vm_fake_dislikes":""},"gallery_settings":{"gallery_position":""},"quote_settings":{"quote_position":""},"post_options":{"main_layout":"","main_logo":"","main_logo_id":"","main_logo_retina":"","main_logo_retina_id":"","main_logo_mobile":"","main_logo_mobile_id":"","main_logo_mobile_retina":"","main_logo_mobile_retina_id":"","sticky_logo":"","sticky_logo_id":"","sticky_logo_retina":"","sticky_logo_retina_id":"","main_nav_layout":"","header_background":"","theme_sidebar":"","single_post_comment_type":"","theme_background":""}},"rttpg_featured_image_url":{"full":["https:\/\/tutarotero.com\/tv\/wp-content\/uploads\/2025\/03\/2025_honda_cr-v_4dr-suv_sport-touring-hybrid_fq_oem_2_1280x855-ezgif.com-avif-to-jpg-converter-szVWL7.jpeg",1280,855,false],"landscape":["https:\/\/tutarotero.com\/tv\/wp-content\/uploads\/2025\/03\/2025_honda_cr-v_4dr-suv_sport-touring-hybrid_fq_oem_2_1280x855-ezgif.com-avif-to-jpg-converter-szVWL7.jpeg",1280,855,false],"portraits":["https:\/\/tutarotero.com\/tv\/wp-content\/uploads\/2025\/03\/2025_honda_cr-v_4dr-suv_sport-touring-hybrid_fq_oem_2_1280x855-ezgif.com-avif-to-jpg-converter-szVWL7.jpeg",1280,855,false],"thumbnail":["https:\/\/tutarotero.com\/tv\/wp-content\/uploads\/2025\/03\/2025_honda_cr-v_4dr-suv_sport-touring-hybrid_fq_oem_2_1280x855-ezgif.com-avif-to-jpg-converter-szVWL7-150x150.jpeg",150,150,true],"medium":["https:\/\/tutarotero.com\/tv\/wp-content\/uploads\/2025\/03\/2025_honda_cr-v_4dr-suv_sport-touring-hybrid_fq_oem_2_1280x855-ezgif.com-avif-to-jpg-converter-szVWL7-300x200.jpeg",300,200,true],"large":["https:\/\/tutarotero.com\/tv\/wp-content\/uploads\/2025\/03\/2025_honda_cr-v_4dr-suv_sport-touring-hybrid_fq_oem_2_1280x855-ezgif.com-avif-to-jpg-converter-szVWL7-1024x684.jpeg",640,428,true],"1536x1536":["https:\/\/tutarotero.com\/tv\/wp-content\/uploads\/2025\/03\/2025_honda_cr-v_4dr-suv_sport-touring-hybrid_fq_oem_2_1280x855-ezgif.com-avif-to-jpg-converter-szVWL7.jpeg",1280,855,false],"2048x2048":["https:\/\/tutarotero.com\/tv\/wp-content\/uploads\/2025\/03\/2025_honda_cr-v_4dr-suv_sport-touring-hybrid_fq_oem_2_1280x855-ezgif.com-avif-to-jpg-converter-szVWL7.jpeg",1280,855,false],"vidorev_thumb_1x1_0x":["https:\/\/tutarotero.com\/tv\/wp-content\/uploads\/2025\/03\/2025_honda_cr-v_4dr-suv_sport-touring-hybrid_fq_oem_2_1280x855-ezgif.com-avif-to-jpg-converter-szVWL7-60x60.jpeg",60,60,true],"vidorev_thumb_1x1_1x":["https:\/\/tutarotero.com\/tv\/wp-content\/uploads\/2025\/03\/2025_honda_cr-v_4dr-suv_sport-touring-hybrid_fq_oem_2_1280x855-ezgif.com-avif-to-jpg-converter-szVWL7-100x100.jpeg",100,100,true],"vidorev_thumb_1x1_2x":["https:\/\/tutarotero.com\/tv\/wp-content\/uploads\/2025\/03\/2025_honda_cr-v_4dr-suv_sport-touring-hybrid_fq_oem_2_1280x855-ezgif.com-avif-to-jpg-converter-szVWL7-200x200.jpeg",200,200,true],"vidorev_thumb_1x1_3x":["https:\/\/tutarotero.com\/tv\/wp-content\/uploads\/2025\/03\/2025_honda_cr-v_4dr-suv_sport-touring-hybrid_fq_oem_2_1280x855-ezgif.com-avif-to-jpg-converter-szVWL7-268x268.jpeg",268,268,true],"vidorev_thumb_2point7x1_1x":["https:\/\/tutarotero.com\/tv\/wp-content\/uploads\/2025\/03\/2025_honda_cr-v_4dr-suv_sport-touring-hybrid_fq_oem_2_1280x855-ezgif.com-avif-to-jpg-converter-szVWL7-346x130.jpeg",346,130,true],"vidorev_thumb_2point7x1_2x":["https:\/\/tutarotero.com\/tv\/wp-content\/uploads\/2025\/03\/2025_honda_cr-v_4dr-suv_sport-touring-hybrid_fq_oem_2_1280x855-ezgif.com-avif-to-jpg-converter-szVWL7-568x213.jpeg",568,213,true],"vidorev_thumb_2point7x1_3x":["https:\/\/tutarotero.com\/tv\/wp-content\/uploads\/2025\/03\/2025_honda_cr-v_4dr-suv_sport-touring-hybrid_fq_oem_2_1280x855-ezgif.com-avif-to-jpg-converter-szVWL7-1136x426.jpeg",1136,426,true],"vidorev_thumb_4x3_0point5x":["https:\/\/tutarotero.com\/tv\/wp-content\/uploads\/2025\/03\/2025_honda_cr-v_4dr-suv_sport-touring-hybrid_fq_oem_2_1280x855-ezgif.com-avif-to-jpg-converter-szVWL7-282x212.jpeg",282,212,true],"vidorev_thumb_4x3_1point5x":["https:\/\/tutarotero.com\/tv\/wp-content\/uploads\/2025\/03\/2025_honda_cr-v_4dr-suv_sport-touring-hybrid_fq_oem_2_1280x855-ezgif.com-avif-to-jpg-converter-szVWL7-568x426.jpeg",568,426,true],"vidorev_thumb_2x3_0point3x":["https:\/\/tutarotero.com\/tv\/wp-content\/uploads\/2025\/03\/2025_honda_cr-v_4dr-suv_sport-touring-hybrid_fq_oem_2_1280x855-ezgif.com-avif-to-jpg-converter-szVWL7-60x90.jpeg",60,90,true],"vidorev_thumb_16x9_0x":["https:\/\/tutarotero.com\/tv\/wp-content\/uploads\/2025\/03\/2025_honda_cr-v_4dr-suv_sport-touring-hybrid_fq_oem_2_1280x855-ezgif.com-avif-to-jpg-converter-szVWL7-236x133.jpeg",236,133,true],"vidorev_thumb_16x9_1x":["https:\/\/tutarotero.com\/tv\/wp-content\/uploads\/2025\/03\/2025_honda_cr-v_4dr-suv_sport-touring-hybrid_fq_oem_2_1280x855-ezgif.com-avif-to-jpg-converter-szVWL7-360x203.jpeg",360,203,true],"vidorev_thumb_16x9_2x":["https:\/\/tutarotero.com\/tv\/wp-content\/uploads\/2025\/03\/2025_honda_cr-v_4dr-suv_sport-touring-hybrid_fq_oem_2_1280x855-ezgif.com-avif-to-jpg-converter-szVWL7-750x422.jpeg",750,422,true],"vidorev_thumb_16x9_3x":["https:\/\/tutarotero.com\/tv\/wp-content\/uploads\/2025\/03\/2025_honda_cr-v_4dr-suv_sport-touring-hybrid_fq_oem_2_1280x855-ezgif.com-avif-to-jpg-converter-szVWL7-1280x844.jpeg",1280,844,true],"vidorev_thumb_4x3_1x":["https:\/\/tutarotero.com\/tv\/wp-content\/uploads\/2025\/03\/2025_honda_cr-v_4dr-suv_sport-touring-hybrid_fq_oem_2_1280x855-ezgif.com-avif-to-jpg-converter-szVWL7-360x270.jpeg",360,270,true],"vidorev_thumb_4x3_2x":["https:\/\/tutarotero.com\/tv\/wp-content\/uploads\/2025\/03\/2025_honda_cr-v_4dr-suv_sport-touring-hybrid_fq_oem_2_1280x855-ezgif.com-avif-to-jpg-converter-szVWL7-720x540.jpeg",720,540,true],"vidorev_thumb_4x3_3x":["https:\/\/tutarotero.com\/tv\/wp-content\/uploads\/2025\/03\/2025_honda_cr-v_4dr-suv_sport-touring-hybrid_fq_oem_2_1280x855-ezgif.com-avif-to-jpg-converter-szVWL7-1200x855.jpeg",1200,855,true],"vidorev_thumb_2x3_0x":["https:\/\/tutarotero.com\/tv\/wp-content\/uploads\/2025\/03\/2025_honda_cr-v_4dr-suv_sport-touring-hybrid_fq_oem_2_1280x855-ezgif.com-avif-to-jpg-converter-szVWL7-165x248.jpeg",165,248,true],"vidorev_thumb_2x3_1x":["https:\/\/tutarotero.com\/tv\/wp-content\/uploads\/2025\/03\/2025_honda_cr-v_4dr-suv_sport-touring-hybrid_fq_oem_2_1280x855-ezgif.com-avif-to-jpg-converter-szVWL7-360x540.jpeg",360,540,true],"vidorev_thumb_2x3_2x":["https:\/\/tutarotero.com\/tv\/wp-content\/uploads\/2025\/03\/2025_honda_cr-v_4dr-suv_sport-touring-hybrid_fq_oem_2_1280x855-ezgif.com-avif-to-jpg-converter-szVWL7-600x855.jpeg",600,855,true]},"rttpg_author":{"display_name":"tvtarotero","author_link":"https:\/\/tutarotero.com\/tv\/?author=1"},"rttpg_comment":0,"rttpg_category":"<a href=\"https:\/\/tutarotero.com\/tv\/?cat=9\" rel=\"category\">Lo nuevo<\/a>","rttpg_excerpt":"En pro de evitar aumentos significativos en los precios finales de los autos. En un giro sorpresivo que rompe con d\u00e9cadas de feroz competencia, Honda ha sellado un acuerdo con Toyota para abastecerse de bater\u00edas h\u00edbridas fabricadas en Estados Unidos. Esta alianza estrat\u00e9gica no nace de la simpat\u00eda, sino de la necesidad: evadir los crecientes&hellip;","_links":{"self":[{"href":"https:\/\/tutarotero.com\/tv\/index.php?rest_route=\/wp\/v2\/posts\/2260","targetHints":{"allow":["GET"]}}],"collection":[{"href":"https:\/\/tutarotero.com\/tv\/index.php?rest_route=\/wp\/v2\/posts"}],"about":[{"href":"https:\/\/tutarotero.com\/tv\/index.php?rest_route=\/wp\/v2\/types\/post"}],"author":[{"embeddable":true,"href":"https:\/\/tutarotero.com\/tv\/index.php?rest_route=\/wp\/v2\/users\/1"}],"replies":[{"embeddable":true,"href":"https:\/\/tutarotero.com\/tv\/index.php?rest_route=%2Fwp%2Fv2%2Fcomments&post=2260"}],"version-history":[{"count":0,"href":"https:\/\/tutarotero.com\/tv\/index.php?rest_route=\/wp\/v2\/posts\/2260\/revisions"}],"wp:featuredmedia":[{"embeddable":true,"href":"https:\/\/tutarotero.com\/tv\/index.php?rest_route=\/wp\/v2\/media\/2247"}],"wp:attachment":[{"href":"https:\/\/tutarotero.com\/tv\/index.php?rest_route=%2Fwp%2Fv2%2Fmedia&parent=2260"}],"wp:term":[{"taxonomy":"category","embeddable":true,"href":"https:\/\/tutarotero.com\/tv\/index.php?rest_route=%2Fwp%2Fv2%2Fcategories&post=2260"},{"taxonomy":"post_tag","embeddable":true,"href":"https:\/\/tutarotero.com\/tv\/index.php?rest_route=%2Fwp%2Fv2%2Ftags&post=2260"}],"curies":[{"name":"wp","href":"https:\/\/api.w.org\/{rel}","templated":true}]}}