{"id":2262,"date":"2025-03-25T14:08:49","date_gmt":"2025-03-25T14:08:49","guid":{"rendered":"https:\/\/tutarotero.com\/tv\/?p=2262"},"modified":"2025-03-25T14:08:49","modified_gmt":"2025-03-25T14:08:49","slug":"afeela-adn-de-sony-tecnologia-de-honda-y-espiritu-playstation","status":"publish","type":"post","link":"https:\/\/tutarotero.com\/tv\/?p=2262","title":{"rendered":"Afeela ADN de Sony, tecnolog\u00eda de Honda y esp\u00edritu Playstation"},"content":{"rendered":"<p data-start=\"0\" data-end=\"126\"><span class=\"relative -mx-px my-[-0.2rem] rounded px-px py-[0.2rem]\">Sony, en colaboraci\u00f3n con Honda, ha dado un paso audaz al ingresar al mercado de los veh\u00edculos el\u00e9ctricos con el <strong data-start=\"113\" data-end=\"125\">Afeela 1<\/strong>, un sed\u00e1n de lujo que combina tecnolog\u00eda avanzada y dise\u00f1o elegante.<\/span> <span class=\"relative -mx-px my-[-0.2rem] rounded px-px py-[0.2rem]\">Presentado en el Consumer Electronics Show (CES) 2025, el Afeela 1 refleja la uni\u00f3n de la experiencia tecnol\u00f3gica de Sony y la tradici\u00f3n automotriz de Honda.<\/span>\u200b<\/p>\n<h2 data-start=\"128\" data-end=\"152\">Dise\u00f1o y dimensiones<\/h2>\n<p data-start=\"154\" data-end=\"349\"><span class=\"relative -mx-px my-[-0.2rem] rounded px-px py-[0.2rem]\">El Afeela 1 es un sed\u00e1n el\u00e9ctrico de 4,92 metros de largo, 1,90 metros de ancho y 1,46 metros de alto, posicion\u00e1ndose como competidor directo de modelos como el BMW i5, Audi A6 e-tron y Mercedes-Benz EQE.<\/span> <span class=\"relative -mx-px my-[-0.2rem] rounded px-px py-[0.2rem]\">Su dise\u00f1o exterior es minimalista y moderno, con superficies limpias y una barra de luces que abarca todo el frontal.<\/span> <span class=\"relative -mx-px my-[-0.2rem] rounded px-px py-[0.2rem]\">Las opciones de color exterior incluyen Tidal Grey, Calm White y Core Black.<\/span> \u200b<\/p>\n<figure aria-describedby=\"caption-attachment-2449\" class=\"wp-caption alignnone\"><img loading=\"lazy\" decoding=\"async\" loading=\"lazy\" class=\"wp-image-2449 size-full\" src=\"https:\/\/puravelocidad.com\/wp-content\/uploads\/2025\/03\/sony-afeela-rear-three-quarters-1672884756-ezgif.com-avif-to-jpg-converter.jpg\" alt=\"\" width=\"980\" height=\"600\"><figcaption class=\"wp-caption-text\">Imagen SONY<\/figcaption><\/figure>\n<h2 data-start=\"351\" data-end=\"379\">Motorizaci\u00f3n y autonom\u00eda<\/h2>\n<p data-start=\"381\" data-end=\"582\"><span class=\"relative -mx-px my-[-0.2rem] rounded px-px py-[0.2rem]\">Equipado con dos motores el\u00e9ctricos de 180 kW cada uno, el Afeela 1 ofrece tracci\u00f3n total y una potencia combinada de 360 kW (aproximadamente 490 CV).<\/span> <span class=\"relative -mx-px my-[-0.2rem] rounded px-px py-[0.2rem]\">Su bater\u00eda de 91 kWh proporciona una autonom\u00eda estimada de hasta 480 kil\u00f3metros seg\u00fan el ciclo EPA.<\/span> <span class=\"relative -mx-px my-[-0.2rem] rounded px-px py-[0.2rem]\">La carga r\u00e1pida admite potencias de hasta 150 kW, lo que permite reducir los tiempos de recarga.<\/span> \u200b<\/p>\n<h2 data-start=\"584\" data-end=\"616\"><strong>Tecnolog\u00eda y entretenimiento<\/strong><\/h2>\n<figure aria-describedby=\"caption-attachment-2450\" class=\"wp-caption aligncenter\"><img loading=\"lazy\" decoding=\"async\" loading=\"lazy\" class=\"wp-image-2450 size-full\" src=\"https:\/\/puravelocidad.com\/wp-content\/uploads\/2025\/03\/sony-afeela-ezgif.com-webp-to-jpg-converter.jpg\" alt=\"\" width=\"790\" height=\"527\"><figcaption class=\"wp-caption-text\">Imagen SONY<\/figcaption><\/figure>\n<p data-start=\"618\" data-end=\"823\"><span class=\"relative -mx-px my-[-0.2rem] rounded px-px py-[0.2rem]\">El interior del Afeela 1 destaca por su enfoque en el entretenimiento y la conectividad.<\/span> <span class=\"relative -mx-px my-[-0.2rem] rounded px-px py-[0.2rem]\">Incorpora un sistema de sonido espacial de 360 grados y pantallas optimizadas para cada asiento, permitiendo a los ocupantes disfrutar de contenido personalizado.<\/span> <span class=\"relative -mx-px my-[-0.2rem] rounded px-px py-[0.2rem]\">Un agente personal interactivo, impulsado por inteligencia artificial, facilita la comunicaci\u00f3n con el veh\u00edculo mediante comandos de voz y pantallas t\u00e1ctiles.<\/span> \u200b<\/p>\n<figure aria-describedby=\"caption-attachment-2451\" class=\"wp-caption aligncenter\"><img loading=\"lazy\" decoding=\"async\" loading=\"lazy\" class=\"wp-image-2451 size-full\" src=\"https:\/\/puravelocidad.com\/wp-content\/uploads\/2025\/03\/sony-afeela-interior-1672884767-ezgif.com-avif-to-jpg-converter.jpg\" alt=\"\" width=\"980\" height=\"598\"><figcaption class=\"wp-caption-text\">Imagen SONY<\/figcaption><\/figure>\n<p data-start=\"825\" data-end=\"950\"><span class=\"relative -mx-px my-[-0.2rem] rounded px-px py-[0.2rem]\">Adem\u00e1s, el Afeela 1 cuenta con el sistema <strong data-start=\"42\" data-end=\"70\">Afeela Intelligent Drive<\/strong>, que incluye 40 sensores, entre c\u00e1maras, radares y LIDAR, para ofrecer funciones avanzadas de asistencia al conductor y mejorar la seguridad en carretera.<\/span> \u200b<\/p>\n<h2 data-start=\"128\" data-end=\"197\">Asociaci\u00f3n con Fixstars para potenciar la inteligencia artificial<\/h2>\n<p data-start=\"199\" data-end=\"394\"><span class=\"relative -mx-px my-[-0.2rem] rounded px-px py-[0.2rem]\">Para mejorar las capacidades de conducci\u00f3n aut\u00f3noma del Afeela 1, <strong data-start=\"66\" data-end=\"89\">Sony Honda Mobility<\/strong> se ha asociado con <strong data-start=\"109\" data-end=\"121\">Fixstars<\/strong>, una empresa especializada en el desarrollo y aceleraci\u00f3n de software de inteligencia artificial.<\/span> <span class=\"relative -mx-px my-[-0.2rem] rounded px-px py-[0.2rem]\">La plataforma <strong data-start=\"14\" data-end=\"28\">AI Booster<\/strong> de Fixstars optimiza el rendimiento de las aplicaciones de IA en diversos entornos de GPU, lo que permite una mayor eficiencia en los sistemas de conducci\u00f3n aut\u00f3noma del veh\u00edculo.<\/span> <span class=\"relative -mx-px my-[-0.2rem] rounded px-px py-[0.2rem]\">Seg\u00fan Satoshi Miki, CEO de Fixstars, esta colaboraci\u00f3n permite a los clientes aprovechar al m\u00e1ximo sus recursos de hardware, reduciendo costos y mejorando la eficiencia de los sistemas de IA.<\/span> \u200b<\/p>\n<h2 data-start=\"396\" data-end=\"450\">Displays exteriores con tecnolog\u00eda microLED de AUO<\/h2>\n<p data-start=\"452\" data-end=\"653\"><span class=\"relative -mx-px my-[-0.2rem] rounded px-px py-[0.2rem]\">Adem\u00e1s, el Afeela 1 incorpora un innovador <strong data-start=\"43\" data-end=\"58\">\u201cmedia bar\u201d<\/strong> en su exterior, desarrollado en colaboraci\u00f3n con <strong data-start=\"108\" data-end=\"115\">AUO<\/strong>.<\/span> <span class=\"relative -mx-px my-[-0.2rem] rounded px-px py-[0.2rem]\">Este display microLED permite mostrar informaci\u00f3n diversa, como el estado de carga y detalles del veh\u00edculo, ofreciendo una visibilidad sin obstrucciones.<\/span> <span class=\"relative -mx-px my-[-0.2rem] rounded px-px py-[0.2rem]\">Los ocupantes pueden interactuar con el mundo exterior desde el interior del veh\u00edculo, mostrando contenido personalizado en el media bar, como videos, im\u00e1genes y mensajes \u00fanicos.<\/span> \u200b<\/p>\n<h2 data-start=\"655\" data-end=\"705\">Interfaz de usuario avanzada y entretenimiento<\/h2>\n<p data-start=\"707\" data-end=\"952\"><span class=\"relative -mx-px my-[-0.2rem] rounded px-px py-[0.2rem]\">El interior del Afeela 1 est\u00e1 dise\u00f1ado para ofrecer una experiencia de usuario inmersiva.<\/span> <span class=\"relative -mx-px my-[-0.2rem] rounded px-px py-[0.2rem]\">Cuenta con una pantalla panor\u00e1mica que abarca todo el ancho del tablero, incorporando realidad aumentada para mejorar la navegaci\u00f3n y la seguridad.<\/span> <span class=\"relative -mx-px my-[-0.2rem] rounded px-px py-[0.2rem]\">La colaboraci\u00f3n con <strong data-start=\"20\" data-end=\"34\">Epic Games<\/strong> ha permitido desarrollar un simulador que optimiza la interfaz del veh\u00edculo, asegurando una interacci\u00f3n segura y sencilla en diversas condiciones de conducci\u00f3n.<\/span> <span class=\"relative -mx-px my-[-0.2rem] rounded px-px py-[0.2rem]\">Adem\u00e1s, el Afeela 1 ofrece funciones de entretenimiento avanzadas, incluyendo la posibilidad de jugar videojuegos mediante la plataforma <strong data-start=\"137\" data-end=\"158\">Unreal Engine 5.3<\/strong> cuando el veh\u00edculo est\u00e1 estacionado.<\/span> \u200b<\/p>\n<p data-start=\"954\" data-end=\"1039\"><span class=\"relative -mx-px my-[-0.2rem] rounded px-px py-[0.2rem]\">Estas colaboraciones estrat\u00e9gicas reflejan el compromiso de Sony y Honda por integrar tecnolog\u00eda avanzada en el Afeela 1, ofreciendo una experiencia de conducci\u00f3n segura, eficiente y entretenida.<\/span><\/p>\n<h2 data-start=\"952\" data-end=\"975\">Versiones y precios<\/h2>\n<p data-start=\"977\" data-end=\"1062\"><span class=\"relative -mx-px my-[-0.2rem] rounded px-px py-[0.2rem]\">El Afeela 1 estar\u00e1 disponible en dos versiones:<\/span>\u200b<\/p>\n<ul data-start=\"1064\" data-end=\"1347\">\n<li data-start=\"1064\" data-end=\"1203\">\n<p data-start=\"1066\" data-end=\"1203\"><strong data-start=\"1066\" data-end=\"1076\">Origin<\/strong>: <span class=\"relative -mx-px my-[-0.2rem] rounded px-px py-[0.2rem]\">Precio inicial de $89,900 d\u00f3lares. Incluye llantas de 19 pulgadas y un interior en color negro.<\/span> \u200b<\/p>\n<\/li>\n<li data-start=\"1205\" data-end=\"1347\">\n<p data-start=\"1207\" data-end=\"1347\"><strong data-start=\"1207\" data-end=\"1220\">Signature<\/strong>: <span class=\"relative -mx-px my-[-0.2rem] rounded px-px py-[0.2rem]\">Precio inicial de $102,900 d\u00f3lares. A\u00f1ade llantas de 21 pulgadas, sistema de entretenimiento.<\/span><\/p>\n<\/li>\n<\/ul>\n<p data-start=\"1207\" data-end=\"1347\"><em><strong><span class=\"relative -mx-px my-[-0.2rem] rounded px-px py-[0.2rem]\">Ambas versiones incluyen una suscripci\u00f3n de tres a\u00f1os a servicios como el sistema de asistencia al conductor y el asistente personal.<\/span><\/strong><\/em><\/p>\n<h2 data-start=\"1436\" data-end=\"1467\">Producci\u00f3n y disponibilidad<\/h2>\n<figure aria-describedby=\"caption-attachment-2452\" class=\"wp-caption alignnone\"><img loading=\"lazy\" decoding=\"async\" loading=\"lazy\" class=\"wp-image-2452 size-full\" src=\"https:\/\/puravelocidad.com\/wp-content\/uploads\/2025\/03\/afeela2-e1736220218483-ezgif.com-webp-to-jpg-converter.jpg\" alt=\"\" width=\"1500\" height=\"749\"><figcaption class=\"wp-caption-text\">Imagen SONY<\/figcaption><\/figure>\n<p data-start=\"1469\" data-end=\"1674\"><span class=\"relative -mx-px my-[-0.2rem] rounded px-px py-[0.2rem]\">La producci\u00f3n del Afeela 1 se llevar\u00e1 a cabo en la planta de Honda en Marysville, Ohio, Estados Unidos.<\/span> <span class=\"relative -mx-px my-[-0.2rem] rounded px-px py-[0.2rem]\">Inicialmente, las reservas est\u00e1n abiertas para residentes de California con un dep\u00f3sito reembolsable de $200 d\u00f3lares.<\/span> <span class=\"relative -mx-px my-[-0.2rem] rounded px-px py-[0.2rem]\">Las primeras entregas de la versi\u00f3n Signature est\u00e1n programadas para mediados de 2026, mientras que la versi\u00f3n Origin estar\u00e1 disponible en 2027.<\/span> \u200b<\/p>\n<p data-start=\"1676\" data-end=\"1761\"><span class=\"relative -mx-px my-[-0.2rem] rounded px-px py-[0.2rem]\">Con el Afeela 1, Sony y Honda buscan redefinir la experiencia de movilidad el\u00e9ctrica, integrando entretenimiento, tecnolog\u00eda avanzada y un dise\u00f1o sofisticado en un solo veh\u00edculo.<\/span><\/p>\n<p>The post <a href=\"https:\/\/puravelocidad.com\/afeela-adn-de-sony-tecnologia-de-honda-y-espiritu-playstation\/\">Afeela ADN de Sony, tecnolog\u00eda de Honda y esp\u00edritu Playstation<\/a> appeared first on <a href=\"https:\/\/puravelocidad.com\/\">Pura Velocidad<\/a>.<\/p>\n","protected":false},"excerpt":{"rendered":"<p data-start=\"0\" data-end=\"126\"><span class=\"relative -mx-px my-[-0.2rem] rounded px-px py-[0.2rem]\">Sony, en colaboraci\u00f3n con Honda, ha dado un paso audaz al ingresar al mercado de los veh\u00edculos el\u00e9ctricos con el <strong data-start=\"113\" data-end=\"125\">Afeela 1<\/strong>, un sed\u00e1n de lujo que combina tecnolog\u00eda avanzada y dise\u00f1o elegante.<\/span> <span class=\"relative -mx-px my-[-0.2rem] rounded px-px py-[0.2rem]\">Presentado en el Consumer Electronics Show (CES) 2025, el Afeela 1 refleja la uni\u00f3n de la experiencia tecnol\u00f3gica de Sony y la tradici\u00f3n automotriz de Honda.<\/span>\u200b<\/p>\n<h2 data-start=\"128\" data-end=\"152\">Dise\u00f1o y dimensiones<\/h2>\n<p data-start=\"154\" data-end=\"349\"><span class=\"relative -mx-px my-[-0.2rem] rounded px-px py-[0.2rem]\">El Afeela 1 es un sed\u00e1n el\u00e9ctrico de 4,92 metros de largo, 1,90 metros de ancho y 1,46 metros de alto, posicion\u00e1ndose como competidor directo de modelos como el BMW i5, Audi A6 e-tron y Mercedes-Benz EQE.<\/span> <span class=\"relative -mx-px my-[-0.2rem] rounded px-px py-[0.2rem]\">Su dise\u00f1o exterior es minimalista y moderno, con superficies limpias y una barra de luces que abarca todo el frontal.<\/span> <span class=\"relative -mx-px my-[-0.2rem] rounded px-px py-[0.2rem]\">Las opciones de color exterior incluyen Tidal Grey, Calm White y Core Black.<\/span> \u200b<\/p>\n<figure aria-describedby=\"caption-attachment-2449\" class=\"wp-caption alignnone\"><img loading=\"lazy\" decoding=\"async\" loading=\"lazy\" class=\"wp-image-2449 size-full\" src=\"https:\/\/puravelocidad.com\/wp-content\/uploads\/2025\/03\/sony-afeela-rear-three-quarters-1672884756-ezgif.com-avif-to-jpg-converter.jpg\" alt=\"\" width=\"980\" height=\"600\"><figcaption class=\"wp-caption-text\">Imagen SONY<\/figcaption><\/figure>\n<h2 data-start=\"351\" data-end=\"379\">Motorizaci\u00f3n y autonom\u00eda<\/h2>\n<p data-start=\"381\" data-end=\"582\"><span class=\"relative -mx-px my-[-0.2rem] rounded px-px py-[0.2rem]\">Equipado con dos motores el\u00e9ctricos de 180 kW cada uno, el Afeela 1 ofrece tracci\u00f3n total y una potencia combinada de 360 kW (aproximadamente 490 CV).<\/span> <span class=\"relative -mx-px my-[-0.2rem] rounded px-px py-[0.2rem]\">Su bater\u00eda de 91 kWh proporciona una autonom\u00eda estimada de hasta 480 kil\u00f3metros seg\u00fan el ciclo EPA.<\/span> <span class=\"relative -mx-px my-[-0.2rem] rounded px-px py-[0.2rem]\">La carga r\u00e1pida admite potencias de hasta 150 kW, lo que permite reducir los tiempos de recarga.<\/span> \u200b<\/p>\n<h2 data-start=\"584\" data-end=\"616\"><strong>Tecnolog\u00eda y entretenimiento<\/strong><\/h2>\n<figure aria-describedby=\"caption-attachment-2450\" class=\"wp-caption aligncenter\"><img loading=\"lazy\" decoding=\"async\" loading=\"lazy\" class=\"wp-image-2450 size-full\" src=\"https:\/\/puravelocidad.com\/wp-content\/uploads\/2025\/03\/sony-afeela-ezgif.com-webp-to-jpg-converter.jpg\" alt=\"\" width=\"790\" height=\"527\"><figcaption class=\"wp-caption-text\">Imagen SONY<\/figcaption><\/figure>\n<p data-start=\"618\" data-end=\"823\"><span class=\"relative -mx-px my-[-0.2rem] rounded px-px py-[0.2rem]\">El interior del Afeela 1 destaca por su enfoque en el entretenimiento y la conectividad.<\/span> <span class=\"relative -mx-px my-[-0.2rem] rounded px-px py-[0.2rem]\">Incorpora un sistema de sonido espacial de 360 grados y pantallas optimizadas para cada asiento, permitiendo a los ocupantes disfrutar de contenido personalizado.<\/span> <span class=\"relative -mx-px my-[-0.2rem] rounded px-px py-[0.2rem]\">Un agente personal interactivo, impulsado por inteligencia artificial, facilita la comunicaci\u00f3n con el veh\u00edculo mediante comandos de voz y pantallas t\u00e1ctiles.<\/span> \u200b<\/p>\n<figure aria-describedby=\"caption-attachment-2451\" class=\"wp-caption aligncenter\"><img loading=\"lazy\" decoding=\"async\" loading=\"lazy\" class=\"wp-image-2451 size-full\" src=\"https:\/\/puravelocidad.com\/wp-content\/uploads\/2025\/03\/sony-afeela-interior-1672884767-ezgif.com-avif-to-jpg-converter.jpg\" alt=\"\" width=\"980\" height=\"598\"><figcaption class=\"wp-caption-text\">Imagen SONY<\/figcaption><\/figure>\n<p data-start=\"825\" data-end=\"950\"><span class=\"relative -mx-px my-[-0.2rem] rounded px-px py-[0.2rem]\">Adem\u00e1s, el Afeela 1 cuenta con el sistema <strong data-start=\"42\" data-end=\"70\">Afeela Intelligent Drive<\/strong>, que incluye 40 sensores, entre c\u00e1maras, radares y LIDAR, para ofrecer funciones avanzadas de asistencia al conductor y mejorar la seguridad en carretera.<\/span> \u200b<\/p>\n<h2 data-start=\"128\" data-end=\"197\">Asociaci\u00f3n con Fixstars para potenciar la inteligencia artificial<\/h2>\n<p data-start=\"199\" data-end=\"394\"><span class=\"relative -mx-px my-[-0.2rem] rounded px-px py-[0.2rem]\">Para mejorar las capacidades de conducci\u00f3n aut\u00f3noma del Afeela 1, <strong data-start=\"66\" data-end=\"89\">Sony Honda Mobility<\/strong> se ha asociado con <strong data-start=\"109\" data-end=\"121\">Fixstars<\/strong>, una empresa especializada en el desarrollo y aceleraci\u00f3n de software de inteligencia artificial.<\/span> <span class=\"relative -mx-px my-[-0.2rem] rounded px-px py-[0.2rem]\">La plataforma <strong data-start=\"14\" data-end=\"28\">AI Booster<\/strong> de Fixstars optimiza el rendimiento de las aplicaciones de IA en diversos entornos de GPU, lo que permite una mayor eficiencia en los sistemas de conducci\u00f3n aut\u00f3noma del veh\u00edculo.<\/span> <span class=\"relative -mx-px my-[-0.2rem] rounded px-px py-[0.2rem]\">Seg\u00fan Satoshi Miki, CEO de Fixstars, esta colaboraci\u00f3n permite a los clientes aprovechar al m\u00e1ximo sus recursos de hardware, reduciendo costos y mejorando la eficiencia de los sistemas de IA.<\/span> \u200b<\/p>\n<h2 data-start=\"396\" data-end=\"450\">Displays exteriores con tecnolog\u00eda microLED de AUO<\/h2>\n<p data-start=\"452\" data-end=\"653\"><span class=\"relative -mx-px my-[-0.2rem] rounded px-px py-[0.2rem]\">Adem\u00e1s, el Afeela 1 incorpora un innovador <strong data-start=\"43\" data-end=\"58\">\u201cmedia bar\u201d<\/strong> en su exterior, desarrollado en colaboraci\u00f3n con <strong data-start=\"108\" data-end=\"115\">AUO<\/strong>.<\/span> <span class=\"relative -mx-px my-[-0.2rem] rounded px-px py-[0.2rem]\">Este display microLED permite mostrar informaci\u00f3n diversa, como el estado de carga y detalles del veh\u00edculo, ofreciendo una visibilidad sin obstrucciones.<\/span> <span class=\"relative -mx-px my-[-0.2rem] rounded px-px py-[0.2rem]\">Los ocupantes pueden interactuar con el mundo exterior desde el interior del veh\u00edculo, mostrando contenido personalizado en el media bar, como videos, im\u00e1genes y mensajes \u00fanicos.<\/span> \u200b<\/p>\n<h2 data-start=\"655\" data-end=\"705\">Interfaz de usuario avanzada y entretenimiento<\/h2>\n<p data-start=\"707\" data-end=\"952\"><span class=\"relative -mx-px my-[-0.2rem] rounded px-px py-[0.2rem]\">El interior del Afeela 1 est\u00e1 dise\u00f1ado para ofrecer una experiencia de usuario inmersiva.<\/span> <span class=\"relative -mx-px my-[-0.2rem] rounded px-px py-[0.2rem]\">Cuenta con una pantalla panor\u00e1mica que abarca todo el ancho del tablero, incorporando realidad aumentada para mejorar la navegaci\u00f3n y la seguridad.<\/span> <span class=\"relative -mx-px my-[-0.2rem] rounded px-px py-[0.2rem]\">La colaboraci\u00f3n con <strong data-start=\"20\" data-end=\"34\">Epic Games<\/strong> ha permitido desarrollar un simulador que optimiza la interfaz del veh\u00edculo, asegurando una interacci\u00f3n segura y sencilla en diversas condiciones de conducci\u00f3n.<\/span> <span class=\"relative -mx-px my-[-0.2rem] rounded px-px py-[0.2rem]\">Adem\u00e1s, el Afeela 1 ofrece funciones de entretenimiento avanzadas, incluyendo la posibilidad de jugar videojuegos mediante la plataforma <strong data-start=\"137\" data-end=\"158\">Unreal Engine 5.3<\/strong> cuando el veh\u00edculo est\u00e1 estacionado.<\/span> \u200b<\/p>\n<p data-start=\"954\" data-end=\"1039\"><span class=\"relative -mx-px my-[-0.2rem] rounded px-px py-[0.2rem]\">Estas colaboraciones estrat\u00e9gicas reflejan el compromiso de Sony y Honda por integrar tecnolog\u00eda avanzada en el Afeela 1, ofreciendo una experiencia de conducci\u00f3n segura, eficiente y entretenida.<\/span><\/p>\n<h2 data-start=\"952\" data-end=\"975\">Versiones y precios<\/h2>\n<p data-start=\"977\" data-end=\"1062\"><span class=\"relative -mx-px my-[-0.2rem] rounded px-px py-[0.2rem]\">El Afeela 1 estar\u00e1 disponible en dos versiones:<\/span>\u200b<\/p>\n<ul data-start=\"1064\" data-end=\"1347\">\n<li data-start=\"1064\" data-end=\"1203\">\n<p data-start=\"1066\" data-end=\"1203\"><strong data-start=\"1066\" data-end=\"1076\">Origin<\/strong>: <span class=\"relative -mx-px my-[-0.2rem] rounded px-px py-[0.2rem]\">Precio inicial de $89,900 d\u00f3lares. Incluye llantas de 19 pulgadas y un interior en color negro.<\/span> \u200b<\/p>\n<\/li>\n<li data-start=\"1205\" data-end=\"1347\">\n<p data-start=\"1207\" data-end=\"1347\"><strong data-start=\"1207\" data-end=\"1220\">Signature<\/strong>: <span class=\"relative -mx-px my-[-0.2rem] rounded px-px py-[0.2rem]\">Precio inicial de $102,900 d\u00f3lares. A\u00f1ade llantas de 21 pulgadas, sistema de entretenimiento.<\/span><\/p>\n<\/li>\n<\/ul>\n<p data-start=\"1207\" data-end=\"1347\"><em><strong><span class=\"relative -mx-px my-[-0.2rem] rounded px-px py-[0.2rem]\">Ambas versiones incluyen una suscripci\u00f3n de tres a\u00f1os a servicios como el sistema de asistencia al conductor y el asistente personal.<\/span><\/strong><\/em><\/p>\n<h2 data-start=\"1436\" data-end=\"1467\">Producci\u00f3n y disponibilidad<\/h2>\n<figure aria-describedby=\"caption-attachment-2452\" class=\"wp-caption alignnone\"><img loading=\"lazy\" decoding=\"async\" loading=\"lazy\" class=\"wp-image-2452 size-full\" src=\"https:\/\/puravelocidad.com\/wp-content\/uploads\/2025\/03\/afeela2-e1736220218483-ezgif.com-webp-to-jpg-converter.jpg\" alt=\"\" width=\"1500\" height=\"749\"><figcaption class=\"wp-caption-text\">Imagen SONY<\/figcaption><\/figure>\n<p data-start=\"1469\" data-end=\"1674\"><span class=\"relative -mx-px my-[-0.2rem] rounded px-px py-[0.2rem]\">La producci\u00f3n del Afeela 1 se llevar\u00e1 a cabo en la planta de Honda en Marysville, Ohio, Estados Unidos.<\/span> <span class=\"relative -mx-px my-[-0.2rem] rounded px-px py-[0.2rem]\">Inicialmente, las reservas est\u00e1n abiertas para residentes de California con un dep\u00f3sito reembolsable de $200 d\u00f3lares.<\/span> <span class=\"relative -mx-px my-[-0.2rem] rounded px-px py-[0.2rem]\">Las primeras entregas de la versi\u00f3n Signature est\u00e1n programadas para mediados de 2026, mientras que la versi\u00f3n Origin estar\u00e1 disponible en 2027.<\/span> \u200b<\/p>\n<p data-start=\"1676\" data-end=\"1761\"><span class=\"relative -mx-px my-[-0.2rem] rounded px-px py-[0.2rem]\">Con el Afeela 1, Sony y Honda buscan redefinir la experiencia de movilidad el\u00e9ctrica, integrando entretenimiento, tecnolog\u00eda avanzada y un dise\u00f1o sofisticado en un solo veh\u00edculo.<\/span><\/p>\n<p>The post <a href=\"https:\/\/puravelocidad.com\/afeela-adn-de-sony-tecnologia-de-honda-y-espiritu-playstation\/\">Afeela ADN de Sony, tecnolog\u00eda de Honda y esp\u00edritu Playstation<\/a> appeared first on <a href=\"https:\/\/puravelocidad.com\/\">Pura Velocidad<\/a>.<\/p>\n","protected":false},"author":1,"featured_media":2241,"comment_status":"open","ping_status":"open","sticky":false,"template":"","format":"standard","meta":{"footnotes":""},"categories":[9],"tags":[],"class_list":["post-2262","post","type-post","status-publish","format-standard","has-post-thumbnail","hentry","category-lonuevo-puravelocid-ad"],"cmb2":{"poster_feature_image":{"vid_m_player_background":"","vid_m_poster_image":"","vid_m_poster_image_id":""},"gif_feature_image":{"vid_m_gif_image":"","vid_m_gif_image_id":""},"video_movie_settings":{"vid_m_director":"","vid_m_actor":"","vid_m_imdb_ratings":"","vid_m_amazon_associates":"","vid_m_vid_tmdb_movie":"","vid_m_vid_tmdb_tv_shows":"","vid_m_vid_tmdb_thumb":""},"vid_ads_m_videoads_settings_post":{"vid_ads_m_video_ads":"","vid_ads_m_video_ads_type":"","vid_ads_m_group_google_ima":"","vid_ads_m_group_image":"","vid_ads_m_group_html5_video":"","vid_ads_m_group_html":"","vid_ads_m_vpaid_mode":"","vid_ads_m_vast_preroll":"","vid_ads_m_vast_postroll":"","vid_ads_m_vast_pauseroll":"","vid_ads_m_vast_midroll":"","vid_ads_m_group_dynamic":"","vid_ads_m_time_to_show_ads":"","vid_ads_m_time_skip_ads":"","vid_ads_m_time_to_hide_ads":""},"feature_image_settings":{"feature_image_position":""},"video_player_settings":{"single_video_style":"","video_player_position":"","vm_video_url_btn_choose":"","vm_video_url_btn_choose_id":"","vm_video_url":"","vm_video_ratio":"","vm_video_ratio_mobile":"","video_player_library":"","plyr_player":"","video_streaming":"","vm_video_shortcode":"","vm_video_timelapse":"","vm_media_subtitles":"","vm_media_sources":"","vid_vtt_preview":"","vid_vtt_preview_vtt_file":"","vid_vtt_preview_vtt_file_id":"","vid_vtt_preview_sprite_image":"","vid_vtt_preview_sprite_image_id":"","vid_auto_play":"","vid_preview_mode":"","vm_video_trailer_manl_url":"","vm_screenshot_preview":"","vid_tags":"","vid_p_sync_playlist":"","vid_c_sync_channel":"","get_post_format":"","multiple_links_structure":"","multi_links_title":"","original_video_title":"","multi_links_series":"","vm_video_multi_links":"","vm_duration":"","vid_social_locker":"","vid_locker_mode":"","vid_social_locker_id":"","vid_social_email_locker_id":"","vid_social_signin_locker_id":"","sv_login_to_watch":"","vid_membership_action":"","vm_video_trailer_url":"","vid_download_type":"","vid_download_target":"","vid_woo_product":"","vid_download_mode":"","vid_download_mode_trailer":"","vm_media_download":"","user_rating":"","user_rating_position":"","user_rating_mode":"","user_rating_multi_sets":"","ads_above_single_player":""},"video_auto_fetch_settings":{"vm_video_fetch":""},"video_fake_views_likes":{"vm_fake_views":"","vm_fake_likes":"","vm_fake_dislikes":""},"gallery_settings":{"gallery_position":""},"quote_settings":{"quote_position":""},"post_options":{"main_layout":"","main_logo":"","main_logo_id":"","main_logo_retina":"","main_logo_retina_id":"","main_logo_mobile":"","main_logo_mobile_id":"","main_logo_mobile_retina":"","main_logo_mobile_retina_id":"","sticky_logo":"","sticky_logo_id":"","sticky_logo_retina":"","sticky_logo_retina_id":"","main_nav_layout":"","header_background":"","theme_sidebar":"","single_post_comment_type":"","theme_background":""}},"rttpg_featured_image_url":{"full":["https:\/\/tutarotero.com\/tv\/wp-content\/uploads\/2025\/03\/sony-afeela-rear-three-quarters-1672884756-ezgif.com-avif-to-jpg-converter-ByBqWr.jpeg",980,600,false],"landscape":["https:\/\/tutarotero.com\/tv\/wp-content\/uploads\/2025\/03\/sony-afeela-rear-three-quarters-1672884756-ezgif.com-avif-to-jpg-converter-ByBqWr.jpeg",980,600,false],"portraits":["https:\/\/tutarotero.com\/tv\/wp-content\/uploads\/2025\/03\/sony-afeela-rear-three-quarters-1672884756-ezgif.com-avif-to-jpg-converter-ByBqWr.jpeg",980,600,false],"thumbnail":["https:\/\/tutarotero.com\/tv\/wp-content\/uploads\/2025\/03\/sony-afeela-rear-three-quarters-1672884756-ezgif.com-avif-to-jpg-converter-ByBqWr-150x150.jpeg",150,150,true],"medium":["https:\/\/tutarotero.com\/tv\/wp-content\/uploads\/2025\/03\/sony-afeela-rear-three-quarters-1672884756-ezgif.com-avif-to-jpg-converter-ByBqWr-300x184.jpeg",300,184,true],"large":["https:\/\/tutarotero.com\/tv\/wp-content\/uploads\/2025\/03\/sony-afeela-rear-three-quarters-1672884756-ezgif.com-avif-to-jpg-converter-ByBqWr.jpeg",640,392,false],"1536x1536":["https:\/\/tutarotero.com\/tv\/wp-content\/uploads\/2025\/03\/sony-afeela-rear-three-quarters-1672884756-ezgif.com-avif-to-jpg-converter-ByBqWr.jpeg",980,600,false],"2048x2048":["https:\/\/tutarotero.com\/tv\/wp-content\/uploads\/2025\/03\/sony-afeela-rear-three-quarters-1672884756-ezgif.com-avif-to-jpg-converter-ByBqWr.jpeg",980,600,false],"vidorev_thumb_1x1_0x":["https:\/\/tutarotero.com\/tv\/wp-content\/uploads\/2025\/03\/sony-afeela-rear-three-quarters-1672884756-ezgif.com-avif-to-jpg-converter-ByBqWr-60x60.jpeg",60,60,true],"vidorev_thumb_1x1_1x":["https:\/\/tutarotero.com\/tv\/wp-content\/uploads\/2025\/03\/sony-afeela-rear-three-quarters-1672884756-ezgif.com-avif-to-jpg-converter-ByBqWr-100x100.jpeg",100,100,true],"vidorev_thumb_1x1_2x":["https:\/\/tutarotero.com\/tv\/wp-content\/uploads\/2025\/03\/sony-afeela-rear-three-quarters-1672884756-ezgif.com-avif-to-jpg-converter-ByBqWr-200x200.jpeg",200,200,true],"vidorev_thumb_1x1_3x":["https:\/\/tutarotero.com\/tv\/wp-content\/uploads\/2025\/03\/sony-afeela-rear-three-quarters-1672884756-ezgif.com-avif-to-jpg-converter-ByBqWr-268x268.jpeg",268,268,true],"vidorev_thumb_2point7x1_1x":["https:\/\/tutarotero.com\/tv\/wp-content\/uploads\/2025\/03\/sony-afeela-rear-three-quarters-1672884756-ezgif.com-avif-to-jpg-converter-ByBqWr-346x130.jpeg",346,130,true],"vidorev_thumb_2point7x1_2x":["https:\/\/tutarotero.com\/tv\/wp-content\/uploads\/2025\/03\/sony-afeela-rear-three-quarters-1672884756-ezgif.com-avif-to-jpg-converter-ByBqWr-568x213.jpeg",568,213,true],"vidorev_thumb_2point7x1_3x":["https:\/\/tutarotero.com\/tv\/wp-content\/uploads\/2025\/03\/sony-afeela-rear-three-quarters-1672884756-ezgif.com-avif-to-jpg-converter-ByBqWr-980x426.jpeg",980,426,true],"vidorev_thumb_4x3_0point5x":["https:\/\/tutarotero.com\/tv\/wp-content\/uploads\/2025\/03\/sony-afeela-rear-three-quarters-1672884756-ezgif.com-avif-to-jpg-converter-ByBqWr-282x212.jpeg",282,212,true],"vidorev_thumb_4x3_1point5x":["https:\/\/tutarotero.com\/tv\/wp-content\/uploads\/2025\/03\/sony-afeela-rear-three-quarters-1672884756-ezgif.com-avif-to-jpg-converter-ByBqWr-568x426.jpeg",568,426,true],"vidorev_thumb_2x3_0point3x":["https:\/\/tutarotero.com\/tv\/wp-content\/uploads\/2025\/03\/sony-afeela-rear-three-quarters-1672884756-ezgif.com-avif-to-jpg-converter-ByBqWr-60x90.jpeg",60,90,true],"vidorev_thumb_16x9_0x":["https:\/\/tutarotero.com\/tv\/wp-content\/uploads\/2025\/03\/sony-afeela-rear-three-quarters-1672884756-ezgif.com-avif-to-jpg-converter-ByBqWr-236x133.jpeg",236,133,true],"vidorev_thumb_16x9_1x":["https:\/\/tutarotero.com\/tv\/wp-content\/uploads\/2025\/03\/sony-afeela-rear-three-quarters-1672884756-ezgif.com-avif-to-jpg-converter-ByBqWr-360x203.jpeg",360,203,true],"vidorev_thumb_16x9_2x":["https:\/\/tutarotero.com\/tv\/wp-content\/uploads\/2025\/03\/sony-afeela-rear-three-quarters-1672884756-ezgif.com-avif-to-jpg-converter-ByBqWr-750x422.jpeg",750,422,true],"vidorev_thumb_16x9_3x":["https:\/\/tutarotero.com\/tv\/wp-content\/uploads\/2025\/03\/sony-afeela-rear-three-quarters-1672884756-ezgif.com-avif-to-jpg-converter-ByBqWr.jpeg",980,600,false],"vidorev_thumb_4x3_1x":["https:\/\/tutarotero.com\/tv\/wp-content\/uploads\/2025\/03\/sony-afeela-rear-three-quarters-1672884756-ezgif.com-avif-to-jpg-converter-ByBqWr-360x270.jpeg",360,270,true],"vidorev_thumb_4x3_2x":["https:\/\/tutarotero.com\/tv\/wp-content\/uploads\/2025\/03\/sony-afeela-rear-three-quarters-1672884756-ezgif.com-avif-to-jpg-converter-ByBqWr-720x540.jpeg",720,540,true],"vidorev_thumb_4x3_3x":["https:\/\/tutarotero.com\/tv\/wp-content\/uploads\/2025\/03\/sony-afeela-rear-three-quarters-1672884756-ezgif.com-avif-to-jpg-converter-ByBqWr.jpeg",980,600,false],"vidorev_thumb_2x3_0x":["https:\/\/tutarotero.com\/tv\/wp-content\/uploads\/2025\/03\/sony-afeela-rear-three-quarters-1672884756-ezgif.com-avif-to-jpg-converter-ByBqWr-165x248.jpeg",165,248,true],"vidorev_thumb_2x3_1x":["https:\/\/tutarotero.com\/tv\/wp-content\/uploads\/2025\/03\/sony-afeela-rear-three-quarters-1672884756-ezgif.com-avif-to-jpg-converter-ByBqWr-360x540.jpeg",360,540,true],"vidorev_thumb_2x3_2x":["https:\/\/tutarotero.com\/tv\/wp-content\/uploads\/2025\/03\/sony-afeela-rear-three-quarters-1672884756-ezgif.com-avif-to-jpg-converter-ByBqWr-600x600.jpeg",600,600,true]},"rttpg_author":{"display_name":"tvtarotero","author_link":"https:\/\/tutarotero.com\/tv\/?author=1"},"rttpg_comment":0,"rttpg_category":"<a href=\"https:\/\/tutarotero.com\/tv\/?cat=9\" rel=\"category\">Lo nuevo<\/a>","rttpg_excerpt":"Sony, en colaboraci\u00f3n con Honda, ha dado un paso audaz al ingresar al mercado de los veh\u00edculos el\u00e9ctricos con el Afeela 1, un sed\u00e1n de lujo que combina tecnolog\u00eda avanzada y dise\u00f1o elegante. Presentado en el Consumer Electronics Show (CES) 2025, el Afeela 1 refleja la uni\u00f3n de la experiencia tecnol\u00f3gica de Sony y la&hellip;","_links":{"self":[{"href":"https:\/\/tutarotero.com\/tv\/index.php?rest_route=\/wp\/v2\/posts\/2262","targetHints":{"allow":["GET"]}}],"collection":[{"href":"https:\/\/tutarotero.com\/tv\/index.php?rest_route=\/wp\/v2\/posts"}],"about":[{"href":"https:\/\/tutarotero.com\/tv\/index.php?rest_route=\/wp\/v2\/types\/post"}],"author":[{"embeddable":true,"href":"https:\/\/tutarotero.com\/tv\/index.php?rest_route=\/wp\/v2\/users\/1"}],"replies":[{"embeddable":true,"href":"https:\/\/tutarotero.com\/tv\/index.php?rest_route=%2Fwp%2Fv2%2Fcomments&post=2262"}],"version-history":[{"count":0,"href":"https:\/\/tutarotero.com\/tv\/index.php?rest_route=\/wp\/v2\/posts\/2262\/revisions"}],"wp:featuredmedia":[{"embeddable":true,"href":"https:\/\/tutarotero.com\/tv\/index.php?rest_route=\/wp\/v2\/media\/2241"}],"wp:attachment":[{"href":"https:\/\/tutarotero.com\/tv\/index.php?rest_route=%2Fwp%2Fv2%2Fmedia&parent=2262"}],"wp:term":[{"taxonomy":"category","embeddable":true,"href":"https:\/\/tutarotero.com\/tv\/index.php?rest_route=%2Fwp%2Fv2%2Fcategories&post=2262"},{"taxonomy":"post_tag","embeddable":true,"href":"https:\/\/tutarotero.com\/tv\/index.php?rest_route=%2Fwp%2Fv2%2Ftags&post=2262"}],"curies":[{"name":"wp","href":"https:\/\/api.w.org\/{rel}","templated":true}]}}