{"id":2264,"date":"2025-03-25T14:08:49","date_gmt":"2025-03-25T14:08:49","guid":{"rendered":"https:\/\/tutarotero.com\/tv\/?p=2264"},"modified":"2025-03-25T14:08:49","modified_gmt":"2025-03-25T14:08:49","slug":"mercedes-cla-2026-revolucion-o-solo-mas-de-lo-mismo","status":"publish","type":"post","link":"https:\/\/tutarotero.com\/tv\/?p=2264","title":{"rendered":"Mercedes CLA 2026: \u00bfRevoluci\u00f3n o solo m\u00e1s de lo mismo?"},"content":{"rendered":"<p>Mercedes-Benz quiere que creamos que el <strong>nuevo CLA 2026<\/strong> es una revoluci\u00f3n sobre ruedas. Desde su concepto inicial en 2023, la marca alemana nos prometi\u00f3 una berlina coup\u00e9 con tecnolog\u00eda de vanguardia, inspirada en el ultraeficiente <strong>Vision EQXX<\/strong>. Y s\u00ed, tiene <strong>un dise\u00f1o futurista, m\u00e1s de 400 millas de autonom\u00eda y tecnolog\u00eda de punta<\/strong>, pero\u2026 \u00bfrealmente es el auto que devolver\u00e1 a Mercedes su estatus de leyenda?<\/p>\n<figure aria-describedby=\"caption-attachment-2426\" class=\"wp-caption aligncenter\"><img loading=\"lazy\" decoding=\"async\" loading=\"lazy\" class=\"wp-image-2426 size-full\" src=\"https:\/\/puravelocidad.com\/wp-content\/uploads\/2025\/03\/2026-mercedes-benz-cla-ev-exterior-pr-100-67cee7b1a800a-ezgif.com-avif-to-jpg-converter.jpg\" alt=\"\" width=\"980\" height=\"653\"><figcaption class=\"wp-caption-text\">Imagen MercedesBenz CLA 250+ (RWD): 268Hp y tracci\u00f3n trasera.<\/figcaption><\/figure>\n<p>Lo cierto es que el CLA no la tiene f\u00e1cil. Se encuentra atrapado entre las presiones regulatorias para electrificarse y una clientela que <strong>a\u00fan no est\u00e1 lista para decirle adi\u00f3s a los motores de combusti\u00f3n<\/strong>. Para no perder a nadie en el camino, Mercedes ha tomado una decisi\u00f3n h\u00edbrida (en m\u00e1s de un sentido): ha creado un auto que puede ser <strong>100% el\u00e9ctrico o h\u00edbrido<\/strong>, seg\u00fan la versi\u00f3n. Pero, \u00bfesto lo convierte en un aut\u00e9ntico revolucionario o en un simple intento de complacer a todos?<\/p>\n<h3><strong>Dise\u00f1o: M\u00e1s ficci\u00f3n que revoluci\u00f3n<\/strong><\/h3>\n<p>A simple vista, el CLA 2026 parece un <strong>concept car que se materializ\u00f3 en la realidad<\/strong>. La silueta sigue la l\u00ednea de los sedanes coup\u00e9 de la marca, pero ahora con una carrocer\u00eda m\u00e1s musculosa y detalles futuristas. El frente es agresivo, con una parrilla iluminada que integra <strong>m\u00faltiples estrellas de Mercedes en LED<\/strong>, como si el auto estuviera decidido a recordarte en cada segundo qui\u00e9n lo fabrica. La aerodin\u00e1mica ha mejorado, con un coeficiente de arrastre de <strong>0.21 cD<\/strong>, bajando respecto a su predecesor (0.23 cD). Sin embargo, el tama\u00f1o ha crecido: <strong>2.4 pulgadas m\u00e1s de distancia entre ejes y 1.3 pulgadas m\u00e1s de largo<\/strong>. Esto significa m\u00e1s espacio, s\u00ed, pero tambi\u00e9n m\u00e1s peso.<\/p>\n<figure aria-describedby=\"caption-attachment-2427\" class=\"wp-caption aligncenter\"><img loading=\"lazy\" decoding=\"async\" loading=\"lazy\" class=\"wp-image-2427 size-full\" src=\"https:\/\/puravelocidad.com\/wp-content\/uploads\/2025\/03\/2026-mercedes-benz-cla-ev-exterior-pr-105-67cee7b1c82fd-ezgif.com-avif-to-jpg-converter.jpg\" alt=\"\" width=\"980\" height=\"653\"><figcaption class=\"wp-caption-text\">Imagen MercedesBenz CLA 250+ (RWD): 268Hp y tracci\u00f3n trasera.<\/figcaption><\/figure>\n<p>El interior es un festival de pantallas. Mercedes ha colocado un <strong>tr\u00edo digital<\/strong> en el tablero, incluyendo un panel de instrumentos de 10.3 pulgadas y una pantalla central de 14 pulgadas. Tambi\u00e9n hay una opci\u00f3n para una tercera pantalla para el pasajero. \u00bfInnovador o innecesario? Eso depende de cu\u00e1nto te guste interactuar con m\u00e1s pantallas que un centro de comando de la NASA. Ah, y s\u00ed, <strong>los botones f\u00edsicos siguen en extinci\u00f3n<\/strong>. Adi\u00f3s, perillas de volumen, hola, deslizadores t\u00e1ctiles frustrantes.<\/p>\n<h3><strong>Motorizaci\u00f3n: Entre la electrificaci\u00f3n y la nostalgia<\/strong><\/h3>\n<p>El nuevo CLA debuta primero como un <strong>EV<\/strong> y m\u00e1s tarde como un <strong>h\u00edbrido<\/strong>. <strong>\u00bfQu\u00e9 tenemos bajo el cap\u00f3 (o mejor dicho, bajo el piso)?<\/strong><\/p>\n<p><strong>Mercedes CLA EV:<\/strong><\/p>\n<ul data-spread=\"false\">\n<li><strong>CLA 250+ (RWD):<\/strong> 268 HP y tracci\u00f3n trasera.<\/li>\n<li><strong>CLA 350 4Matic (AWD):<\/strong> 349 HP y tracci\u00f3n total.<\/li>\n<li><strong>Bater\u00eda de 85 kWh<\/strong> con autonom\u00eda estimada de <strong>367-418 millas (EPA)<\/strong>.<\/li>\n<li><strong>Arquitectura de 800V<\/strong> con carga r\u00e1pida de hasta <strong>320 kW<\/strong> (0-80% en unos 15 minutos).<\/li>\n<li><strong>Transmisi\u00f3n de dos velocidades<\/strong> para mayor eficiencia a altas velocidades (similar al Porsche Taycan).<\/li>\n<li><strong>Regeneraci\u00f3n de frenado hasta 200 kW<\/strong>, con modo de conducci\u00f3n de un solo pedal.<\/li>\n<\/ul>\n<p><img decoding=\"async\" src=\"https:\/\/s.w.org\/images\/core\/emoji\/15.0.3\/72x72\/26fd.png\" alt=\"\u26fd\" class=\"wp-smiley\"> <strong>Mercedes CLA H\u00edbrido (pr\u00f3ximo en 2026):<\/strong><\/p>\n<ul data-spread=\"false\">\n<li>Motor <strong>1.5L turbo<\/strong> con <strong>sistema de 48V<\/strong>.<\/li>\n<li><strong>27 HP el\u00e9ctricos<\/strong> que pueden impulsar el auto en ciudad.<\/li>\n<li>Transmisi\u00f3n <strong>DCT de 8 velocidades<\/strong>.<\/li>\n<li>Versiones FWD y AWD<\/li>\n<\/ul>\n<figure aria-describedby=\"caption-attachment-2428\" class=\"wp-caption aligncenter\"><img loading=\"lazy\" decoding=\"async\" loading=\"lazy\" class=\"wp-image-2428 size-full\" src=\"https:\/\/puravelocidad.com\/wp-content\/uploads\/2025\/03\/2026-mercedes-benz-cla-ev-exterior-pr-103-67cee7b1d766a-ezgif.com-avif-to-jpg-converter.jpg\" alt=\"\" width=\"980\" height=\"653\"><figcaption class=\"wp-caption-text\">Imagen MercedesBenz CLA 250+ (RWD): 268Hp y tracci\u00f3n trasera.<\/figcaption><\/figure>\n<h3><strong>La Plataforma MMA: \u00bfCompromiso o ventaja?<\/strong><\/h3>\n<p>Mercedes ha desarrollado una nueva plataforma <strong>MMA (Mercedes-Benz Modular Architecture)<\/strong> para este modelo, que permite albergar tanto <strong>motores de combusti\u00f3n como el\u00e9ctricos<\/strong>. En teor\u00eda, esto da m\u00e1s flexibilidad a la marca y a los clientes, pero en la pr\u00e1ctica, <strong>es un compromiso<\/strong>. Cuando intentas construir una plataforma que sirva para todo, inevitablemente terminas con un auto m\u00e1s pesado y con espacios no optimizados. De hecho, el <strong>CLA 350 4Matic EV pesa 4,706 libras<\/strong>, \u00a1143 libras m\u00e1s que un Clase S en Europa! Un sed\u00e1n compacto con el peso de un tanque.<\/p>\n<figure aria-describedby=\"caption-attachment-2430\" class=\"wp-caption aligncenter\"><img loading=\"lazy\" decoding=\"async\" loading=\"lazy\" class=\"wp-image-2430 size-full\" src=\"https:\/\/puravelocidad.com\/wp-content\/uploads\/2025\/03\/2026-mercedes-benz-cla-ev-exterior-pr-120-67cee7b51ab69-ezgif.com-avif-to-jpg-converter.jpg\" alt=\"\" width=\"980\" height=\"653\"><figcaption class=\"wp-caption-text\">Imagen MercedesBenz CLA 350 4Matic EV 349Hp<\/figcaption><\/figure>\n<p>Esta plataforma compartida significa que el CLA tambi\u00e9n servir\u00e1 de base para los <strong>futuros GLA y GLB<\/strong>, que estar\u00e1n disponibles en versiones EV e h\u00edbridas. Sin embargo, este enfoque no es tan eficiente como un <strong>EV puro desde cero<\/strong>. Para referencia, BMW ha tomado un camino diferente, apostando por una plataforma 100% EV para sus futuros modelos <strong>Neue Klasse<\/strong>.<\/p>\n<h3><strong>\u00bfC\u00f3mo se siente al volante?<\/strong><\/h3>\n<p>Aunque a\u00fan falta probarlo en la vida real, las primeras impresiones indican que el <strong>CLA EV tiene una conducci\u00f3n suave, pero pesada<\/strong>. La combinaci\u00f3n de suspensi\u00f3n refinada y el bajo centro de gravedad gracias a las bater\u00edas deber\u00eda hacerlo estable en carretera, pero habr\u00e1 que ver si mantiene ese esp\u00edritu \u00e1gil que sol\u00edan tener los CLA con motores de combusti\u00f3n. <strong>El 0-60 mph en 4.8 segundos del CLA 350 AWD suena bien, pero no es revolucionario en el mundo de los EVs.<\/strong><\/p>\n<p>El <strong>freno es completamente by-wire<\/strong>, es decir, sin conexi\u00f3n mec\u00e1nica entre el pedal y el sistema de frenado. Todo depende de sensores y software para decidir c\u00f3mo mezclar frenado regenerativo y fricci\u00f3n. \u00bfInnovador? S\u00ed. \u00bfConfiable? Habr\u00e1 que ver. Pero si algo nos han ense\u00f1ado los sistemas de frenado by-wire en otros autos es que, cuando fallan, el p\u00e1nico es real.<\/p>\n<h3><strong>Tecnolog\u00eda y experiencia digital<\/strong><\/h3>\n<p>Mercedes quiere que su MBUX (sistema de infoentretenimiento) sea tu <strong>mejor amigo digital<\/strong>. Ahora, <strong>reconoce tu estado de \u00e1nimo por tu voz y cambia los colores del interior en consecuencia<\/strong>. Si suenas estresado, puede hacer que todo el ambiente sea m\u00e1s relajante. Si suenas emocionado, puede intensificar la iluminaci\u00f3n. Ah, y tambi\u00e9n incluye <strong>una app de radio con IA dise\u00f1ada por Will.i.am<\/strong>. Porque, claro, eso era justo lo que faltaba.<\/p>\n<figure aria-describedby=\"caption-attachment-2429\" class=\"wp-caption aligncenter\"><img loading=\"lazy\" decoding=\"async\" loading=\"lazy\" class=\"wp-image-2429 size-full\" src=\"https:\/\/puravelocidad.com\/wp-content\/uploads\/2025\/03\/2026-mercedes-benz-cla-ev-pr-101-67cee81d9a4bc-ezgif.com-avif-to-jpg-converter.jpg\" alt=\"\" width=\"980\" height=\"551\"><figcaption class=\"wp-caption-text\">Imagen MercedesBenz CLA 350 4Matic EV 349Hp<\/figcaption><\/figure>\n<p>En cuanto a la conectividad, el CLA integra <strong>Google Maps con IA<\/strong>, por lo que el sistema de navegaci\u00f3n es m\u00e1s intuitivo. La <strong>pantalla del pasajero<\/strong> permitir\u00e1 ver contenido multimedia o ajustar configuraciones del veh\u00edculo sin molestar al conductor.<\/p>\n<h3><strong>\u00bfVale la pena?<\/strong><\/h3>\n<p>Mercedes vendi\u00f3 este CLA como el inicio de una nueva era. Y s\u00ed, hay cosas que impresionan: <strong>800V, carga ultra r\u00e1pida, autonom\u00eda competitiva y mejoras en eficiencia aerodin\u00e1mica<\/strong>. Sin embargo, <strong>tambi\u00e9n hay \u00e1reas de compromiso<\/strong>. La plataforma compartida significa <strong>m\u00e1s peso y menos optimizaci\u00f3n para un EV puro<\/strong>, el interior prioriza las pantallas sobre los controles f\u00edsicos y el dise\u00f1o con LED en cada rinc\u00f3n podr\u00eda sentirse m\u00e1s como un truco de marketing que un avance real.<\/p>\n<p>El precio a\u00fan no se ha confirmado, pero se espera que est\u00e9 <strong>por debajo de los $60,000<\/strong>, enfrentando rivales como el <strong>Tesla Model 3 Performance y el BMW i4<\/strong>. En papel, tiene con qu\u00e9 competir, pero \u00bfser\u00e1 suficiente para recuperar la grandeza de Mercedes?<\/p>\n<p><strong>Conclusi\u00f3n: El CLA 2026 es un paso adelante en eficiencia, pero a\u00fan no es la revoluci\u00f3n que nos prometieron.<\/strong><\/p>\n<p>\u00a0<\/p>\n<p>The post <a href=\"https:\/\/puravelocidad.com\/mercedes-cla-2026-revolucion-o-solo-mas-de-lo-mismo\/\">Mercedes CLA 2026: \u00bfRevoluci\u00f3n o solo m\u00e1s de lo mismo?<\/a> appeared first on <a href=\"https:\/\/puravelocidad.com\/\">Pura Velocidad<\/a>.<\/p>\n","protected":false},"excerpt":{"rendered":"<p>Mercedes-Benz quiere que creamos que el <strong>nuevo CLA 2026<\/strong> es una revoluci\u00f3n sobre ruedas. Desde su concepto inicial en 2023, la marca alemana nos prometi\u00f3 una berlina coup\u00e9 con tecnolog\u00eda de vanguardia, inspirada en el ultraeficiente <strong>Vision EQXX<\/strong>. Y s\u00ed, tiene <strong>un dise\u00f1o futurista, m\u00e1s de 400 millas de autonom\u00eda y tecnolog\u00eda de punta<\/strong>, pero\u2026 \u00bfrealmente es el auto que devolver\u00e1 a Mercedes su estatus de leyenda?<\/p>\n<figure aria-describedby=\"caption-attachment-2426\" class=\"wp-caption aligncenter\"><img loading=\"lazy\" decoding=\"async\" loading=\"lazy\" class=\"wp-image-2426 size-full\" src=\"https:\/\/puravelocidad.com\/wp-content\/uploads\/2025\/03\/2026-mercedes-benz-cla-ev-exterior-pr-100-67cee7b1a800a-ezgif.com-avif-to-jpg-converter.jpg\" alt=\"\" width=\"980\" height=\"653\"><figcaption class=\"wp-caption-text\">Imagen MercedesBenz CLA 250+ (RWD): 268Hp y tracci\u00f3n trasera.<\/figcaption><\/figure>\n<p>Lo cierto es que el CLA no la tiene f\u00e1cil. Se encuentra atrapado entre las presiones regulatorias para electrificarse y una clientela que <strong>a\u00fan no est\u00e1 lista para decirle adi\u00f3s a los motores de combusti\u00f3n<\/strong>. Para no perder a nadie en el camino, Mercedes ha tomado una decisi\u00f3n h\u00edbrida (en m\u00e1s de un sentido): ha creado un auto que puede ser <strong>100% el\u00e9ctrico o h\u00edbrido<\/strong>, seg\u00fan la versi\u00f3n. Pero, \u00bfesto lo convierte en un aut\u00e9ntico revolucionario o en un simple intento de complacer a todos?<\/p>\n<h3><strong>Dise\u00f1o: M\u00e1s ficci\u00f3n que revoluci\u00f3n<\/strong><\/h3>\n<p>A simple vista, el CLA 2026 parece un <strong>concept car que se materializ\u00f3 en la realidad<\/strong>. La silueta sigue la l\u00ednea de los sedanes coup\u00e9 de la marca, pero ahora con una carrocer\u00eda m\u00e1s musculosa y detalles futuristas. El frente es agresivo, con una parrilla iluminada que integra <strong>m\u00faltiples estrellas de Mercedes en LED<\/strong>, como si el auto estuviera decidido a recordarte en cada segundo qui\u00e9n lo fabrica. La aerodin\u00e1mica ha mejorado, con un coeficiente de arrastre de <strong>0.21 cD<\/strong>, bajando respecto a su predecesor (0.23 cD). Sin embargo, el tama\u00f1o ha crecido: <strong>2.4 pulgadas m\u00e1s de distancia entre ejes y 1.3 pulgadas m\u00e1s de largo<\/strong>. Esto significa m\u00e1s espacio, s\u00ed, pero tambi\u00e9n m\u00e1s peso.<\/p>\n<figure aria-describedby=\"caption-attachment-2427\" class=\"wp-caption aligncenter\"><img loading=\"lazy\" decoding=\"async\" loading=\"lazy\" class=\"wp-image-2427 size-full\" src=\"https:\/\/puravelocidad.com\/wp-content\/uploads\/2025\/03\/2026-mercedes-benz-cla-ev-exterior-pr-105-67cee7b1c82fd-ezgif.com-avif-to-jpg-converter.jpg\" alt=\"\" width=\"980\" height=\"653\"><figcaption class=\"wp-caption-text\">Imagen MercedesBenz CLA 250+ (RWD): 268Hp y tracci\u00f3n trasera.<\/figcaption><\/figure>\n<p>El interior es un festival de pantallas. Mercedes ha colocado un <strong>tr\u00edo digital<\/strong> en el tablero, incluyendo un panel de instrumentos de 10.3 pulgadas y una pantalla central de 14 pulgadas. Tambi\u00e9n hay una opci\u00f3n para una tercera pantalla para el pasajero. \u00bfInnovador o innecesario? Eso depende de cu\u00e1nto te guste interactuar con m\u00e1s pantallas que un centro de comando de la NASA. Ah, y s\u00ed, <strong>los botones f\u00edsicos siguen en extinci\u00f3n<\/strong>. Adi\u00f3s, perillas de volumen, hola, deslizadores t\u00e1ctiles frustrantes.<\/p>\n<h3><strong>Motorizaci\u00f3n: Entre la electrificaci\u00f3n y la nostalgia<\/strong><\/h3>\n<p>El nuevo CLA debuta primero como un <strong>EV<\/strong> y m\u00e1s tarde como un <strong>h\u00edbrido<\/strong>. <strong>\u00bfQu\u00e9 tenemos bajo el cap\u00f3 (o mejor dicho, bajo el piso)?<\/strong><\/p>\n<p><strong>Mercedes CLA EV:<\/strong><\/p>\n<ul data-spread=\"false\">\n<li><strong>CLA 250+ (RWD):<\/strong> 268 HP y tracci\u00f3n trasera.<\/li>\n<li><strong>CLA 350 4Matic (AWD):<\/strong> 349 HP y tracci\u00f3n total.<\/li>\n<li><strong>Bater\u00eda de 85 kWh<\/strong> con autonom\u00eda estimada de <strong>367-418 millas (EPA)<\/strong>.<\/li>\n<li><strong>Arquitectura de 800V<\/strong> con carga r\u00e1pida de hasta <strong>320 kW<\/strong> (0-80% en unos 15 minutos).<\/li>\n<li><strong>Transmisi\u00f3n de dos velocidades<\/strong> para mayor eficiencia a altas velocidades (similar al Porsche Taycan).<\/li>\n<li><strong>Regeneraci\u00f3n de frenado hasta 200 kW<\/strong>, con modo de conducci\u00f3n de un solo pedal.<\/li>\n<\/ul>\n<p><img decoding=\"async\" src=\"https:\/\/s.w.org\/images\/core\/emoji\/15.0.3\/72x72\/26fd.png\" alt=\"\u26fd\" class=\"wp-smiley\"> <strong>Mercedes CLA H\u00edbrido (pr\u00f3ximo en 2026):<\/strong><\/p>\n<ul data-spread=\"false\">\n<li>Motor <strong>1.5L turbo<\/strong> con <strong>sistema de 48V<\/strong>.<\/li>\n<li><strong>27 HP el\u00e9ctricos<\/strong> que pueden impulsar el auto en ciudad.<\/li>\n<li>Transmisi\u00f3n <strong>DCT de 8 velocidades<\/strong>.<\/li>\n<li>Versiones FWD y AWD<\/li>\n<\/ul>\n<figure aria-describedby=\"caption-attachment-2428\" class=\"wp-caption aligncenter\"><img loading=\"lazy\" decoding=\"async\" loading=\"lazy\" class=\"wp-image-2428 size-full\" src=\"https:\/\/puravelocidad.com\/wp-content\/uploads\/2025\/03\/2026-mercedes-benz-cla-ev-exterior-pr-103-67cee7b1d766a-ezgif.com-avif-to-jpg-converter.jpg\" alt=\"\" width=\"980\" height=\"653\"><figcaption class=\"wp-caption-text\">Imagen MercedesBenz CLA 250+ (RWD): 268Hp y tracci\u00f3n trasera.<\/figcaption><\/figure>\n<h3><strong>La Plataforma MMA: \u00bfCompromiso o ventaja?<\/strong><\/h3>\n<p>Mercedes ha desarrollado una nueva plataforma <strong>MMA (Mercedes-Benz Modular Architecture)<\/strong> para este modelo, que permite albergar tanto <strong>motores de combusti\u00f3n como el\u00e9ctricos<\/strong>. En teor\u00eda, esto da m\u00e1s flexibilidad a la marca y a los clientes, pero en la pr\u00e1ctica, <strong>es un compromiso<\/strong>. Cuando intentas construir una plataforma que sirva para todo, inevitablemente terminas con un auto m\u00e1s pesado y con espacios no optimizados. De hecho, el <strong>CLA 350 4Matic EV pesa 4,706 libras<\/strong>, \u00a1143 libras m\u00e1s que un Clase S en Europa! Un sed\u00e1n compacto con el peso de un tanque.<\/p>\n<figure aria-describedby=\"caption-attachment-2430\" class=\"wp-caption aligncenter\"><img loading=\"lazy\" decoding=\"async\" loading=\"lazy\" class=\"wp-image-2430 size-full\" src=\"https:\/\/puravelocidad.com\/wp-content\/uploads\/2025\/03\/2026-mercedes-benz-cla-ev-exterior-pr-120-67cee7b51ab69-ezgif.com-avif-to-jpg-converter.jpg\" alt=\"\" width=\"980\" height=\"653\"><figcaption class=\"wp-caption-text\">Imagen MercedesBenz CLA 350 4Matic EV 349Hp<\/figcaption><\/figure>\n<p>Esta plataforma compartida significa que el CLA tambi\u00e9n servir\u00e1 de base para los <strong>futuros GLA y GLB<\/strong>, que estar\u00e1n disponibles en versiones EV e h\u00edbridas. Sin embargo, este enfoque no es tan eficiente como un <strong>EV puro desde cero<\/strong>. Para referencia, BMW ha tomado un camino diferente, apostando por una plataforma 100% EV para sus futuros modelos <strong>Neue Klasse<\/strong>.<\/p>\n<h3><strong>\u00bfC\u00f3mo se siente al volante?<\/strong><\/h3>\n<p>Aunque a\u00fan falta probarlo en la vida real, las primeras impresiones indican que el <strong>CLA EV tiene una conducci\u00f3n suave, pero pesada<\/strong>. La combinaci\u00f3n de suspensi\u00f3n refinada y el bajo centro de gravedad gracias a las bater\u00edas deber\u00eda hacerlo estable en carretera, pero habr\u00e1 que ver si mantiene ese esp\u00edritu \u00e1gil que sol\u00edan tener los CLA con motores de combusti\u00f3n. <strong>El 0-60 mph en 4.8 segundos del CLA 350 AWD suena bien, pero no es revolucionario en el mundo de los EVs.<\/strong><\/p>\n<p>El <strong>freno es completamente by-wire<\/strong>, es decir, sin conexi\u00f3n mec\u00e1nica entre el pedal y el sistema de frenado. Todo depende de sensores y software para decidir c\u00f3mo mezclar frenado regenerativo y fricci\u00f3n. \u00bfInnovador? S\u00ed. \u00bfConfiable? Habr\u00e1 que ver. Pero si algo nos han ense\u00f1ado los sistemas de frenado by-wire en otros autos es que, cuando fallan, el p\u00e1nico es real.<\/p>\n<h3><strong>Tecnolog\u00eda y experiencia digital<\/strong><\/h3>\n<p>Mercedes quiere que su MBUX (sistema de infoentretenimiento) sea tu <strong>mejor amigo digital<\/strong>. Ahora, <strong>reconoce tu estado de \u00e1nimo por tu voz y cambia los colores del interior en consecuencia<\/strong>. Si suenas estresado, puede hacer que todo el ambiente sea m\u00e1s relajante. Si suenas emocionado, puede intensificar la iluminaci\u00f3n. Ah, y tambi\u00e9n incluye <strong>una app de radio con IA dise\u00f1ada por Will.i.am<\/strong>. Porque, claro, eso era justo lo que faltaba.<\/p>\n<figure aria-describedby=\"caption-attachment-2429\" class=\"wp-caption aligncenter\"><img loading=\"lazy\" decoding=\"async\" loading=\"lazy\" class=\"wp-image-2429 size-full\" src=\"https:\/\/puravelocidad.com\/wp-content\/uploads\/2025\/03\/2026-mercedes-benz-cla-ev-pr-101-67cee81d9a4bc-ezgif.com-avif-to-jpg-converter.jpg\" alt=\"\" width=\"980\" height=\"551\"><figcaption class=\"wp-caption-text\">Imagen MercedesBenz CLA 350 4Matic EV 349Hp<\/figcaption><\/figure>\n<p>En cuanto a la conectividad, el CLA integra <strong>Google Maps con IA<\/strong>, por lo que el sistema de navegaci\u00f3n es m\u00e1s intuitivo. La <strong>pantalla del pasajero<\/strong> permitir\u00e1 ver contenido multimedia o ajustar configuraciones del veh\u00edculo sin molestar al conductor.<\/p>\n<h3><strong>\u00bfVale la pena?<\/strong><\/h3>\n<p>Mercedes vendi\u00f3 este CLA como el inicio de una nueva era. Y s\u00ed, hay cosas que impresionan: <strong>800V, carga ultra r\u00e1pida, autonom\u00eda competitiva y mejoras en eficiencia aerodin\u00e1mica<\/strong>. Sin embargo, <strong>tambi\u00e9n hay \u00e1reas de compromiso<\/strong>. La plataforma compartida significa <strong>m\u00e1s peso y menos optimizaci\u00f3n para un EV puro<\/strong>, el interior prioriza las pantallas sobre los controles f\u00edsicos y el dise\u00f1o con LED en cada rinc\u00f3n podr\u00eda sentirse m\u00e1s como un truco de marketing que un avance real.<\/p>\n<p>El precio a\u00fan no se ha confirmado, pero se espera que est\u00e9 <strong>por debajo de los $60,000<\/strong>, enfrentando rivales como el <strong>Tesla Model 3 Performance y el BMW i4<\/strong>. En papel, tiene con qu\u00e9 competir, pero \u00bfser\u00e1 suficiente para recuperar la grandeza de Mercedes?<\/p>\n<p><strong>Conclusi\u00f3n: El CLA 2026 es un paso adelante en eficiencia, pero a\u00fan no es la revoluci\u00f3n que nos prometieron.<\/strong><\/p>\n<p>\u00a0<\/p>\n<p>The post <a href=\"https:\/\/puravelocidad.com\/mercedes-cla-2026-revolucion-o-solo-mas-de-lo-mismo\/\">Mercedes CLA 2026: \u00bfRevoluci\u00f3n o solo m\u00e1s de lo mismo?<\/a> appeared first on <a href=\"https:\/\/puravelocidad.com\/\">Pura Velocidad<\/a>.<\/p>\n","protected":false},"author":1,"featured_media":2237,"comment_status":"open","ping_status":"open","sticky":false,"template":"","format":"standard","meta":{"footnotes":""},"categories":[9],"tags":[],"class_list":["post-2264","post","type-post","status-publish","format-standard","has-post-thumbnail","hentry","category-lonuevo-puravelocid-ad"],"cmb2":{"poster_feature_image":{"vid_m_player_background":"","vid_m_poster_image":"","vid_m_poster_image_id":""},"gif_feature_image":{"vid_m_gif_image":"","vid_m_gif_image_id":""},"video_movie_settings":{"vid_m_director":"","vid_m_actor":"","vid_m_imdb_ratings":"","vid_m_amazon_associates":"","vid_m_vid_tmdb_movie":"","vid_m_vid_tmdb_tv_shows":"","vid_m_vid_tmdb_thumb":""},"vid_ads_m_videoads_settings_post":{"vid_ads_m_video_ads":"","vid_ads_m_video_ads_type":"","vid_ads_m_group_google_ima":"","vid_ads_m_group_image":"","vid_ads_m_group_html5_video":"","vid_ads_m_group_html":"","vid_ads_m_vpaid_mode":"","vid_ads_m_vast_preroll":"","vid_ads_m_vast_postroll":"","vid_ads_m_vast_pauseroll":"","vid_ads_m_vast_midroll":"","vid_ads_m_group_dynamic":"","vid_ads_m_time_to_show_ads":"","vid_ads_m_time_skip_ads":"","vid_ads_m_time_to_hide_ads":""},"feature_image_settings":{"feature_image_position":""},"video_player_settings":{"single_video_style":"","video_player_position":"","vm_video_url_btn_choose":"","vm_video_url_btn_choose_id":"","vm_video_url":"","vm_video_ratio":"","vm_video_ratio_mobile":"","video_player_library":"","plyr_player":"","video_streaming":"","vm_video_shortcode":"","vm_video_timelapse":"","vm_media_subtitles":"","vm_media_sources":"","vid_vtt_preview":"","vid_vtt_preview_vtt_file":"","vid_vtt_preview_vtt_file_id":"","vid_vtt_preview_sprite_image":"","vid_vtt_preview_sprite_image_id":"","vid_auto_play":"","vid_preview_mode":"","vm_video_trailer_manl_url":"","vm_screenshot_preview":"","vid_tags":"","vid_p_sync_playlist":"","vid_c_sync_channel":"","get_post_format":"","multiple_links_structure":"","multi_links_title":"","original_video_title":"","multi_links_series":"","vm_video_multi_links":"","vm_duration":"","vid_social_locker":"","vid_locker_mode":"","vid_social_locker_id":"","vid_social_email_locker_id":"","vid_social_signin_locker_id":"","sv_login_to_watch":"","vid_membership_action":"","vm_video_trailer_url":"","vid_download_type":"","vid_download_target":"","vid_woo_product":"","vid_download_mode":"","vid_download_mode_trailer":"","vm_media_download":"","user_rating":"","user_rating_position":"","user_rating_mode":"","user_rating_multi_sets":"","ads_above_single_player":""},"video_auto_fetch_settings":{"vm_video_fetch":""},"video_fake_views_likes":{"vm_fake_views":"","vm_fake_likes":"","vm_fake_dislikes":""},"gallery_settings":{"gallery_position":""},"quote_settings":{"quote_position":""},"post_options":{"main_layout":"","main_logo":"","main_logo_id":"","main_logo_retina":"","main_logo_retina_id":"","main_logo_mobile":"","main_logo_mobile_id":"","main_logo_mobile_retina":"","main_logo_mobile_retina_id":"","sticky_logo":"","sticky_logo_id":"","sticky_logo_retina":"","sticky_logo_retina_id":"","main_nav_layout":"","header_background":"","theme_sidebar":"","single_post_comment_type":"","theme_background":""}},"rttpg_featured_image_url":{"full":["https:\/\/tutarotero.com\/tv\/wp-content\/uploads\/2025\/03\/2026-mercedes-benz-cla-ev-exterior-pr-100-67cee7b1a800a-ezgif.com-avif-to-jpg-converter-VQnZji.jpeg",980,653,false],"landscape":["https:\/\/tutarotero.com\/tv\/wp-content\/uploads\/2025\/03\/2026-mercedes-benz-cla-ev-exterior-pr-100-67cee7b1a800a-ezgif.com-avif-to-jpg-converter-VQnZji.jpeg",980,653,false],"portraits":["https:\/\/tutarotero.com\/tv\/wp-content\/uploads\/2025\/03\/2026-mercedes-benz-cla-ev-exterior-pr-100-67cee7b1a800a-ezgif.com-avif-to-jpg-converter-VQnZji.jpeg",980,653,false],"thumbnail":["https:\/\/tutarotero.com\/tv\/wp-content\/uploads\/2025\/03\/2026-mercedes-benz-cla-ev-exterior-pr-100-67cee7b1a800a-ezgif.com-avif-to-jpg-converter-VQnZji-150x150.jpeg",150,150,true],"medium":["https:\/\/tutarotero.com\/tv\/wp-content\/uploads\/2025\/03\/2026-mercedes-benz-cla-ev-exterior-pr-100-67cee7b1a800a-ezgif.com-avif-to-jpg-converter-VQnZji-300x200.jpeg",300,200,true],"large":["https:\/\/tutarotero.com\/tv\/wp-content\/uploads\/2025\/03\/2026-mercedes-benz-cla-ev-exterior-pr-100-67cee7b1a800a-ezgif.com-avif-to-jpg-converter-VQnZji.jpeg",640,426,false],"1536x1536":["https:\/\/tutarotero.com\/tv\/wp-content\/uploads\/2025\/03\/2026-mercedes-benz-cla-ev-exterior-pr-100-67cee7b1a800a-ezgif.com-avif-to-jpg-converter-VQnZji.jpeg",980,653,false],"2048x2048":["https:\/\/tutarotero.com\/tv\/wp-content\/uploads\/2025\/03\/2026-mercedes-benz-cla-ev-exterior-pr-100-67cee7b1a800a-ezgif.com-avif-to-jpg-converter-VQnZji.jpeg",980,653,false],"vidorev_thumb_1x1_0x":["https:\/\/tutarotero.com\/tv\/wp-content\/uploads\/2025\/03\/2026-mercedes-benz-cla-ev-exterior-pr-100-67cee7b1a800a-ezgif.com-avif-to-jpg-converter-VQnZji-60x60.jpeg",60,60,true],"vidorev_thumb_1x1_1x":["https:\/\/tutarotero.com\/tv\/wp-content\/uploads\/2025\/03\/2026-mercedes-benz-cla-ev-exterior-pr-100-67cee7b1a800a-ezgif.com-avif-to-jpg-converter-VQnZji-100x100.jpeg",100,100,true],"vidorev_thumb_1x1_2x":["https:\/\/tutarotero.com\/tv\/wp-content\/uploads\/2025\/03\/2026-mercedes-benz-cla-ev-exterior-pr-100-67cee7b1a800a-ezgif.com-avif-to-jpg-converter-VQnZji-200x200.jpeg",200,200,true],"vidorev_thumb_1x1_3x":["https:\/\/tutarotero.com\/tv\/wp-content\/uploads\/2025\/03\/2026-mercedes-benz-cla-ev-exterior-pr-100-67cee7b1a800a-ezgif.com-avif-to-jpg-converter-VQnZji-268x268.jpeg",268,268,true],"vidorev_thumb_2point7x1_1x":["https:\/\/tutarotero.com\/tv\/wp-content\/uploads\/2025\/03\/2026-mercedes-benz-cla-ev-exterior-pr-100-67cee7b1a800a-ezgif.com-avif-to-jpg-converter-VQnZji-346x130.jpeg",346,130,true],"vidorev_thumb_2point7x1_2x":["https:\/\/tutarotero.com\/tv\/wp-content\/uploads\/2025\/03\/2026-mercedes-benz-cla-ev-exterior-pr-100-67cee7b1a800a-ezgif.com-avif-to-jpg-converter-VQnZji-568x213.jpeg",568,213,true],"vidorev_thumb_2point7x1_3x":["https:\/\/tutarotero.com\/tv\/wp-content\/uploads\/2025\/03\/2026-mercedes-benz-cla-ev-exterior-pr-100-67cee7b1a800a-ezgif.com-avif-to-jpg-converter-VQnZji-980x426.jpeg",980,426,true],"vidorev_thumb_4x3_0point5x":["https:\/\/tutarotero.com\/tv\/wp-content\/uploads\/2025\/03\/2026-mercedes-benz-cla-ev-exterior-pr-100-67cee7b1a800a-ezgif.com-avif-to-jpg-converter-VQnZji-282x212.jpeg",282,212,true],"vidorev_thumb_4x3_1point5x":["https:\/\/tutarotero.com\/tv\/wp-content\/uploads\/2025\/03\/2026-mercedes-benz-cla-ev-exterior-pr-100-67cee7b1a800a-ezgif.com-avif-to-jpg-converter-VQnZji-568x426.jpeg",568,426,true],"vidorev_thumb_2x3_0point3x":["https:\/\/tutarotero.com\/tv\/wp-content\/uploads\/2025\/03\/2026-mercedes-benz-cla-ev-exterior-pr-100-67cee7b1a800a-ezgif.com-avif-to-jpg-converter-VQnZji-60x90.jpeg",60,90,true],"vidorev_thumb_16x9_0x":["https:\/\/tutarotero.com\/tv\/wp-content\/uploads\/2025\/03\/2026-mercedes-benz-cla-ev-exterior-pr-100-67cee7b1a800a-ezgif.com-avif-to-jpg-converter-VQnZji-236x133.jpeg",236,133,true],"vidorev_thumb_16x9_1x":["https:\/\/tutarotero.com\/tv\/wp-content\/uploads\/2025\/03\/2026-mercedes-benz-cla-ev-exterior-pr-100-67cee7b1a800a-ezgif.com-avif-to-jpg-converter-VQnZji-360x203.jpeg",360,203,true],"vidorev_thumb_16x9_2x":["https:\/\/tutarotero.com\/tv\/wp-content\/uploads\/2025\/03\/2026-mercedes-benz-cla-ev-exterior-pr-100-67cee7b1a800a-ezgif.com-avif-to-jpg-converter-VQnZji-750x422.jpeg",750,422,true],"vidorev_thumb_16x9_3x":["https:\/\/tutarotero.com\/tv\/wp-content\/uploads\/2025\/03\/2026-mercedes-benz-cla-ev-exterior-pr-100-67cee7b1a800a-ezgif.com-avif-to-jpg-converter-VQnZji.jpeg",980,653,false],"vidorev_thumb_4x3_1x":["https:\/\/tutarotero.com\/tv\/wp-content\/uploads\/2025\/03\/2026-mercedes-benz-cla-ev-exterior-pr-100-67cee7b1a800a-ezgif.com-avif-to-jpg-converter-VQnZji-360x270.jpeg",360,270,true],"vidorev_thumb_4x3_2x":["https:\/\/tutarotero.com\/tv\/wp-content\/uploads\/2025\/03\/2026-mercedes-benz-cla-ev-exterior-pr-100-67cee7b1a800a-ezgif.com-avif-to-jpg-converter-VQnZji-720x540.jpeg",720,540,true],"vidorev_thumb_4x3_3x":["https:\/\/tutarotero.com\/tv\/wp-content\/uploads\/2025\/03\/2026-mercedes-benz-cla-ev-exterior-pr-100-67cee7b1a800a-ezgif.com-avif-to-jpg-converter-VQnZji.jpeg",980,653,false],"vidorev_thumb_2x3_0x":["https:\/\/tutarotero.com\/tv\/wp-content\/uploads\/2025\/03\/2026-mercedes-benz-cla-ev-exterior-pr-100-67cee7b1a800a-ezgif.com-avif-to-jpg-converter-VQnZji-165x248.jpeg",165,248,true],"vidorev_thumb_2x3_1x":["https:\/\/tutarotero.com\/tv\/wp-content\/uploads\/2025\/03\/2026-mercedes-benz-cla-ev-exterior-pr-100-67cee7b1a800a-ezgif.com-avif-to-jpg-converter-VQnZji-360x540.jpeg",360,540,true],"vidorev_thumb_2x3_2x":["https:\/\/tutarotero.com\/tv\/wp-content\/uploads\/2025\/03\/2026-mercedes-benz-cla-ev-exterior-pr-100-67cee7b1a800a-ezgif.com-avif-to-jpg-converter-VQnZji-600x653.jpeg",600,653,true]},"rttpg_author":{"display_name":"tvtarotero","author_link":"https:\/\/tutarotero.com\/tv\/?author=1"},"rttpg_comment":0,"rttpg_category":"<a href=\"https:\/\/tutarotero.com\/tv\/?cat=9\" rel=\"category\">Lo nuevo<\/a>","rttpg_excerpt":"Mercedes-Benz quiere que creamos que el nuevo CLA 2026 es una revoluci\u00f3n sobre ruedas. Desde su concepto inicial en 2023, la marca alemana nos prometi\u00f3 una berlina coup\u00e9 con tecnolog\u00eda de vanguardia, inspirada en el ultraeficiente Vision EQXX. Y s\u00ed, tiene un dise\u00f1o futurista, m\u00e1s de 400 millas de autonom\u00eda y tecnolog\u00eda de punta, pero\u2026&hellip;","_links":{"self":[{"href":"https:\/\/tutarotero.com\/tv\/index.php?rest_route=\/wp\/v2\/posts\/2264","targetHints":{"allow":["GET"]}}],"collection":[{"href":"https:\/\/tutarotero.com\/tv\/index.php?rest_route=\/wp\/v2\/posts"}],"about":[{"href":"https:\/\/tutarotero.com\/tv\/index.php?rest_route=\/wp\/v2\/types\/post"}],"author":[{"embeddable":true,"href":"https:\/\/tutarotero.com\/tv\/index.php?rest_route=\/wp\/v2\/users\/1"}],"replies":[{"embeddable":true,"href":"https:\/\/tutarotero.com\/tv\/index.php?rest_route=%2Fwp%2Fv2%2Fcomments&post=2264"}],"version-history":[{"count":0,"href":"https:\/\/tutarotero.com\/tv\/index.php?rest_route=\/wp\/v2\/posts\/2264\/revisions"}],"wp:featuredmedia":[{"embeddable":true,"href":"https:\/\/tutarotero.com\/tv\/index.php?rest_route=\/wp\/v2\/media\/2237"}],"wp:attachment":[{"href":"https:\/\/tutarotero.com\/tv\/index.php?rest_route=%2Fwp%2Fv2%2Fmedia&parent=2264"}],"wp:term":[{"taxonomy":"category","embeddable":true,"href":"https:\/\/tutarotero.com\/tv\/index.php?rest_route=%2Fwp%2Fv2%2Fcategories&post=2264"},{"taxonomy":"post_tag","embeddable":true,"href":"https:\/\/tutarotero.com\/tv\/index.php?rest_route=%2Fwp%2Fv2%2Ftags&post=2264"}],"curies":[{"name":"wp","href":"https:\/\/api.w.org\/{rel}","templated":true}]}}