{"id":2268,"date":"2025-03-25T14:08:50","date_gmt":"2025-03-25T14:08:50","guid":{"rendered":"https:\/\/tutarotero.com\/tv\/?p=2268"},"modified":"2025-03-25T14:08:50","modified_gmt":"2025-03-25T14:08:50","slug":"es90-el-sedan-electrico-que-redefine-el-futuro-de-volvo","status":"publish","type":"post","link":"https:\/\/tutarotero.com\/tv\/?p=2268","title":{"rendered":"ES90 el sed\u00e1n el\u00e9ctrico que redefine el futuro de Volvo"},"content":{"rendered":"<p>Volvo acaba de lanzar el <strong>ES90<\/strong>, un sed\u00e1n 100% el\u00e9ctrico que no solo apunta a liderar el segmento de lujo, sino que tambi\u00e9n acelera la carrera de la marca hacia la sustentabilidad. Con una combinaci\u00f3n de tecnolog\u00eda de punta, una autonom\u00eda sorprendente y el caracter\u00edstico enfoque en seguridad de la firma sueca, el ES90 promete ser mucho m\u00e1s que un simple auto el\u00e9ctrico: es un vistazo al futuro de la movilidad premium.<\/p>\n<h1><strong>Tecnolog\u00eda de vanguardia: Bienvenidos al futuro seg\u00fan Volvo<\/strong><\/h1>\n<p>Siguiendo los pasos del SUV EX90, el <strong>Volvo ES90<\/strong> est\u00e1 construido sobre la avanzada arquitectura tecnol\u00f3gica <strong>Superset<\/strong> de la marca. Este sistema cuenta con una unidad de procesamiento central capaz de ejecutar <strong>m\u00e1s de 500 billones de operaciones por segundo<\/strong>, lo que le permite recibir actualizaciones OTA (Over-The-Air) que mejoran sus funciones con el tiempo. En otras palabras, este no es solo un auto de lujo, es un auto que se vuelve m\u00e1s inteligente con cada actualizaci\u00f3n.<\/p>\n<blockquote>\n<h4><strong><em>\u201cEl Volvo ES90 es uno de los veh\u00edculos m\u00e1s avanzados del mercado y est\u00e1 dise\u00f1ado para evolucionar con el tiempo\u201d<\/em>, afirma Anders Bell, director de ingenier\u00eda y tecnolog\u00eda de Volvo.<\/strong><\/h4>\n<\/blockquote>\n<p>En t\u00e9rminos de confort, Volvo no escatim\u00f3 en esfuerzos. El ES90 cuenta con la <strong>tercera generaci\u00f3n de motores el\u00e9ctricos de la marca<\/strong>, junto con una suspensi\u00f3n neum\u00e1tica de doble c\u00e1mara y un chasis activo que filtra imperfecciones del camino con precisi\u00f3n quir\u00fargica. De hecho, Volvo asegura que su cabina es la <strong>m\u00e1s silenciosa que jam\u00e1s hayan creado<\/strong>, e incluso integra un avanzado sistema de <strong>purificaci\u00f3n de aire<\/strong>.<\/p>\n<figure aria-describedby=\"caption-attachment-2277\" class=\"wp-caption aligncenter\"><img loading=\"lazy\" decoding=\"async\" loading=\"lazy\" class=\"wp-image-2277 size-full\" src=\"https:\/\/puravelocidad.com\/wp-content\/uploads\/2025\/03\/MjEzMjY0NTY5MDI2ODgxMzcz-ezgif.com-webp-to-jpg-converter.jpg\" alt=\"\" width=\"700\" height=\"468\"><figcaption class=\"wp-caption-text\">Imagen VOLVO<\/figcaption><\/figure>\n<p>Pero lo m\u00e1s impresionante es su tecnolog\u00eda de seguridad. Adem\u00e1s de los cl\u00e1sicos sistemas de asistencia al conductor, el ES90 introduce la innovadora <strong>Safe Space Technology<\/strong>, basada en el an\u00e1lisis de datos de accidentes reales. El sistema puede detectar si la atenci\u00f3n del conductor se desv\u00eda del camino y tomar el control de manera proactiva si es necesario. Y en caso de que te preocupe dejar algo en el asiento trasero, el <strong>sensor de ocupantes traseros<\/strong> del ES90 es tan sensible que puede detectar la respiraci\u00f3n de un beb\u00e9. S\u00ed, as\u00ed de preciso.<\/p>\n<h1><strong>Rango y carga: m\u00e1s millas, menos espera<\/strong><\/h1>\n<p>Gracias a su avanzada tecnolog\u00eda de <strong>800V<\/strong>, el <strong>Volvo ES90<\/strong> redefine las expectativas en autonom\u00eda y velocidad de carga. Con <strong>hasta 435 millas de autonom\u00eda<\/strong>, se posiciona en el extremo superior del sector de los veh\u00edculos el\u00e9ctricos. Pero lo realmente impresionante es su capacidad de recarga: <strong>en solo 10 minutos, puede recuperar 186 millas de autonom\u00eda<\/strong>. Es decir, una pausa para el caf\u00e9 y listo, puedes seguir tu camino sin preocupaciones.<\/p>\n<p>Adem\u00e1s, el <strong>ES90 es bidireccional<\/strong>, lo que significa que no solo puede almacenar energ\u00eda, sino tambi\u00e9n <strong>alimentar tu casa<\/strong> o devolver electricidad a la red para reducir costos energ\u00e9ticos. Un auto que no solo se mueve, sino que tambi\u00e9n piensa en tu factura de luz.<\/p>\n<figure aria-describedby=\"caption-attachment-2278\" class=\"wp-caption aligncenter\"><img loading=\"lazy\" decoding=\"async\" loading=\"lazy\" class=\"wp-image-2278 size-full\" src=\"https:\/\/puravelocidad.com\/wp-content\/uploads\/2025\/03\/MjEzMjY0NTY5MDI2NzUwMzAx-ezgif.com-webp-to-jpg-converter.jpg\" alt=\"\" width=\"700\" height=\"468\"><figcaption class=\"wp-caption-text\">Imagen VOLVO<\/figcaption><\/figure>\n<h1><strong>Desempe\u00f1o: Lujo con car\u00e1cter deportivo<\/strong><\/h1>\n<p>La versi\u00f3n <strong>Twin Motor<\/strong> del ES90 viene con <strong>tracci\u00f3n total de serie<\/strong>, ofreciendo una potencia combinada de <strong>442 hp y 494 lb-ft de torque<\/strong>. Su bater\u00eda de <strong>106 kWh<\/strong> le permite acelerar de <strong>0 a 60 mph en apenas 5.3 segundos<\/strong>, un tiempo respetable para un sed\u00e1n de lujo que no busca ser un superdeportivo, pero tampoco quiere quedarse atr\u00e1s en la pista. Pero si buscas mas potencia<\/p>\n<figure aria-describedby=\"caption-attachment-2279\" class=\"wp-caption aligncenter\"><img loading=\"lazy\" decoding=\"async\" loading=\"lazy\" class=\"wp-image-2279 size-full\" src=\"https:\/\/puravelocidad.com\/wp-content\/uploads\/2025\/03\/342452-volvo-es90-interior-67c78561e936d-ezgif.com-avif-to-jpg-converter.jpg\" alt=\"\" width=\"980\" height=\"735\"><figcaption class=\"wp-caption-text\">Imagen VOLVO<\/figcaption><\/figure>\n<figure aria-describedby=\"caption-attachment-2280\" class=\"wp-caption aligncenter\"><img loading=\"lazy\" decoding=\"async\" loading=\"lazy\" class=\"wp-image-2280 size-full\" src=\"https:\/\/puravelocidad.com\/wp-content\/uploads\/2025\/03\/342415-volvo-es90-interior-67c785640dfd3-ezgif.com-avif-to-jpg-converter.jpg\" alt=\"\" width=\"980\" height=\"654\"><figcaption class=\"wp-caption-text\">Imagen VOLVO<\/figcaption><\/figure>\n<h1 data-pm-slice=\"1 1 []\"><strong>El Volvo ES90 alcanza hasta 670 caballos de fuerza<\/strong><\/h1>\n<p data-pm-slice=\"1 1 []\">Para quienes buscan el m\u00e1ximo rendimiento, el <strong>Twin Motor Performance<\/strong> es la elecci\u00f3n definitiva. Este modelo incluye <strong>tracci\u00f3n total de serie<\/strong>, una bater\u00eda de <strong>106 kWh<\/strong> y desata un impresionante <strong>670 caballos de fuerza y 635 lb-ft de torque<\/strong>. \u00bfEl resultado? Una aceleraci\u00f3n de <strong>0 a 60 mph en solo 3.9 segundos<\/strong>, colocando al ES90 en la liga de los sedanes el\u00e9ctricos m\u00e1s veloces del mercado.<\/p>\n<p>El <strong>Volvo ES90<\/strong> llegar\u00e1 con tres opciones de tren motriz, cada una equipada con la \u00faltima tecnolog\u00eda de la marca sueca. La versi\u00f3n de entrada, <strong>Single Motor<\/strong>, cuenta con <strong>tracci\u00f3n trasera<\/strong> y una bater\u00eda de <strong>92 kWh<\/strong>. Esta configuraci\u00f3n genera <strong>329 caballos de fuerza y 354 lb-ft de torque<\/strong>, lo que le permite acelerar de <strong>0 a 60 mph en 6.7 segundos<\/strong>.<\/p>\n<figure aria-describedby=\"caption-attachment-2281\" class=\"wp-caption aligncenter\"><img loading=\"lazy\" decoding=\"async\" loading=\"lazy\" class=\"wp-image-2281 size-full\" src=\"https:\/\/puravelocidad.com\/wp-content\/uploads\/2025\/03\/342394-volvo-es90-exterior-67c78465a7beb-ezgif.com-avif-to-jpg-converter.jpg\" alt=\"\" width=\"980\" height=\"599\"><figcaption class=\"wp-caption-text\">Imagen VOLVO<\/figcaption><\/figure>\n<h1><strong>El camino hacia la electrificaci\u00f3n total<\/strong><\/h1>\n<p>El <strong>Volvo ES90<\/strong> no es solo un nuevo modelo en el cat\u00e1logo de la marca, sino un <strong>paso firme hacia la completa electrificaci\u00f3n de Volvo<\/strong>, que planea ser una marca <strong>100% el\u00e9ctrica antes de 2040<\/strong>. Con su impresionante combinaci\u00f3n de tecnolog\u00eda, seguridad y rendimiento, el ES90 no solo representa el presente de Volvo, sino que se proyecta como uno de los modelos m\u00e1s avanzados y atractivos del mercado de veh\u00edculos el\u00e9ctricos.<\/p>\n<figure aria-describedby=\"caption-attachment-2282\" class=\"wp-caption aligncenter\"><img loading=\"lazy\" decoding=\"async\" loading=\"lazy\" class=\"wp-image-2282 size-full\" src=\"https:\/\/puravelocidad.com\/wp-content\/uploads\/2025\/03\/MjEzMjY0NTY5MDI2NDg4MTU3-ezgif.com-webp-to-jpg-converter-1.jpg\" alt=\"\" width=\"700\" height=\"468\"><figcaption class=\"wp-caption-text\">Imagen VOLVO<\/figcaption><\/figure>\n<h1><strong>Conclusi\u00f3n: Un sed\u00e1n que mira al futuro<\/strong><\/h1>\n<p>A simple vista, el <strong>Volvo ES90<\/strong> podr\u00eda parecer un sed\u00e1n el\u00e9ctrico de lujo m\u00e1s. Pero cuando rascamos la superficie, encontramos una m\u00e1quina con <strong>una autonom\u00eda superior a las 400 millas, una potencia de procesamiento de \u00faltima generaci\u00f3n y tiempos de carga que pocos pueden igualar<\/strong>. Volvo no solo ha creado un sed\u00e1n el\u00e9ctrico, ha puesto sobre la mesa una <strong>declaraci\u00f3n de intenciones<\/strong> sobre lo que ser\u00e1 la pr\u00f3xima generaci\u00f3n de veh\u00edculos premium.<\/p>\n<p>El futuro de los autos el\u00e9ctricos de lujo ya est\u00e1 aqu\u00ed, y su nombre es <strong>Volvo ES90<\/strong>.<\/p>\n<p>\u00a0<\/p>\n<p>The post <a href=\"https:\/\/puravelocidad.com\/2274-2\/\">ES90 el sed\u00e1n el\u00e9ctrico que redefine el futuro de Volvo<\/a> appeared first on <a href=\"https:\/\/puravelocidad.com\/\">Pura Velocidad<\/a>.<\/p>\n","protected":false},"excerpt":{"rendered":"<p>Volvo acaba de lanzar el <strong>ES90<\/strong>, un sed\u00e1n 100% el\u00e9ctrico que no solo apunta a liderar el segmento de lujo, sino que tambi\u00e9n acelera la carrera de la marca hacia la sustentabilidad. Con una combinaci\u00f3n de tecnolog\u00eda de punta, una autonom\u00eda sorprendente y el caracter\u00edstico enfoque en seguridad de la firma sueca, el ES90 promete ser mucho m\u00e1s que un simple auto el\u00e9ctrico: es un vistazo al futuro de la movilidad premium.<\/p>\n<h1><strong>Tecnolog\u00eda de vanguardia: Bienvenidos al futuro seg\u00fan Volvo<\/strong><\/h1>\n<p>Siguiendo los pasos del SUV EX90, el <strong>Volvo ES90<\/strong> est\u00e1 construido sobre la avanzada arquitectura tecnol\u00f3gica <strong>Superset<\/strong> de la marca. Este sistema cuenta con una unidad de procesamiento central capaz de ejecutar <strong>m\u00e1s de 500 billones de operaciones por segundo<\/strong>, lo que le permite recibir actualizaciones OTA (Over-The-Air) que mejoran sus funciones con el tiempo. En otras palabras, este no es solo un auto de lujo, es un auto que se vuelve m\u00e1s inteligente con cada actualizaci\u00f3n.<\/p>\n<blockquote>\n<h4><strong><em>\u201cEl Volvo ES90 es uno de los veh\u00edculos m\u00e1s avanzados del mercado y est\u00e1 dise\u00f1ado para evolucionar con el tiempo\u201d<\/em>, afirma Anders Bell, director de ingenier\u00eda y tecnolog\u00eda de Volvo.<\/strong><\/h4>\n<\/blockquote>\n<p>En t\u00e9rminos de confort, Volvo no escatim\u00f3 en esfuerzos. El ES90 cuenta con la <strong>tercera generaci\u00f3n de motores el\u00e9ctricos de la marca<\/strong>, junto con una suspensi\u00f3n neum\u00e1tica de doble c\u00e1mara y un chasis activo que filtra imperfecciones del camino con precisi\u00f3n quir\u00fargica. De hecho, Volvo asegura que su cabina es la <strong>m\u00e1s silenciosa que jam\u00e1s hayan creado<\/strong>, e incluso integra un avanzado sistema de <strong>purificaci\u00f3n de aire<\/strong>.<\/p>\n<figure aria-describedby=\"caption-attachment-2277\" class=\"wp-caption aligncenter\"><img loading=\"lazy\" decoding=\"async\" loading=\"lazy\" class=\"wp-image-2277 size-full\" src=\"https:\/\/puravelocidad.com\/wp-content\/uploads\/2025\/03\/MjEzMjY0NTY5MDI2ODgxMzcz-ezgif.com-webp-to-jpg-converter.jpg\" alt=\"\" width=\"700\" height=\"468\"><figcaption class=\"wp-caption-text\">Imagen VOLVO<\/figcaption><\/figure>\n<p>Pero lo m\u00e1s impresionante es su tecnolog\u00eda de seguridad. Adem\u00e1s de los cl\u00e1sicos sistemas de asistencia al conductor, el ES90 introduce la innovadora <strong>Safe Space Technology<\/strong>, basada en el an\u00e1lisis de datos de accidentes reales. El sistema puede detectar si la atenci\u00f3n del conductor se desv\u00eda del camino y tomar el control de manera proactiva si es necesario. Y en caso de que te preocupe dejar algo en el asiento trasero, el <strong>sensor de ocupantes traseros<\/strong> del ES90 es tan sensible que puede detectar la respiraci\u00f3n de un beb\u00e9. S\u00ed, as\u00ed de preciso.<\/p>\n<h1><strong>Rango y carga: m\u00e1s millas, menos espera<\/strong><\/h1>\n<p>Gracias a su avanzada tecnolog\u00eda de <strong>800V<\/strong>, el <strong>Volvo ES90<\/strong> redefine las expectativas en autonom\u00eda y velocidad de carga. Con <strong>hasta 435 millas de autonom\u00eda<\/strong>, se posiciona en el extremo superior del sector de los veh\u00edculos el\u00e9ctricos. Pero lo realmente impresionante es su capacidad de recarga: <strong>en solo 10 minutos, puede recuperar 186 millas de autonom\u00eda<\/strong>. Es decir, una pausa para el caf\u00e9 y listo, puedes seguir tu camino sin preocupaciones.<\/p>\n<p>Adem\u00e1s, el <strong>ES90 es bidireccional<\/strong>, lo que significa que no solo puede almacenar energ\u00eda, sino tambi\u00e9n <strong>alimentar tu casa<\/strong> o devolver electricidad a la red para reducir costos energ\u00e9ticos. Un auto que no solo se mueve, sino que tambi\u00e9n piensa en tu factura de luz.<\/p>\n<figure aria-describedby=\"caption-attachment-2278\" class=\"wp-caption aligncenter\"><img loading=\"lazy\" decoding=\"async\" loading=\"lazy\" class=\"wp-image-2278 size-full\" src=\"https:\/\/puravelocidad.com\/wp-content\/uploads\/2025\/03\/MjEzMjY0NTY5MDI2NzUwMzAx-ezgif.com-webp-to-jpg-converter.jpg\" alt=\"\" width=\"700\" height=\"468\"><figcaption class=\"wp-caption-text\">Imagen VOLVO<\/figcaption><\/figure>\n<h1><strong>Desempe\u00f1o: Lujo con car\u00e1cter deportivo<\/strong><\/h1>\n<p>La versi\u00f3n <strong>Twin Motor<\/strong> del ES90 viene con <strong>tracci\u00f3n total de serie<\/strong>, ofreciendo una potencia combinada de <strong>442 hp y 494 lb-ft de torque<\/strong>. Su bater\u00eda de <strong>106 kWh<\/strong> le permite acelerar de <strong>0 a 60 mph en apenas 5.3 segundos<\/strong>, un tiempo respetable para un sed\u00e1n de lujo que no busca ser un superdeportivo, pero tampoco quiere quedarse atr\u00e1s en la pista. Pero si buscas mas potencia<\/p>\n<figure aria-describedby=\"caption-attachment-2279\" class=\"wp-caption aligncenter\"><img loading=\"lazy\" decoding=\"async\" loading=\"lazy\" class=\"wp-image-2279 size-full\" src=\"https:\/\/puravelocidad.com\/wp-content\/uploads\/2025\/03\/342452-volvo-es90-interior-67c78561e936d-ezgif.com-avif-to-jpg-converter.jpg\" alt=\"\" width=\"980\" height=\"735\"><figcaption class=\"wp-caption-text\">Imagen VOLVO<\/figcaption><\/figure>\n<figure aria-describedby=\"caption-attachment-2280\" class=\"wp-caption aligncenter\"><img loading=\"lazy\" decoding=\"async\" loading=\"lazy\" class=\"wp-image-2280 size-full\" src=\"https:\/\/puravelocidad.com\/wp-content\/uploads\/2025\/03\/342415-volvo-es90-interior-67c785640dfd3-ezgif.com-avif-to-jpg-converter.jpg\" alt=\"\" width=\"980\" height=\"654\"><figcaption class=\"wp-caption-text\">Imagen VOLVO<\/figcaption><\/figure>\n<h1 data-pm-slice=\"1 1 []\"><strong>El Volvo ES90 alcanza hasta 670 caballos de fuerza<\/strong><\/h1>\n<p data-pm-slice=\"1 1 []\">Para quienes buscan el m\u00e1ximo rendimiento, el <strong>Twin Motor Performance<\/strong> es la elecci\u00f3n definitiva. Este modelo incluye <strong>tracci\u00f3n total de serie<\/strong>, una bater\u00eda de <strong>106 kWh<\/strong> y desata un impresionante <strong>670 caballos de fuerza y 635 lb-ft de torque<\/strong>. \u00bfEl resultado? Una aceleraci\u00f3n de <strong>0 a 60 mph en solo 3.9 segundos<\/strong>, colocando al ES90 en la liga de los sedanes el\u00e9ctricos m\u00e1s veloces del mercado.<\/p>\n<p>El <strong>Volvo ES90<\/strong> llegar\u00e1 con tres opciones de tren motriz, cada una equipada con la \u00faltima tecnolog\u00eda de la marca sueca. La versi\u00f3n de entrada, <strong>Single Motor<\/strong>, cuenta con <strong>tracci\u00f3n trasera<\/strong> y una bater\u00eda de <strong>92 kWh<\/strong>. Esta configuraci\u00f3n genera <strong>329 caballos de fuerza y 354 lb-ft de torque<\/strong>, lo que le permite acelerar de <strong>0 a 60 mph en 6.7 segundos<\/strong>.<\/p>\n<figure aria-describedby=\"caption-attachment-2281\" class=\"wp-caption aligncenter\"><img loading=\"lazy\" decoding=\"async\" loading=\"lazy\" class=\"wp-image-2281 size-full\" src=\"https:\/\/puravelocidad.com\/wp-content\/uploads\/2025\/03\/342394-volvo-es90-exterior-67c78465a7beb-ezgif.com-avif-to-jpg-converter.jpg\" alt=\"\" width=\"980\" height=\"599\"><figcaption class=\"wp-caption-text\">Imagen VOLVO<\/figcaption><\/figure>\n<h1><strong>El camino hacia la electrificaci\u00f3n total<\/strong><\/h1>\n<p>El <strong>Volvo ES90<\/strong> no es solo un nuevo modelo en el cat\u00e1logo de la marca, sino un <strong>paso firme hacia la completa electrificaci\u00f3n de Volvo<\/strong>, que planea ser una marca <strong>100% el\u00e9ctrica antes de 2040<\/strong>. Con su impresionante combinaci\u00f3n de tecnolog\u00eda, seguridad y rendimiento, el ES90 no solo representa el presente de Volvo, sino que se proyecta como uno de los modelos m\u00e1s avanzados y atractivos del mercado de veh\u00edculos el\u00e9ctricos.<\/p>\n<figure aria-describedby=\"caption-attachment-2282\" class=\"wp-caption aligncenter\"><img loading=\"lazy\" decoding=\"async\" loading=\"lazy\" class=\"wp-image-2282 size-full\" src=\"https:\/\/puravelocidad.com\/wp-content\/uploads\/2025\/03\/MjEzMjY0NTY5MDI2NDg4MTU3-ezgif.com-webp-to-jpg-converter-1.jpg\" alt=\"\" width=\"700\" height=\"468\"><figcaption class=\"wp-caption-text\">Imagen VOLVO<\/figcaption><\/figure>\n<h1><strong>Conclusi\u00f3n: Un sed\u00e1n que mira al futuro<\/strong><\/h1>\n<p>A simple vista, el <strong>Volvo ES90<\/strong> podr\u00eda parecer un sed\u00e1n el\u00e9ctrico de lujo m\u00e1s. Pero cuando rascamos la superficie, encontramos una m\u00e1quina con <strong>una autonom\u00eda superior a las 400 millas, una potencia de procesamiento de \u00faltima generaci\u00f3n y tiempos de carga que pocos pueden igualar<\/strong>. Volvo no solo ha creado un sed\u00e1n el\u00e9ctrico, ha puesto sobre la mesa una <strong>declaraci\u00f3n de intenciones<\/strong> sobre lo que ser\u00e1 la pr\u00f3xima generaci\u00f3n de veh\u00edculos premium.<\/p>\n<p>El futuro de los autos el\u00e9ctricos de lujo ya est\u00e1 aqu\u00ed, y su nombre es <strong>Volvo ES90<\/strong>.<\/p>\n<p>\u00a0<\/p>\n<p>The post <a href=\"https:\/\/puravelocidad.com\/2274-2\/\">ES90 el sed\u00e1n el\u00e9ctrico que redefine el futuro de Volvo<\/a> appeared first on <a href=\"https:\/\/puravelocidad.com\/\">Pura Velocidad<\/a>.<\/p>\n","protected":false},"author":1,"featured_media":2220,"comment_status":"open","ping_status":"open","sticky":false,"template":"","format":"standard","meta":{"footnotes":""},"categories":[9],"tags":[],"class_list":["post-2268","post","type-post","status-publish","format-standard","has-post-thumbnail","hentry","category-lonuevo-puravelocid-ad"],"cmb2":{"poster_feature_image":{"vid_m_player_background":"","vid_m_poster_image":"","vid_m_poster_image_id":""},"gif_feature_image":{"vid_m_gif_image":"","vid_m_gif_image_id":""},"video_movie_settings":{"vid_m_director":"","vid_m_actor":"","vid_m_imdb_ratings":"","vid_m_amazon_associates":"","vid_m_vid_tmdb_movie":"","vid_m_vid_tmdb_tv_shows":"","vid_m_vid_tmdb_thumb":""},"vid_ads_m_videoads_settings_post":{"vid_ads_m_video_ads":"","vid_ads_m_video_ads_type":"","vid_ads_m_group_google_ima":"","vid_ads_m_group_image":"","vid_ads_m_group_html5_video":"","vid_ads_m_group_html":"","vid_ads_m_vpaid_mode":"","vid_ads_m_vast_preroll":"","vid_ads_m_vast_postroll":"","vid_ads_m_vast_pauseroll":"","vid_ads_m_vast_midroll":"","vid_ads_m_group_dynamic":"","vid_ads_m_time_to_show_ads":"","vid_ads_m_time_skip_ads":"","vid_ads_m_time_to_hide_ads":""},"feature_image_settings":{"feature_image_position":""},"video_player_settings":{"single_video_style":"","video_player_position":"","vm_video_url_btn_choose":"","vm_video_url_btn_choose_id":"","vm_video_url":"","vm_video_ratio":"","vm_video_ratio_mobile":"","video_player_library":"","plyr_player":"","video_streaming":"","vm_video_shortcode":"","vm_video_timelapse":"","vm_media_subtitles":"","vm_media_sources":"","vid_vtt_preview":"","vid_vtt_preview_vtt_file":"","vid_vtt_preview_vtt_file_id":"","vid_vtt_preview_sprite_image":"","vid_vtt_preview_sprite_image_id":"","vid_auto_play":"","vid_preview_mode":"","vm_video_trailer_manl_url":"","vm_screenshot_preview":"","vid_tags":"","vid_p_sync_playlist":"","vid_c_sync_channel":"","get_post_format":"","multiple_links_structure":"","multi_links_title":"","original_video_title":"","multi_links_series":"","vm_video_multi_links":"","vm_duration":"","vid_social_locker":"","vid_locker_mode":"","vid_social_locker_id":"","vid_social_email_locker_id":"","vid_social_signin_locker_id":"","sv_login_to_watch":"","vid_membership_action":"","vm_video_trailer_url":"","vid_download_type":"","vid_download_target":"","vid_woo_product":"","vid_download_mode":"","vid_download_mode_trailer":"","vm_media_download":"","user_rating":"","user_rating_position":"","user_rating_mode":"","user_rating_multi_sets":"","ads_above_single_player":""},"video_auto_fetch_settings":{"vm_video_fetch":""},"video_fake_views_likes":{"vm_fake_views":"","vm_fake_likes":"","vm_fake_dislikes":""},"gallery_settings":{"gallery_position":""},"quote_settings":{"quote_position":""},"post_options":{"main_layout":"","main_logo":"","main_logo_id":"","main_logo_retina":"","main_logo_retina_id":"","main_logo_mobile":"","main_logo_mobile_id":"","main_logo_mobile_retina":"","main_logo_mobile_retina_id":"","sticky_logo":"","sticky_logo_id":"","sticky_logo_retina":"","sticky_logo_retina_id":"","main_nav_layout":"","header_background":"","theme_sidebar":"","single_post_comment_type":"","theme_background":""}},"rttpg_featured_image_url":{"full":["https:\/\/tutarotero.com\/tv\/wp-content\/uploads\/2025\/03\/MjEzMjY0NTY5MDI2ODgxMzcz-ezgif.com-webp-to-jpg-converter-NxldFx.jpeg",700,468,false],"landscape":["https:\/\/tutarotero.com\/tv\/wp-content\/uploads\/2025\/03\/MjEzMjY0NTY5MDI2ODgxMzcz-ezgif.com-webp-to-jpg-converter-NxldFx.jpeg",700,468,false],"portraits":["https:\/\/tutarotero.com\/tv\/wp-content\/uploads\/2025\/03\/MjEzMjY0NTY5MDI2ODgxMzcz-ezgif.com-webp-to-jpg-converter-NxldFx.jpeg",700,468,false],"thumbnail":["https:\/\/tutarotero.com\/tv\/wp-content\/uploads\/2025\/03\/MjEzMjY0NTY5MDI2ODgxMzcz-ezgif.com-webp-to-jpg-converter-NxldFx-150x150.jpeg",150,150,true],"medium":["https:\/\/tutarotero.com\/tv\/wp-content\/uploads\/2025\/03\/MjEzMjY0NTY5MDI2ODgxMzcz-ezgif.com-webp-to-jpg-converter-NxldFx-300x201.jpeg",300,201,true],"large":["https:\/\/tutarotero.com\/tv\/wp-content\/uploads\/2025\/03\/MjEzMjY0NTY5MDI2ODgxMzcz-ezgif.com-webp-to-jpg-converter-NxldFx.jpeg",640,428,false],"1536x1536":["https:\/\/tutarotero.com\/tv\/wp-content\/uploads\/2025\/03\/MjEzMjY0NTY5MDI2ODgxMzcz-ezgif.com-webp-to-jpg-converter-NxldFx.jpeg",700,468,false],"2048x2048":["https:\/\/tutarotero.com\/tv\/wp-content\/uploads\/2025\/03\/MjEzMjY0NTY5MDI2ODgxMzcz-ezgif.com-webp-to-jpg-converter-NxldFx.jpeg",700,468,false],"vidorev_thumb_1x1_0x":["https:\/\/tutarotero.com\/tv\/wp-content\/uploads\/2025\/03\/MjEzMjY0NTY5MDI2ODgxMzcz-ezgif.com-webp-to-jpg-converter-NxldFx-60x60.jpeg",60,60,true],"vidorev_thumb_1x1_1x":["https:\/\/tutarotero.com\/tv\/wp-content\/uploads\/2025\/03\/MjEzMjY0NTY5MDI2ODgxMzcz-ezgif.com-webp-to-jpg-converter-NxldFx-100x100.jpeg",100,100,true],"vidorev_thumb_1x1_2x":["https:\/\/tutarotero.com\/tv\/wp-content\/uploads\/2025\/03\/MjEzMjY0NTY5MDI2ODgxMzcz-ezgif.com-webp-to-jpg-converter-NxldFx-200x200.jpeg",200,200,true],"vidorev_thumb_1x1_3x":["https:\/\/tutarotero.com\/tv\/wp-content\/uploads\/2025\/03\/MjEzMjY0NTY5MDI2ODgxMzcz-ezgif.com-webp-to-jpg-converter-NxldFx-268x268.jpeg",268,268,true],"vidorev_thumb_2point7x1_1x":["https:\/\/tutarotero.com\/tv\/wp-content\/uploads\/2025\/03\/MjEzMjY0NTY5MDI2ODgxMzcz-ezgif.com-webp-to-jpg-converter-NxldFx-346x130.jpeg",346,130,true],"vidorev_thumb_2point7x1_2x":["https:\/\/tutarotero.com\/tv\/wp-content\/uploads\/2025\/03\/MjEzMjY0NTY5MDI2ODgxMzcz-ezgif.com-webp-to-jpg-converter-NxldFx-568x213.jpeg",568,213,true],"vidorev_thumb_2point7x1_3x":["https:\/\/tutarotero.com\/tv\/wp-content\/uploads\/2025\/03\/MjEzMjY0NTY5MDI2ODgxMzcz-ezgif.com-webp-to-jpg-converter-NxldFx-700x426.jpeg",700,426,true],"vidorev_thumb_4x3_0point5x":["https:\/\/tutarotero.com\/tv\/wp-content\/uploads\/2025\/03\/MjEzMjY0NTY5MDI2ODgxMzcz-ezgif.com-webp-to-jpg-converter-NxldFx-282x212.jpeg",282,212,true],"vidorev_thumb_4x3_1point5x":["https:\/\/tutarotero.com\/tv\/wp-content\/uploads\/2025\/03\/MjEzMjY0NTY5MDI2ODgxMzcz-ezgif.com-webp-to-jpg-converter-NxldFx-568x426.jpeg",568,426,true],"vidorev_thumb_2x3_0point3x":["https:\/\/tutarotero.com\/tv\/wp-content\/uploads\/2025\/03\/MjEzMjY0NTY5MDI2ODgxMzcz-ezgif.com-webp-to-jpg-converter-NxldFx-60x90.jpeg",60,90,true],"vidorev_thumb_16x9_0x":["https:\/\/tutarotero.com\/tv\/wp-content\/uploads\/2025\/03\/MjEzMjY0NTY5MDI2ODgxMzcz-ezgif.com-webp-to-jpg-converter-NxldFx-236x133.jpeg",236,133,true],"vidorev_thumb_16x9_1x":["https:\/\/tutarotero.com\/tv\/wp-content\/uploads\/2025\/03\/MjEzMjY0NTY5MDI2ODgxMzcz-ezgif.com-webp-to-jpg-converter-NxldFx-360x203.jpeg",360,203,true],"vidorev_thumb_16x9_2x":["https:\/\/tutarotero.com\/tv\/wp-content\/uploads\/2025\/03\/MjEzMjY0NTY5MDI2ODgxMzcz-ezgif.com-webp-to-jpg-converter-NxldFx-700x422.jpeg",700,422,true],"vidorev_thumb_16x9_3x":["https:\/\/tutarotero.com\/tv\/wp-content\/uploads\/2025\/03\/MjEzMjY0NTY5MDI2ODgxMzcz-ezgif.com-webp-to-jpg-converter-NxldFx.jpeg",700,468,false],"vidorev_thumb_4x3_1x":["https:\/\/tutarotero.com\/tv\/wp-content\/uploads\/2025\/03\/MjEzMjY0NTY5MDI2ODgxMzcz-ezgif.com-webp-to-jpg-converter-NxldFx-360x270.jpeg",360,270,true],"vidorev_thumb_4x3_2x":["https:\/\/tutarotero.com\/tv\/wp-content\/uploads\/2025\/03\/MjEzMjY0NTY5MDI2ODgxMzcz-ezgif.com-webp-to-jpg-converter-NxldFx.jpeg",700,468,false],"vidorev_thumb_4x3_3x":["https:\/\/tutarotero.com\/tv\/wp-content\/uploads\/2025\/03\/MjEzMjY0NTY5MDI2ODgxMzcz-ezgif.com-webp-to-jpg-converter-NxldFx.jpeg",700,468,false],"vidorev_thumb_2x3_0x":["https:\/\/tutarotero.com\/tv\/wp-content\/uploads\/2025\/03\/MjEzMjY0NTY5MDI2ODgxMzcz-ezgif.com-webp-to-jpg-converter-NxldFx-165x248.jpeg",165,248,true],"vidorev_thumb_2x3_1x":["https:\/\/tutarotero.com\/tv\/wp-content\/uploads\/2025\/03\/MjEzMjY0NTY5MDI2ODgxMzcz-ezgif.com-webp-to-jpg-converter-NxldFx-360x468.jpeg",360,468,true],"vidorev_thumb_2x3_2x":["https:\/\/tutarotero.com\/tv\/wp-content\/uploads\/2025\/03\/MjEzMjY0NTY5MDI2ODgxMzcz-ezgif.com-webp-to-jpg-converter-NxldFx-600x468.jpeg",600,468,true]},"rttpg_author":{"display_name":"tvtarotero","author_link":"https:\/\/tutarotero.com\/tv\/?author=1"},"rttpg_comment":0,"rttpg_category":"<a href=\"https:\/\/tutarotero.com\/tv\/?cat=9\" rel=\"category\">Lo nuevo<\/a>","rttpg_excerpt":"Volvo acaba de lanzar el ES90, un sed\u00e1n 100% el\u00e9ctrico que no solo apunta a liderar el segmento de lujo, sino que tambi\u00e9n acelera la carrera de la marca hacia la sustentabilidad. Con una combinaci\u00f3n de tecnolog\u00eda de punta, una autonom\u00eda sorprendente y el caracter\u00edstico enfoque en seguridad de la firma sueca, el ES90 promete&hellip;","_links":{"self":[{"href":"https:\/\/tutarotero.com\/tv\/index.php?rest_route=\/wp\/v2\/posts\/2268","targetHints":{"allow":["GET"]}}],"collection":[{"href":"https:\/\/tutarotero.com\/tv\/index.php?rest_route=\/wp\/v2\/posts"}],"about":[{"href":"https:\/\/tutarotero.com\/tv\/index.php?rest_route=\/wp\/v2\/types\/post"}],"author":[{"embeddable":true,"href":"https:\/\/tutarotero.com\/tv\/index.php?rest_route=\/wp\/v2\/users\/1"}],"replies":[{"embeddable":true,"href":"https:\/\/tutarotero.com\/tv\/index.php?rest_route=%2Fwp%2Fv2%2Fcomments&post=2268"}],"version-history":[{"count":0,"href":"https:\/\/tutarotero.com\/tv\/index.php?rest_route=\/wp\/v2\/posts\/2268\/revisions"}],"wp:featuredmedia":[{"embeddable":true,"href":"https:\/\/tutarotero.com\/tv\/index.php?rest_route=\/wp\/v2\/media\/2220"}],"wp:attachment":[{"href":"https:\/\/tutarotero.com\/tv\/index.php?rest_route=%2Fwp%2Fv2%2Fmedia&parent=2268"}],"wp:term":[{"taxonomy":"category","embeddable":true,"href":"https:\/\/tutarotero.com\/tv\/index.php?rest_route=%2Fwp%2Fv2%2Fcategories&post=2268"},{"taxonomy":"post_tag","embeddable":true,"href":"https:\/\/tutarotero.com\/tv\/index.php?rest_route=%2Fwp%2Fv2%2Ftags&post=2268"}],"curies":[{"name":"wp","href":"https:\/\/api.w.org\/{rel}","templated":true}]}}