{"id":2290,"date":"2025-03-31T18:21:47","date_gmt":"2025-03-31T18:21:47","guid":{"rendered":"https:\/\/tutarotero.com\/tv\/?p=2290"},"modified":"2025-03-31T18:21:47","modified_gmt":"2025-03-31T18:21:47","slug":"cadillac-optiq-ev-2025-elegancia-electrica-sin-complicaciones","status":"publish","type":"post","link":"https:\/\/tutarotero.com\/tv\/?p=2290","title":{"rendered":"Cadillac Optiq EV 2025: Elegancia el\u00e9ctrica sin complicaciones"},"content":{"rendered":"<p class=\"\" data-start=\"302\" data-end=\"692\">El mundo de los SUV el\u00e9ctricos de lujo acaba de recibir un nuevo contendiente, y viene con la insignia de Cadillac. El <strong data-start=\"421\" data-end=\"438\">Optiq EV 2025<\/strong> no solo busca competir, sino tambi\u00e9n marcar la pauta con un dise\u00f1o estilizado, una din\u00e1mica de conducci\u00f3n precisa y una autonom\u00eda que lo coloca por delante de sus rivales. Y s\u00ed, suena como \u201cOptic\u201d, pero lo que entrega es una visi\u00f3n muy clara del futuro.<\/p>\n<h2 class=\"\" data-start=\"694\" data-end=\"744\"><strong data-start=\"697\" data-end=\"744\">Dise\u00f1o que engancha desde el primer vistazo<\/strong><\/h2>\n<p class=\"\" data-start=\"746\" data-end=\"1181\">El <strong data-start=\"749\" data-end=\"767\">Cadillac Optiq<\/strong> no es un SUV que se pierde en el mar de dise\u00f1os gen\u00e9ricos. Su silueta es limpia, bien proporcionada y estilizada, con un parabrisas inclinado y una trasera que remata en una luneta descendente, otorg\u00e1ndole un aire deportivo. A nivel de dimensiones, el Optiq mide <strong data-start=\"1031\" data-end=\"1058\">189.8 pulgadas de largo<\/strong>, con una generosa distancia entre ejes de <strong data-start=\"1101\" data-end=\"1119\">116.3 pulgadas<\/strong>, lo que le da una postura plantada y una presencia innegable.<\/p>\n<figure aria-describedby=\"caption-attachment-2581\" class=\"wp-caption alignright\"><img fetchpriority=\"high\" decoding=\"async\" class=\"wp-image-2581 size-full\" src=\"https:\/\/puravelocidad.com\/wp-content\/uploads\/2025\/03\/2025-cadillac-optiq-104-67d99c9803dd2-ezgif.com-avif-to-jpg-converter.jpg\" alt=\"\" width=\"980\" height=\"653\"><figcaption class=\"wp-caption-text\">Imagen Cadillac<\/figcaption><\/figure>\n<p class=\"\" data-start=\"1183\" data-end=\"1553\">Comparado con el <strong data-start=\"1200\" data-end=\"1218\">Audi Q4 e-tron<\/strong> o el <strong data-start=\"1224\" data-end=\"1245\">Mercedes-Benz EQB<\/strong>, el Optiq no solo es m\u00e1s largo, sino tambi\u00e9n m\u00e1s elegante. Su tama\u00f1o no es un capricho: permite la instalaci\u00f3n de una bater\u00eda de <strong data-start=\"1375\" data-end=\"1385\">85 kWh<\/strong>, la m\u00e1s grande del segmento, lo que se traduce en una excelente autonom\u00eda de <strong data-start=\"1463\" data-end=\"1507\">302 millas (484 km) estimadas por la EPA<\/strong>. Es, sin duda, uno de sus puntos m\u00e1s fuertes.<\/p>\n<h2 class=\"\" data-start=\"1555\" data-end=\"1595\"><strong data-start=\"1558\" data-end=\"1595\">Potencia el\u00e9ctrica bien calibrada<\/strong><\/h2>\n<p class=\"\" data-start=\"1597\" data-end=\"1959\">El tren motriz del Optiq es sofisticado pero l\u00f3gico. Utiliza <strong data-start=\"1658\" data-end=\"1684\">dos motores el\u00e9ctricos<\/strong>, uno en cada eje, lo que le permite tracci\u00f3n total. El motor delantero es un <strong data-start=\"1762\" data-end=\"1802\">s\u00edncrono de imanes permanentes (PSM)<\/strong> que se mantiene siempre activo, mientras que el trasero, de <strong data-start=\"1863\" data-end=\"1876\">inducci\u00f3n<\/strong>, entra en juego cuando se necesita un empuje adicional o para mejorar la tracci\u00f3n.<\/p>\n<p class=\"\" data-start=\"1961\" data-end=\"2228\">En total, genera <strong data-start=\"1978\" data-end=\"2011\">300 hp y 354 lb-pie de torque<\/strong>, coloc\u00e1ndose en un rango competitivo frente a sus rivales alemanes y coreanos. A\u00fan no hay cifras oficiales de aceleraci\u00f3n, pero las sensaciones al volante lo ubican en la zona de los <strong data-start=\"2195\" data-end=\"2227\">5.2 segundos de 0 a 100 km\/h<\/strong>.<\/p>\n<figure aria-describedby=\"caption-attachment-2582\" class=\"wp-caption aligncenter\"><img decoding=\"async\" class=\"wp-image-2582 size-full\" src=\"https:\/\/puravelocidad.com\/wp-content\/uploads\/2025\/03\/2025-cadillac-optiq-111-6657434b81263-ezgif.com-avif-to-jpg-converter.jpg\" alt=\"\" width=\"980\" height=\"551\"><figcaption class=\"wp-caption-text\">Imagen Cadillac<\/figcaption><\/figure>\n<h2 class=\"\" data-start=\"2230\" data-end=\"2272\"><strong data-start=\"2233\" data-end=\"2272\">Suspensi\u00f3n pasiva, pero inteligente<\/strong><\/h2>\n<p class=\"\" data-start=\"2274\" data-end=\"2702\">\u00bfAmortiguadores adaptativos? No aqu\u00ed. Y no hacen falta. Cadillac apuesta por un sistema pasivo llamado <strong data-start=\"2377\" data-end=\"2393\">Passive Plus<\/strong>, que incluye amortiguadores con una segunda v\u00e1lvula de respuesta por frecuencia. \u00bfEl resultado? Una marcha deportiva en curvas, pero con una capacidad impresionante para suavizar imperfecciones del camino. Es una soluci\u00f3n elegante y efectiva que demuestra que el confort no siempre depende de la electr\u00f3nica.<\/p>\n<p class=\"\" data-start=\"2704\" data-end=\"2926\">La direcci\u00f3n es otro punto fuerte. Transmite confianza en l\u00ednea recta y se vuelve m\u00e1s firme y precisa al entrar en curvas, generando una sensaci\u00f3n de conexi\u00f3n con el camino que sorprende en un SUV el\u00e9ctrico de este tama\u00f1o.<\/p>\n<h2 class=\"\" data-start=\"2928\" data-end=\"2973\"><strong data-start=\"2931\" data-end=\"2973\">Cabina moderna, sensorial y sostenible<\/strong><\/h2>\n<p class=\"\" data-start=\"2975\" data-end=\"3370\">Puertas adentro, el Optiq sorprende con una atm\u00f3sfera sofisticada y moderna. La protagonista es una <strong data-start=\"3075\" data-end=\"3108\">pantalla curva de 33 pulgadas<\/strong>, similar a la del Lyriq, que domina el tablero. Acompa\u00f1\u00e1ndola, materiales reciclados de alta calidad, como una tela tejida de aspecto premium que recubre partes del tablero y las puertas, se combinan con <strong data-start=\"3313\" data-end=\"3339\">cuero sint\u00e9tico cosido<\/strong> en los apoyabrazos y asientos.<\/p>\n<figure aria-describedby=\"caption-attachment-2583\" class=\"wp-caption aligncenter\"><img decoding=\"async\" class=\"wp-image-2583 size-full\" src=\"https:\/\/puravelocidad.com\/wp-content\/uploads\/2025\/03\/2025-cadillac-optiq-110-665743491b7ab-ezgif.com-avif-to-jpg-converter.jpg\" alt=\"\" width=\"980\" height=\"551\"><figcaption class=\"wp-caption-text\">Imagen Cadillac<\/figcaption><\/figure>\n<p class=\"\" data-start=\"3372\" data-end=\"3576\">El espacio es generoso en ambas filas, aunque el dise\u00f1o inclinado del techo trasero compromete un poco el espacio de carga, que a\u00fan as\u00ed alcanza <strong data-start=\"3516\" data-end=\"3535\">26 pies c\u00fabicos<\/strong>, una cifra competitiva para el segmento.<\/p>\n<figure aria-describedby=\"caption-attachment-2584\" class=\"wp-caption aligncenter\"><img loading=\"lazy\" decoding=\"async\" loading=\"lazy\" class=\"wp-image-2584 size-full\" src=\"https:\/\/puravelocidad.com\/wp-content\/uploads\/2025\/03\/2025-cadillac-optiq-102-66574349295fa-ezgif.com-avif-to-jpg-converter.jpg\" alt=\"\" width=\"980\" height=\"654\"><figcaption class=\"wp-caption-text\">Imagen Cadillac<\/figcaption><\/figure>\n<p class=\"\" data-start=\"3578\" data-end=\"3966\">Pero la verdadera joya del interior es el sistema de sonido <strong data-start=\"3638\" data-end=\"3683\">AKG Studio con Dolby Atmos y 19 altavoces<\/strong>. La inmersi\u00f3n auditiva es total, con una espacialidad que convierte cada canci\u00f3n en una experiencia tridimensional. Eso s\u00ed, <strong data-start=\"3808\" data-end=\"3848\">no hay Apple CarPlay ni Android Auto<\/strong>, al menos no como los conoces. En su lugar, el Optiq utiliza <strong data-start=\"3910\" data-end=\"3930\">Google integrado<\/strong> para mapas, apps y entretenimiento.<\/p>\n<figure aria-describedby=\"caption-attachment-2585\" class=\"wp-caption aligncenter\"><img loading=\"lazy\" decoding=\"async\" loading=\"lazy\" class=\"wp-image-2585 size-full\" src=\"https:\/\/puravelocidad.com\/wp-content\/uploads\/2025\/03\/2025-cadillac-optiq-103-6657434b0f1b3-ezgif.com-avif-to-jpg-converter.jpg\" alt=\"\" width=\"980\" height=\"654\"><figcaption class=\"wp-caption-text\">Imagen Cadillac<\/figcaption><\/figure>\n<h2 class=\"\" data-start=\"3968\" data-end=\"4015\"><strong data-start=\"3971\" data-end=\"4015\">Equipamiento y precios que hacen sentido<\/strong><\/h2>\n<p class=\"\" data-start=\"4017\" data-end=\"4059\">Cadillac ha sido agresivo con el precio:<\/p>\n<ul data-start=\"4060\" data-end=\"4161\">\n<li class=\"\" data-start=\"4060\" data-end=\"4085\">\n<p class=\"\" data-start=\"4062\" data-end=\"4085\"><strong data-start=\"4062\" data-end=\"4074\">Luxury 1<\/strong>: $54,390<\/p>\n<\/li>\n<li class=\"\" data-start=\"4086\" data-end=\"4110\">\n<p class=\"\" data-start=\"4088\" data-end=\"4110\"><strong data-start=\"4088\" data-end=\"4099\">Sport 1<\/strong>: $54,990<\/p>\n<\/li>\n<li class=\"\" data-start=\"4111\" data-end=\"4136\">\n<p class=\"\" data-start=\"4113\" data-end=\"4136\"><strong data-start=\"4113\" data-end=\"4125\">Luxury 2<\/strong>: $56,590<\/p>\n<\/li>\n<li class=\"\" data-start=\"4137\" data-end=\"4161\">\n<p class=\"\" data-start=\"4139\" data-end=\"4161\"><strong data-start=\"4139\" data-end=\"4150\">Sport 2<\/strong>: $57,090<\/p>\n<\/li>\n<\/ul>\n<p class=\"\" data-start=\"4163\" data-end=\"4510\">Desde el modelo base, incluye <strong data-start=\"4193\" data-end=\"4209\">Super Cruise<\/strong>, <strong data-start=\"4211\" data-end=\"4234\">asientos con masaje<\/strong>, <strong data-start=\"4236\" data-end=\"4265\">sistema de sonido premium<\/strong> y <strong data-start=\"4268\" data-end=\"4313\">todas las asistencias de seguridad activa<\/strong>. Subir al nivel 2 agrega asientos ventilados, calefacci\u00f3n trasera, luces LED m\u00e1s avanzadas, sensores de calidad del aire y una pantalla de visualizaci\u00f3n frontal, todo por apenas unos $2,100 extra.<\/p>\n<p class=\"\" data-start=\"4512\" data-end=\"4692\">Las opciones son pocas pero bien pensadas: <strong data-start=\"4555\" data-end=\"4578\">cargador de 19.2 kW<\/strong>, <strong data-start=\"4580\" data-end=\"4606\">llantas de 21 pulgadas<\/strong>, y <strong data-start=\"4610\" data-end=\"4632\">colores especiales<\/strong>, para quienes quieran diferenciar a\u00fan m\u00e1s su SUV el\u00e9ctrico.<\/p>\n<hr class=\"\" data-start=\"4694\" data-end=\"4697\">\n<h2 class=\"\" data-start=\"4699\" data-end=\"4743\"><strong data-start=\"4702\" data-end=\"4743\">Conclusi\u00f3n: Cadillac lo ha hecho bien<\/strong><\/h2>\n<p class=\"\" data-start=\"4745\" data-end=\"5094\">El <strong data-start=\"4748\" data-end=\"4774\">Cadillac Optiq EV 2025<\/strong> no es solo un ejercicio de dise\u00f1o o una ficha t\u00e9cnica prometedora. Es un producto completo, bien afinado, que transmite emociones al volante y genera una conexi\u00f3n genuina con quien lo conduce. En un mercado repleto de alternativas, Cadillac ha sabido encontrar el punto de equilibrio entre lujo, tecnolog\u00eda y desempe\u00f1o.<\/p>\n<p class=\"\" data-start=\"5096\" data-end=\"5265\">Sin duda, <strong data-start=\"5106\" data-end=\"5154\">un rival serio para Audi, Mercedes y Genesis<\/strong>, y una gran noticia para quienes buscan un SUV el\u00e9ctrico premium que, adem\u00e1s de eficiente, se sienta especial.<\/p>\n<p>The post <a href=\"https:\/\/puravelocidad.com\/cadillac-optiq-ev-2025-elegancia-electrica-sin-complicaciones\/\">Cadillac Optiq EV 2025: Elegancia el\u00e9ctrica sin complicaciones<\/a> appeared first on <a href=\"https:\/\/puravelocidad.com\/\">Pura Velocidad<\/a>.<\/p>\n","protected":false},"excerpt":{"rendered":"<p class=\"\" data-start=\"302\" data-end=\"692\">El mundo de los SUV el\u00e9ctricos de lujo acaba de recibir un nuevo contendiente, y viene con la insignia de Cadillac. El <strong data-start=\"421\" data-end=\"438\">Optiq EV 2025<\/strong> no solo busca competir, sino tambi\u00e9n marcar la pauta con un dise\u00f1o estilizado, una din\u00e1mica de conducci\u00f3n precisa y una autonom\u00eda que lo coloca por delante de sus rivales. Y s\u00ed, suena como \u201cOptic\u201d, pero lo que entrega es una visi\u00f3n muy clara del futuro.<\/p>\n<h2 class=\"\" data-start=\"694\" data-end=\"744\"><strong data-start=\"697\" data-end=\"744\">Dise\u00f1o que engancha desde el primer vistazo<\/strong><\/h2>\n<p class=\"\" data-start=\"746\" data-end=\"1181\">El <strong data-start=\"749\" data-end=\"767\">Cadillac Optiq<\/strong> no es un SUV que se pierde en el mar de dise\u00f1os gen\u00e9ricos. Su silueta es limpia, bien proporcionada y estilizada, con un parabrisas inclinado y una trasera que remata en una luneta descendente, otorg\u00e1ndole un aire deportivo. A nivel de dimensiones, el Optiq mide <strong data-start=\"1031\" data-end=\"1058\">189.8 pulgadas de largo<\/strong>, con una generosa distancia entre ejes de <strong data-start=\"1101\" data-end=\"1119\">116.3 pulgadas<\/strong>, lo que le da una postura plantada y una presencia innegable.<\/p>\n<figure aria-describedby=\"caption-attachment-2581\" class=\"wp-caption alignright\"><img fetchpriority=\"high\" decoding=\"async\" class=\"wp-image-2581 size-full\" src=\"https:\/\/puravelocidad.com\/wp-content\/uploads\/2025\/03\/2025-cadillac-optiq-104-67d99c9803dd2-ezgif.com-avif-to-jpg-converter.jpg\" alt=\"\" width=\"980\" height=\"653\"><figcaption class=\"wp-caption-text\">Imagen Cadillac<\/figcaption><\/figure>\n<p class=\"\" data-start=\"1183\" data-end=\"1553\">Comparado con el <strong data-start=\"1200\" data-end=\"1218\">Audi Q4 e-tron<\/strong> o el <strong data-start=\"1224\" data-end=\"1245\">Mercedes-Benz EQB<\/strong>, el Optiq no solo es m\u00e1s largo, sino tambi\u00e9n m\u00e1s elegante. Su tama\u00f1o no es un capricho: permite la instalaci\u00f3n de una bater\u00eda de <strong data-start=\"1375\" data-end=\"1385\">85 kWh<\/strong>, la m\u00e1s grande del segmento, lo que se traduce en una excelente autonom\u00eda de <strong data-start=\"1463\" data-end=\"1507\">302 millas (484 km) estimadas por la EPA<\/strong>. Es, sin duda, uno de sus puntos m\u00e1s fuertes.<\/p>\n<h2 class=\"\" data-start=\"1555\" data-end=\"1595\"><strong data-start=\"1558\" data-end=\"1595\">Potencia el\u00e9ctrica bien calibrada<\/strong><\/h2>\n<p class=\"\" data-start=\"1597\" data-end=\"1959\">El tren motriz del Optiq es sofisticado pero l\u00f3gico. Utiliza <strong data-start=\"1658\" data-end=\"1684\">dos motores el\u00e9ctricos<\/strong>, uno en cada eje, lo que le permite tracci\u00f3n total. El motor delantero es un <strong data-start=\"1762\" data-end=\"1802\">s\u00edncrono de imanes permanentes (PSM)<\/strong> que se mantiene siempre activo, mientras que el trasero, de <strong data-start=\"1863\" data-end=\"1876\">inducci\u00f3n<\/strong>, entra en juego cuando se necesita un empuje adicional o para mejorar la tracci\u00f3n.<\/p>\n<p class=\"\" data-start=\"1961\" data-end=\"2228\">En total, genera <strong data-start=\"1978\" data-end=\"2011\">300 hp y 354 lb-pie de torque<\/strong>, coloc\u00e1ndose en un rango competitivo frente a sus rivales alemanes y coreanos. A\u00fan no hay cifras oficiales de aceleraci\u00f3n, pero las sensaciones al volante lo ubican en la zona de los <strong data-start=\"2195\" data-end=\"2227\">5.2 segundos de 0 a 100 km\/h<\/strong>.<\/p>\n<figure aria-describedby=\"caption-attachment-2582\" class=\"wp-caption aligncenter\"><img decoding=\"async\" class=\"wp-image-2582 size-full\" src=\"https:\/\/puravelocidad.com\/wp-content\/uploads\/2025\/03\/2025-cadillac-optiq-111-6657434b81263-ezgif.com-avif-to-jpg-converter.jpg\" alt=\"\" width=\"980\" height=\"551\"><figcaption class=\"wp-caption-text\">Imagen Cadillac<\/figcaption><\/figure>\n<h2 class=\"\" data-start=\"2230\" data-end=\"2272\"><strong data-start=\"2233\" data-end=\"2272\">Suspensi\u00f3n pasiva, pero inteligente<\/strong><\/h2>\n<p class=\"\" data-start=\"2274\" data-end=\"2702\">\u00bfAmortiguadores adaptativos? No aqu\u00ed. Y no hacen falta. Cadillac apuesta por un sistema pasivo llamado <strong data-start=\"2377\" data-end=\"2393\">Passive Plus<\/strong>, que incluye amortiguadores con una segunda v\u00e1lvula de respuesta por frecuencia. \u00bfEl resultado? Una marcha deportiva en curvas, pero con una capacidad impresionante para suavizar imperfecciones del camino. Es una soluci\u00f3n elegante y efectiva que demuestra que el confort no siempre depende de la electr\u00f3nica.<\/p>\n<p class=\"\" data-start=\"2704\" data-end=\"2926\">La direcci\u00f3n es otro punto fuerte. Transmite confianza en l\u00ednea recta y se vuelve m\u00e1s firme y precisa al entrar en curvas, generando una sensaci\u00f3n de conexi\u00f3n con el camino que sorprende en un SUV el\u00e9ctrico de este tama\u00f1o.<\/p>\n<h2 class=\"\" data-start=\"2928\" data-end=\"2973\"><strong data-start=\"2931\" data-end=\"2973\">Cabina moderna, sensorial y sostenible<\/strong><\/h2>\n<p class=\"\" data-start=\"2975\" data-end=\"3370\">Puertas adentro, el Optiq sorprende con una atm\u00f3sfera sofisticada y moderna. La protagonista es una <strong data-start=\"3075\" data-end=\"3108\">pantalla curva de 33 pulgadas<\/strong>, similar a la del Lyriq, que domina el tablero. Acompa\u00f1\u00e1ndola, materiales reciclados de alta calidad, como una tela tejida de aspecto premium que recubre partes del tablero y las puertas, se combinan con <strong data-start=\"3313\" data-end=\"3339\">cuero sint\u00e9tico cosido<\/strong> en los apoyabrazos y asientos.<\/p>\n<figure aria-describedby=\"caption-attachment-2583\" class=\"wp-caption aligncenter\"><img decoding=\"async\" class=\"wp-image-2583 size-full\" src=\"https:\/\/puravelocidad.com\/wp-content\/uploads\/2025\/03\/2025-cadillac-optiq-110-665743491b7ab-ezgif.com-avif-to-jpg-converter.jpg\" alt=\"\" width=\"980\" height=\"551\"><figcaption class=\"wp-caption-text\">Imagen Cadillac<\/figcaption><\/figure>\n<p class=\"\" data-start=\"3372\" data-end=\"3576\">El espacio es generoso en ambas filas, aunque el dise\u00f1o inclinado del techo trasero compromete un poco el espacio de carga, que a\u00fan as\u00ed alcanza <strong data-start=\"3516\" data-end=\"3535\">26 pies c\u00fabicos<\/strong>, una cifra competitiva para el segmento.<\/p>\n<figure aria-describedby=\"caption-attachment-2584\" class=\"wp-caption aligncenter\"><img loading=\"lazy\" decoding=\"async\" loading=\"lazy\" class=\"wp-image-2584 size-full\" src=\"https:\/\/puravelocidad.com\/wp-content\/uploads\/2025\/03\/2025-cadillac-optiq-102-66574349295fa-ezgif.com-avif-to-jpg-converter.jpg\" alt=\"\" width=\"980\" height=\"654\"><figcaption class=\"wp-caption-text\">Imagen Cadillac<\/figcaption><\/figure>\n<p class=\"\" data-start=\"3578\" data-end=\"3966\">Pero la verdadera joya del interior es el sistema de sonido <strong data-start=\"3638\" data-end=\"3683\">AKG Studio con Dolby Atmos y 19 altavoces<\/strong>. La inmersi\u00f3n auditiva es total, con una espacialidad que convierte cada canci\u00f3n en una experiencia tridimensional. Eso s\u00ed, <strong data-start=\"3808\" data-end=\"3848\">no hay Apple CarPlay ni Android Auto<\/strong>, al menos no como los conoces. En su lugar, el Optiq utiliza <strong data-start=\"3910\" data-end=\"3930\">Google integrado<\/strong> para mapas, apps y entretenimiento.<\/p>\n<figure aria-describedby=\"caption-attachment-2585\" class=\"wp-caption aligncenter\"><img loading=\"lazy\" decoding=\"async\" loading=\"lazy\" class=\"wp-image-2585 size-full\" src=\"https:\/\/puravelocidad.com\/wp-content\/uploads\/2025\/03\/2025-cadillac-optiq-103-6657434b0f1b3-ezgif.com-avif-to-jpg-converter.jpg\" alt=\"\" width=\"980\" height=\"654\"><figcaption class=\"wp-caption-text\">Imagen Cadillac<\/figcaption><\/figure>\n<h2 class=\"\" data-start=\"3968\" data-end=\"4015\"><strong data-start=\"3971\" data-end=\"4015\">Equipamiento y precios que hacen sentido<\/strong><\/h2>\n<p class=\"\" data-start=\"4017\" data-end=\"4059\">Cadillac ha sido agresivo con el precio:<\/p>\n<ul data-start=\"4060\" data-end=\"4161\">\n<li class=\"\" data-start=\"4060\" data-end=\"4085\">\n<p class=\"\" data-start=\"4062\" data-end=\"4085\"><strong data-start=\"4062\" data-end=\"4074\">Luxury 1<\/strong>: $54,390<\/p>\n<\/li>\n<li class=\"\" data-start=\"4086\" data-end=\"4110\">\n<p class=\"\" data-start=\"4088\" data-end=\"4110\"><strong data-start=\"4088\" data-end=\"4099\">Sport 1<\/strong>: $54,990<\/p>\n<\/li>\n<li class=\"\" data-start=\"4111\" data-end=\"4136\">\n<p class=\"\" data-start=\"4113\" data-end=\"4136\"><strong data-start=\"4113\" data-end=\"4125\">Luxury 2<\/strong>: $56,590<\/p>\n<\/li>\n<li class=\"\" data-start=\"4137\" data-end=\"4161\">\n<p class=\"\" data-start=\"4139\" data-end=\"4161\"><strong data-start=\"4139\" data-end=\"4150\">Sport 2<\/strong>: $57,090<\/p>\n<\/li>\n<\/ul>\n<p class=\"\" data-start=\"4163\" data-end=\"4510\">Desde el modelo base, incluye <strong data-start=\"4193\" data-end=\"4209\">Super Cruise<\/strong>, <strong data-start=\"4211\" data-end=\"4234\">asientos con masaje<\/strong>, <strong data-start=\"4236\" data-end=\"4265\">sistema de sonido premium<\/strong> y <strong data-start=\"4268\" data-end=\"4313\">todas las asistencias de seguridad activa<\/strong>. Subir al nivel 2 agrega asientos ventilados, calefacci\u00f3n trasera, luces LED m\u00e1s avanzadas, sensores de calidad del aire y una pantalla de visualizaci\u00f3n frontal, todo por apenas unos $2,100 extra.<\/p>\n<p class=\"\" data-start=\"4512\" data-end=\"4692\">Las opciones son pocas pero bien pensadas: <strong data-start=\"4555\" data-end=\"4578\">cargador de 19.2 kW<\/strong>, <strong data-start=\"4580\" data-end=\"4606\">llantas de 21 pulgadas<\/strong>, y <strong data-start=\"4610\" data-end=\"4632\">colores especiales<\/strong>, para quienes quieran diferenciar a\u00fan m\u00e1s su SUV el\u00e9ctrico.<\/p>\n<hr class=\"\" data-start=\"4694\" data-end=\"4697\">\n<h2 class=\"\" data-start=\"4699\" data-end=\"4743\"><strong data-start=\"4702\" data-end=\"4743\">Conclusi\u00f3n: Cadillac lo ha hecho bien<\/strong><\/h2>\n<p class=\"\" data-start=\"4745\" data-end=\"5094\">El <strong data-start=\"4748\" data-end=\"4774\">Cadillac Optiq EV 2025<\/strong> no es solo un ejercicio de dise\u00f1o o una ficha t\u00e9cnica prometedora. Es un producto completo, bien afinado, que transmite emociones al volante y genera una conexi\u00f3n genuina con quien lo conduce. En un mercado repleto de alternativas, Cadillac ha sabido encontrar el punto de equilibrio entre lujo, tecnolog\u00eda y desempe\u00f1o.<\/p>\n<p class=\"\" data-start=\"5096\" data-end=\"5265\">Sin duda, <strong data-start=\"5106\" data-end=\"5154\">un rival serio para Audi, Mercedes y Genesis<\/strong>, y una gran noticia para quienes buscan un SUV el\u00e9ctrico premium que, adem\u00e1s de eficiente, se sienta especial.<\/p>\n<p>The post <a href=\"https:\/\/puravelocidad.com\/cadillac-optiq-ev-2025-elegancia-electrica-sin-complicaciones\/\">Cadillac Optiq EV 2025: Elegancia el\u00e9ctrica sin complicaciones<\/a> appeared first on <a href=\"https:\/\/puravelocidad.com\/\">Pura Velocidad<\/a>.<\/p>\n","protected":false},"author":0,"featured_media":2289,"comment_status":"open","ping_status":"open","sticky":false,"template":"","format":"standard","meta":{"footnotes":""},"categories":[6],"tags":[],"class_list":["post-2290","post","type-post","status-publish","format-standard","has-post-thumbnail","hentry","category-prueba-puravelocidad"],"cmb2":{"poster_feature_image":{"vid_m_player_background":"","vid_m_poster_image":"","vid_m_poster_image_id":""},"gif_feature_image":{"vid_m_gif_image":"","vid_m_gif_image_id":""},"video_movie_settings":{"vid_m_director":"","vid_m_actor":"","vid_m_imdb_ratings":"","vid_m_amazon_associates":"","vid_m_vid_tmdb_movie":"","vid_m_vid_tmdb_tv_shows":"","vid_m_vid_tmdb_thumb":""},"vid_ads_m_videoads_settings_post":{"vid_ads_m_video_ads":"","vid_ads_m_video_ads_type":"","vid_ads_m_group_google_ima":"","vid_ads_m_group_image":"","vid_ads_m_group_html5_video":"","vid_ads_m_group_html":"","vid_ads_m_vpaid_mode":"","vid_ads_m_vast_preroll":"","vid_ads_m_vast_postroll":"","vid_ads_m_vast_pauseroll":"","vid_ads_m_vast_midroll":"","vid_ads_m_group_dynamic":"","vid_ads_m_time_to_show_ads":"","vid_ads_m_time_skip_ads":"","vid_ads_m_time_to_hide_ads":""},"feature_image_settings":{"feature_image_position":""},"video_player_settings":{"single_video_style":"","video_player_position":"","vm_video_url_btn_choose":"","vm_video_url_btn_choose_id":"","vm_video_url":"","vm_video_ratio":"","vm_video_ratio_mobile":"","video_player_library":"","plyr_player":"","video_streaming":"","vm_video_shortcode":"","vm_video_timelapse":"","vm_media_subtitles":"","vm_media_sources":"","vid_vtt_preview":"","vid_vtt_preview_vtt_file":"","vid_vtt_preview_vtt_file_id":"","vid_vtt_preview_sprite_image":"","vid_vtt_preview_sprite_image_id":"","vid_auto_play":"","vid_preview_mode":"","vm_video_trailer_manl_url":"","vm_screenshot_preview":"","vid_tags":"","vid_p_sync_playlist":"","vid_c_sync_channel":"","get_post_format":"","multiple_links_structure":"","multi_links_title":"","original_video_title":"","multi_links_series":"","vm_video_multi_links":"","vm_duration":"","vid_social_locker":"","vid_locker_mode":"","vid_social_locker_id":"","vid_social_email_locker_id":"","vid_social_signin_locker_id":"","sv_login_to_watch":"","vid_membership_action":"","vm_video_trailer_url":"","vid_download_type":"","vid_download_target":"","vid_woo_product":"","vid_download_mode":"","vid_download_mode_trailer":"","vm_media_download":"","user_rating":"","user_rating_position":"","user_rating_mode":"","user_rating_multi_sets":"","ads_above_single_player":""},"video_auto_fetch_settings":{"vm_video_fetch":""},"video_fake_views_likes":{"vm_fake_views":"","vm_fake_likes":"","vm_fake_dislikes":""},"gallery_settings":{"gallery_position":""},"quote_settings":{"quote_position":""},"post_options":{"main_layout":"","main_logo":"","main_logo_id":"","main_logo_retina":"","main_logo_retina_id":"","main_logo_mobile":"","main_logo_mobile_id":"","main_logo_mobile_retina":"","main_logo_mobile_retina_id":"","sticky_logo":"","sticky_logo_id":"","sticky_logo_retina":"","sticky_logo_retina_id":"","main_nav_layout":"","header_background":"","theme_sidebar":"","single_post_comment_type":"","theme_background":""}},"rttpg_featured_image_url":{"full":["https:\/\/tutarotero.com\/tv\/wp-content\/uploads\/2025\/03\/2025-cadillac-optiq-104-67d99c9803dd2-ezgif.com-avif-to-jpg-converter-BFJz9v.jpeg",980,653,false],"landscape":["https:\/\/tutarotero.com\/tv\/wp-content\/uploads\/2025\/03\/2025-cadillac-optiq-104-67d99c9803dd2-ezgif.com-avif-to-jpg-converter-BFJz9v.jpeg",980,653,false],"portraits":["https:\/\/tutarotero.com\/tv\/wp-content\/uploads\/2025\/03\/2025-cadillac-optiq-104-67d99c9803dd2-ezgif.com-avif-to-jpg-converter-BFJz9v.jpeg",980,653,false],"thumbnail":["https:\/\/tutarotero.com\/tv\/wp-content\/uploads\/2025\/03\/2025-cadillac-optiq-104-67d99c9803dd2-ezgif.com-avif-to-jpg-converter-BFJz9v-150x150.jpeg",150,150,true],"medium":["https:\/\/tutarotero.com\/tv\/wp-content\/uploads\/2025\/03\/2025-cadillac-optiq-104-67d99c9803dd2-ezgif.com-avif-to-jpg-converter-BFJz9v-300x200.jpeg",300,200,true],"large":["https:\/\/tutarotero.com\/tv\/wp-content\/uploads\/2025\/03\/2025-cadillac-optiq-104-67d99c9803dd2-ezgif.com-avif-to-jpg-converter-BFJz9v.jpeg",640,426,false],"1536x1536":["https:\/\/tutarotero.com\/tv\/wp-content\/uploads\/2025\/03\/2025-cadillac-optiq-104-67d99c9803dd2-ezgif.com-avif-to-jpg-converter-BFJz9v.jpeg",980,653,false],"2048x2048":["https:\/\/tutarotero.com\/tv\/wp-content\/uploads\/2025\/03\/2025-cadillac-optiq-104-67d99c9803dd2-ezgif.com-avif-to-jpg-converter-BFJz9v.jpeg",980,653,false],"vidorev_thumb_1x1_0x":["https:\/\/tutarotero.com\/tv\/wp-content\/uploads\/2025\/03\/2025-cadillac-optiq-104-67d99c9803dd2-ezgif.com-avif-to-jpg-converter-BFJz9v-60x60.jpeg",60,60,true],"vidorev_thumb_1x1_1x":["https:\/\/tutarotero.com\/tv\/wp-content\/uploads\/2025\/03\/2025-cadillac-optiq-104-67d99c9803dd2-ezgif.com-avif-to-jpg-converter-BFJz9v-100x100.jpeg",100,100,true],"vidorev_thumb_1x1_2x":["https:\/\/tutarotero.com\/tv\/wp-content\/uploads\/2025\/03\/2025-cadillac-optiq-104-67d99c9803dd2-ezgif.com-avif-to-jpg-converter-BFJz9v-200x200.jpeg",200,200,true],"vidorev_thumb_1x1_3x":["https:\/\/tutarotero.com\/tv\/wp-content\/uploads\/2025\/03\/2025-cadillac-optiq-104-67d99c9803dd2-ezgif.com-avif-to-jpg-converter-BFJz9v-268x268.jpeg",268,268,true],"vidorev_thumb_2point7x1_1x":["https:\/\/tutarotero.com\/tv\/wp-content\/uploads\/2025\/03\/2025-cadillac-optiq-104-67d99c9803dd2-ezgif.com-avif-to-jpg-converter-BFJz9v-346x130.jpeg",346,130,true],"vidorev_thumb_2point7x1_2x":["https:\/\/tutarotero.com\/tv\/wp-content\/uploads\/2025\/03\/2025-cadillac-optiq-104-67d99c9803dd2-ezgif.com-avif-to-jpg-converter-BFJz9v-568x213.jpeg",568,213,true],"vidorev_thumb_2point7x1_3x":["https:\/\/tutarotero.com\/tv\/wp-content\/uploads\/2025\/03\/2025-cadillac-optiq-104-67d99c9803dd2-ezgif.com-avif-to-jpg-converter-BFJz9v-980x426.jpeg",980,426,true],"vidorev_thumb_4x3_0point5x":["https:\/\/tutarotero.com\/tv\/wp-content\/uploads\/2025\/03\/2025-cadillac-optiq-104-67d99c9803dd2-ezgif.com-avif-to-jpg-converter-BFJz9v-282x212.jpeg",282,212,true],"vidorev_thumb_4x3_1point5x":["https:\/\/tutarotero.com\/tv\/wp-content\/uploads\/2025\/03\/2025-cadillac-optiq-104-67d99c9803dd2-ezgif.com-avif-to-jpg-converter-BFJz9v-568x426.jpeg",568,426,true],"vidorev_thumb_2x3_0point3x":["https:\/\/tutarotero.com\/tv\/wp-content\/uploads\/2025\/03\/2025-cadillac-optiq-104-67d99c9803dd2-ezgif.com-avif-to-jpg-converter-BFJz9v-60x90.jpeg",60,90,true],"vidorev_thumb_16x9_0x":["https:\/\/tutarotero.com\/tv\/wp-content\/uploads\/2025\/03\/2025-cadillac-optiq-104-67d99c9803dd2-ezgif.com-avif-to-jpg-converter-BFJz9v-236x133.jpeg",236,133,true],"vidorev_thumb_16x9_1x":["https:\/\/tutarotero.com\/tv\/wp-content\/uploads\/2025\/03\/2025-cadillac-optiq-104-67d99c9803dd2-ezgif.com-avif-to-jpg-converter-BFJz9v-360x203.jpeg",360,203,true],"vidorev_thumb_16x9_2x":["https:\/\/tutarotero.com\/tv\/wp-content\/uploads\/2025\/03\/2025-cadillac-optiq-104-67d99c9803dd2-ezgif.com-avif-to-jpg-converter-BFJz9v-750x422.jpeg",750,422,true],"vidorev_thumb_16x9_3x":["https:\/\/tutarotero.com\/tv\/wp-content\/uploads\/2025\/03\/2025-cadillac-optiq-104-67d99c9803dd2-ezgif.com-avif-to-jpg-converter-BFJz9v.jpeg",980,653,false],"vidorev_thumb_4x3_1x":["https:\/\/tutarotero.com\/tv\/wp-content\/uploads\/2025\/03\/2025-cadillac-optiq-104-67d99c9803dd2-ezgif.com-avif-to-jpg-converter-BFJz9v-360x270.jpeg",360,270,true],"vidorev_thumb_4x3_2x":["https:\/\/tutarotero.com\/tv\/wp-content\/uploads\/2025\/03\/2025-cadillac-optiq-104-67d99c9803dd2-ezgif.com-avif-to-jpg-converter-BFJz9v-720x540.jpeg",720,540,true],"vidorev_thumb_4x3_3x":["https:\/\/tutarotero.com\/tv\/wp-content\/uploads\/2025\/03\/2025-cadillac-optiq-104-67d99c9803dd2-ezgif.com-avif-to-jpg-converter-BFJz9v.jpeg",980,653,false],"vidorev_thumb_2x3_0x":["https:\/\/tutarotero.com\/tv\/wp-content\/uploads\/2025\/03\/2025-cadillac-optiq-104-67d99c9803dd2-ezgif.com-avif-to-jpg-converter-BFJz9v-165x248.jpeg",165,248,true],"vidorev_thumb_2x3_1x":["https:\/\/tutarotero.com\/tv\/wp-content\/uploads\/2025\/03\/2025-cadillac-optiq-104-67d99c9803dd2-ezgif.com-avif-to-jpg-converter-BFJz9v-360x540.jpeg",360,540,true],"vidorev_thumb_2x3_2x":["https:\/\/tutarotero.com\/tv\/wp-content\/uploads\/2025\/03\/2025-cadillac-optiq-104-67d99c9803dd2-ezgif.com-avif-to-jpg-converter-BFJz9v-600x653.jpeg",600,653,true]},"rttpg_author":{"display_name":"","author_link":"https:\/\/tutarotero.com\/tv\/?author=0"},"rttpg_comment":0,"rttpg_category":"<a href=\"https:\/\/tutarotero.com\/tv\/?cat=6\" rel=\"category\">Pruebas<\/a>","rttpg_excerpt":"El mundo de los SUV el\u00e9ctricos de lujo acaba de recibir un nuevo contendiente, y viene con la insignia de Cadillac. El Optiq EV 2025 no solo busca competir, sino tambi\u00e9n marcar la pauta con un dise\u00f1o estilizado, una din\u00e1mica de conducci\u00f3n precisa y una autonom\u00eda que lo coloca por delante de sus rivales. Y&hellip;","_links":{"self":[{"href":"https:\/\/tutarotero.com\/tv\/index.php?rest_route=\/wp\/v2\/posts\/2290","targetHints":{"allow":["GET"]}}],"collection":[{"href":"https:\/\/tutarotero.com\/tv\/index.php?rest_route=\/wp\/v2\/posts"}],"about":[{"href":"https:\/\/tutarotero.com\/tv\/index.php?rest_route=\/wp\/v2\/types\/post"}],"replies":[{"embeddable":true,"href":"https:\/\/tutarotero.com\/tv\/index.php?rest_route=%2Fwp%2Fv2%2Fcomments&post=2290"}],"version-history":[{"count":0,"href":"https:\/\/tutarotero.com\/tv\/index.php?rest_route=\/wp\/v2\/posts\/2290\/revisions"}],"wp:featuredmedia":[{"embeddable":true,"href":"https:\/\/tutarotero.com\/tv\/index.php?rest_route=\/wp\/v2\/media\/2289"}],"wp:attachment":[{"href":"https:\/\/tutarotero.com\/tv\/index.php?rest_route=%2Fwp%2Fv2%2Fmedia&parent=2290"}],"wp:term":[{"taxonomy":"category","embeddable":true,"href":"https:\/\/tutarotero.com\/tv\/index.php?rest_route=%2Fwp%2Fv2%2Fcategories&post=2290"},{"taxonomy":"post_tag","embeddable":true,"href":"https:\/\/tutarotero.com\/tv\/index.php?rest_route=%2Fwp%2Fv2%2Ftags&post=2290"}],"curies":[{"name":"wp","href":"https:\/\/api.w.org\/{rel}","templated":true}]}}