{"id":2293,"date":"2025-04-07T17:19:34","date_gmt":"2025-04-07T17:19:34","guid":{"rendered":"https:\/\/tutarotero.com\/tv\/?p=2293"},"modified":"2025-04-07T17:19:34","modified_gmt":"2025-04-07T17:19:34","slug":"hyundai-ioniq-6-2026-el-sedan-electrico-ahora-en-version-n","status":"publish","type":"post","link":"https:\/\/tutarotero.com\/tv\/?p=2293","title":{"rendered":"Hyundai Ioniq 6 2026: El sed\u00e1n el\u00e9ctrico ahora en version N"},"content":{"rendered":"<p>El <strong>Hyundai Ioniq 6 2026<\/strong> no solo se mantiene como uno de los sedanes el\u00e9ctricos m\u00e1s avanzados y confortables del mercado, sino que ahora da un paso firme hacia el <strong>rendimiento deportivo<\/strong>, siguiendo los pasos de su hermano SUV, el Ioniq 5. Con una versi\u00f3n <strong>N Line<\/strong> confirmada y la inminente llegada del <strong>Ioniq 6 N<\/strong>, Hyundai ampl\u00eda su estrategia para competir con fuerza en el segmento dominado por el Tesla Model 3.<\/p>\n<figure aria-describedby=\"caption-attachment-2724\" class=\"wp-caption alignnone\"><img fetchpriority=\"high\" decoding=\"async\" class=\"wp-image-2724 size-full\" src=\"https:\/\/puravelocidad.com\/wp-content\/uploads\/2025\/04\/2026hyundaiioniq6nlineevelectricsedan-15-ezgif.com-avif-to-jpg-converter.jpg\" alt=\"\" width=\"1920\" height=\"1080\"><figcaption class=\"wp-caption-text\">Imagen Hyundai Ionic 6 N Performance 2026<\/figcaption><\/figure>\n<p><em>El Hyundai Ioniq 6 es un sed\u00e1n el\u00e9ctrico con dise\u00f1o distintivo que no pasa desapercibido, y va m\u00e1s all\u00e1 de lo est\u00e9tico: <\/em><\/p>\n<p><em><strong>en la pr\u00e1ctica, supera a su rival directo, el Tesla Model 3, gracias a una carga ultrarr\u00e1pida (cuando equipa la bater\u00eda de 77,4 kWh) y una calidad de rodadura notablemente m\u00e1s refinada.<\/strong><\/em><\/p>\n<figure aria-describedby=\"caption-attachment-2725\" class=\"wp-caption alignnone\"><img decoding=\"async\" class=\"wp-image-2725 size-full\" src=\"https:\/\/puravelocidad.com\/wp-content\/uploads\/2025\/04\/2026hyundaiioniq6nlineevelectricsedan-17-ezgif.com-webp-to-jpg-converter.jpg\" alt=\"\" width=\"1920\" height=\"1080\"><figcaption class=\"wp-caption-text\">Imagen Hyundai Ionic 6 N Perfomance 2026<\/figcaption><\/figure>\n<h2>Un dise\u00f1o que evoluciona con m\u00e1s agresividad<\/h2>\n<p>La silueta del Ioniq 6 se mantiene con su perfil fastback y reminiscencias al Porsche 911 cl\u00e1sico, pero recibe mejoras clave:<\/p>\n<ul data-spread=\"false\">\n<li>Nueva iluminaci\u00f3n frontal con tiras LED horizontales tipo \u201cgunslit\u201d<\/li>\n<li>Redise\u00f1o de parachoques delantero y trasero, con versiones espec\u00edficas para el modelo N Line<\/li>\n<li>Spoiler trasero tipo \u201cducktail\u201d m\u00e1s prominente<\/li>\n<li>Iluminaci\u00f3n trasera oscurecida y detalles horizontales m\u00e1s limpios<\/li>\n<\/ul>\n<p><em><strong>El resultado es una imagen m\u00e1s sofisticada, <\/strong><\/em><em><strong>agresiva y aerodin\u00e1micamente eficiente, que acerca al Ioniq 6 a otros sedanes Hyundai como el Elantra y el Sonata en su lenguaje visual.<\/strong><\/em><\/p>\n<h2>Interior: cambios puntuales, pero funcionales<\/h2>\n<p>El habit\u00e1culo mantiene su enfoque minimalista, con mejoras pensadas en la ergonom\u00eda:<\/p>\n<ul>\n<li>Volante de nuevo dise\u00f1o, ahora con tres radios<\/li>\n<li>Consola central redise\u00f1ada con cargador inal\u00e1mbrico Qi<\/li>\n<li>Nuevos puertos USB-C reemplazan al antiguo USB-A<\/li>\n<li>Botonera reposicionada para mejor acceso del conductor<\/li>\n<\/ul>\n<figure aria-describedby=\"caption-attachment-2726\" class=\"wp-caption alignnone\"><img decoding=\"async\" class=\"wp-image-2726 size-full\" src=\"https:\/\/puravelocidad.com\/wp-content\/uploads\/2025\/04\/2026hyundaiioniq6nlineevelectricsedan-9-ezgif.com-avif-to-jpg-converter.jpg\" alt=\"\" width=\"1920\" height=\"1080\"><figcaption class=\"wp-caption-text\">Imagen Interior Hyundai Ionic 6 N Perfomace 2026<\/figcaption><\/figure>\n<p>Aunque el dise\u00f1o general permanece, la reorganizaci\u00f3n mejora la usabilidad diaria y la seguridad al reducir distracciones.<\/p>\n<figure aria-describedby=\"caption-attachment-2727\" class=\"wp-caption alignnone\"><img loading=\"lazy\" decoding=\"async\" loading=\"lazy\" class=\"wp-image-2727 size-full\" src=\"https:\/\/puravelocidad.com\/wp-content\/uploads\/2025\/04\/2026hyundaiioniq6nlineevelectricsedan-12-ezgif.com-avif-to-jpg-converter.jpg\" alt=\"\" width=\"1920\" height=\"1080\"><figcaption class=\"wp-caption-text\">Imagen Interior Hyundai Ionic 6 N Perfomance 2026<\/figcaption><\/figure>\n<h2>Hyundai Ioniq 6 N Line: el anticipo de la adrenalina<\/h2>\n<p>La versi\u00f3n <strong>N Line<\/strong> del Ioniq 6 incluye una est\u00e9tica mucho m\u00e1s agresiva, con parachoques inspirados en el motorsport, detalles oscurecidos y un posible ajuste de suspensi\u00f3n para una conducci\u00f3n m\u00e1s firme. Aunque no es un modelo N puro, marca el camino hacia el verdadero protagonista: el <strong>Ioniq 6 N<\/strong>.<\/p>\n<figure aria-describedby=\"caption-attachment-2728\" class=\"wp-caption alignnone\"><img loading=\"lazy\" decoding=\"async\" loading=\"lazy\" class=\"wp-image-2728 size-full\" src=\"https:\/\/puravelocidad.com\/wp-content\/uploads\/2025\/04\/2026hyundaiioniq6nlineevelectricsedan-2-ezgif.com-webp-to-jpg-converter.jpg\" alt=\"\" width=\"1920\" height=\"1080\"><figcaption class=\"wp-caption-text\">Imagen Aparentemente equipamiento extra Spoilers de alta prestaciones en Hyundai IONC 6 N 2026<\/figcaption><\/figure>\n<h2>Ioniq 6 N: lo que sabemos hasta ahora<\/h2>\n<p>A\u00fan sin detalles oficiales completos, el Ioniq 6 N se espera para julio de 2025. Tomando como base la arquitectura E-GMP y el ejemplo del Ioniq 5 N, podemos anticipar:<\/p>\n<ul data-spread=\"false\">\n<li>Doble motor el\u00e9ctrico con tracci\u00f3n integral<\/li>\n<li>Bater\u00eda de 84 kWh (posible)<\/li>\n<li>Potencia estimada cercana a los <strong>641 hp<\/strong><\/li>\n<li>Aceleraci\u00f3n de 0 a 100 km\/h en menos de 3 segundos<\/li>\n<\/ul>\n<p>El modelo buscar\u00e1 competir directamente contra el <strong>Tesla Model 3 Performance<\/strong>, pero con un enfoque m\u00e1s visceral y una experiencia de manejo inspirada en los videojuegos, gracias a la filosof\u00eda de la divisi\u00f3n N.<\/p>\n<div>\n<figure aria-describedby=\"caption-attachment-2729\" class=\"wp-caption alignnone\"><img loading=\"lazy\" decoding=\"async\" loading=\"lazy\" class=\"wp-image-2729 size-full\" src=\"https:\/\/puravelocidad.com\/wp-content\/uploads\/2025\/04\/2026hyundaiioniq6nlineevelectricsedan-16-ezgif.com-avif-to-jpg-converter.jpg\" alt=\"\" width=\"1920\" height=\"1080\"><figcaption class=\"wp-caption-text\">Imagen Look agresivo Hyundai IONIC 6 N Perfomance 2026<\/figcaption><\/figure>\n<\/div>\n<h2>Preguntas frecuentes (FAQ)<\/h2>\n<p><strong>\u00bfCu\u00e1ndo se lanza el Hyundai Ioniq 6 2026?<\/strong><br \/>\nLas versiones est\u00e1ndar estar\u00e1n disponibles antes de que finalice 2025.<\/p>\n<p><strong>\u00bfQu\u00e9 diferencia hay entre el Ioniq 6 N Line y el N?<\/strong><br \/>\nEl N Line es principalmente est\u00e9tico con posibles ajustes deportivos. El N es un modelo de alto rendimiento con motor dual.<\/p>\n<p><strong>\u00bfCu\u00e1nta potencia tendr\u00e1 el Ioniq 6 N?<\/strong><br \/>\nA\u00fan sin confirmar, pero podr\u00eda rondar los 640 hp, similar al Ioniq 5 N.<\/p>\n<p><strong>\u00bfSuperar\u00e1 al Tesla Model 3 Performance?<\/strong><br \/>\nEn sensaciones y equipamiento, podr\u00eda ofrecer una experiencia m\u00e1s emocionante, aunque depender\u00e1 de los datos finales.<\/p>\n<p><strong>\u00bfTendr\u00e1 c\u00e1maras en lugar de espejos?<\/strong><br \/>\nSolo en mercados fuera de EE. UU. Por regulaci\u00f3n, en Norteam\u00e9rica seguir\u00e1 usando espejos convencionales.<\/p>\n<h2>\u00bfUn sed\u00e1n el\u00e9ctrico que tambi\u00e9n emociona al m\u00e1ximo?<\/h2>\n<p>Seguimos el pulso de la nueva generaci\u00f3n de autos el\u00e9ctricos:  <a href=\"https:\/\/puravelocidad.com\/porsche-macan-ev-2025-electricidad-con-alma-de-deportivo\/\">Porsche Macan EV 2025: electricidad con alma de deportivo<\/a><br \/>\n <a href=\"https:\/\/puravelocidad.com\/bmw-toma-la-delantera-en-el-mundo-electrico\/\">BMW toma la delantera en el mundo el\u00e9ctrico<\/a><\/p>\n<p> <a href=\"https:\/\/puravelocidad.com\/hyundai-ioniq-5-n-2025-realmente-el-mas-divertido\/\">Hyundai IONIC 5 N realmente divertido<\/a><\/p>\n<p><a href=\"https:\/\/www.hyundaiusa.com\/us\/en\/vehicles\/ioniq-5-n\"> Hyundai USA Ionic 5 N<\/a><\/p>\n<p><a href=\"https:\/\/www.hyundaiusa.com\/us\/en\/vehicles\/ioniq-5-n\"> Linea N Perfomance de Hyundai\u00a0<\/a><\/p>\n<p><strong>Comparte este art\u00edculo y dinos: \u00bfprefieres el estilo sobrio del Model 3 o el car\u00e1cter radical del nuevo Ioniq 6 N?<\/strong><\/p>\n<p>The post <a href=\"https:\/\/puravelocidad.com\/hyundai-ioniq-6-2026\/\">Hyundai Ioniq 6 2026: El sed\u00e1n el\u00e9ctrico ahora en version N<\/a> appeared first on <a href=\"https:\/\/puravelocidad.com\/\">Pura Velocidad<\/a>.<\/p>\n","protected":false},"excerpt":{"rendered":"<p>El <strong>Hyundai Ioniq 6 2026<\/strong> no solo se mantiene como uno de los sedanes el\u00e9ctricos m\u00e1s avanzados y confortables del mercado, sino que ahora da un paso firme hacia el <strong>rendimiento deportivo<\/strong>, siguiendo los pasos de su hermano SUV, el Ioniq 5. Con una versi\u00f3n <strong>N Line<\/strong> confirmada y la inminente llegada del <strong>Ioniq 6 N<\/strong>, Hyundai ampl\u00eda su estrategia para competir con fuerza en el segmento dominado por el Tesla Model 3.<\/p>\n<figure aria-describedby=\"caption-attachment-2724\" class=\"wp-caption alignnone\"><img fetchpriority=\"high\" decoding=\"async\" class=\"wp-image-2724 size-full\" src=\"https:\/\/puravelocidad.com\/wp-content\/uploads\/2025\/04\/2026hyundaiioniq6nlineevelectricsedan-15-ezgif.com-avif-to-jpg-converter.jpg\" alt=\"\" width=\"1920\" height=\"1080\"><figcaption class=\"wp-caption-text\">Imagen Hyundai Ionic 6 N Performance 2026<\/figcaption><\/figure>\n<p><em>El Hyundai Ioniq 6 es un sed\u00e1n el\u00e9ctrico con dise\u00f1o distintivo que no pasa desapercibido, y va m\u00e1s all\u00e1 de lo est\u00e9tico: <\/em><\/p>\n<p><em><strong>en la pr\u00e1ctica, supera a su rival directo, el Tesla Model 3, gracias a una carga ultrarr\u00e1pida (cuando equipa la bater\u00eda de 77,4 kWh) y una calidad de rodadura notablemente m\u00e1s refinada.<\/strong><\/em><\/p>\n<figure aria-describedby=\"caption-attachment-2725\" class=\"wp-caption alignnone\"><img decoding=\"async\" class=\"wp-image-2725 size-full\" src=\"https:\/\/puravelocidad.com\/wp-content\/uploads\/2025\/04\/2026hyundaiioniq6nlineevelectricsedan-17-ezgif.com-webp-to-jpg-converter.jpg\" alt=\"\" width=\"1920\" height=\"1080\"><figcaption class=\"wp-caption-text\">Imagen Hyundai Ionic 6 N Perfomance 2026<\/figcaption><\/figure>\n<h2>Un dise\u00f1o que evoluciona con m\u00e1s agresividad<\/h2>\n<p>La silueta del Ioniq 6 se mantiene con su perfil fastback y reminiscencias al Porsche 911 cl\u00e1sico, pero recibe mejoras clave:<\/p>\n<ul data-spread=\"false\">\n<li>Nueva iluminaci\u00f3n frontal con tiras LED horizontales tipo \u201cgunslit\u201d<\/li>\n<li>Redise\u00f1o de parachoques delantero y trasero, con versiones espec\u00edficas para el modelo N Line<\/li>\n<li>Spoiler trasero tipo \u201cducktail\u201d m\u00e1s prominente<\/li>\n<li>Iluminaci\u00f3n trasera oscurecida y detalles horizontales m\u00e1s limpios<\/li>\n<\/ul>\n<p><em><strong>El resultado es una imagen m\u00e1s sofisticada, <\/strong><\/em><em><strong>agresiva y aerodin\u00e1micamente eficiente, que acerca al Ioniq 6 a otros sedanes Hyundai como el Elantra y el Sonata en su lenguaje visual.<\/strong><\/em><\/p>\n<h2>Interior: cambios puntuales, pero funcionales<\/h2>\n<p>El habit\u00e1culo mantiene su enfoque minimalista, con mejoras pensadas en la ergonom\u00eda:<\/p>\n<ul>\n<li>Volante de nuevo dise\u00f1o, ahora con tres radios<\/li>\n<li>Consola central redise\u00f1ada con cargador inal\u00e1mbrico Qi<\/li>\n<li>Nuevos puertos USB-C reemplazan al antiguo USB-A<\/li>\n<li>Botonera reposicionada para mejor acceso del conductor<\/li>\n<\/ul>\n<figure aria-describedby=\"caption-attachment-2726\" class=\"wp-caption alignnone\"><img decoding=\"async\" class=\"wp-image-2726 size-full\" src=\"https:\/\/puravelocidad.com\/wp-content\/uploads\/2025\/04\/2026hyundaiioniq6nlineevelectricsedan-9-ezgif.com-avif-to-jpg-converter.jpg\" alt=\"\" width=\"1920\" height=\"1080\"><figcaption class=\"wp-caption-text\">Imagen Interior Hyundai Ionic 6 N Perfomace 2026<\/figcaption><\/figure>\n<p>Aunque el dise\u00f1o general permanece, la reorganizaci\u00f3n mejora la usabilidad diaria y la seguridad al reducir distracciones.<\/p>\n<figure aria-describedby=\"caption-attachment-2727\" class=\"wp-caption alignnone\"><img loading=\"lazy\" decoding=\"async\" loading=\"lazy\" class=\"wp-image-2727 size-full\" src=\"https:\/\/puravelocidad.com\/wp-content\/uploads\/2025\/04\/2026hyundaiioniq6nlineevelectricsedan-12-ezgif.com-avif-to-jpg-converter.jpg\" alt=\"\" width=\"1920\" height=\"1080\"><figcaption class=\"wp-caption-text\">Imagen Interior Hyundai Ionic 6 N Perfomance 2026<\/figcaption><\/figure>\n<h2>Hyundai Ioniq 6 N Line: el anticipo de la adrenalina<\/h2>\n<p>La versi\u00f3n <strong>N Line<\/strong> del Ioniq 6 incluye una est\u00e9tica mucho m\u00e1s agresiva, con parachoques inspirados en el motorsport, detalles oscurecidos y un posible ajuste de suspensi\u00f3n para una conducci\u00f3n m\u00e1s firme. Aunque no es un modelo N puro, marca el camino hacia el verdadero protagonista: el <strong>Ioniq 6 N<\/strong>.<\/p>\n<figure aria-describedby=\"caption-attachment-2728\" class=\"wp-caption alignnone\"><img loading=\"lazy\" decoding=\"async\" loading=\"lazy\" class=\"wp-image-2728 size-full\" src=\"https:\/\/puravelocidad.com\/wp-content\/uploads\/2025\/04\/2026hyundaiioniq6nlineevelectricsedan-2-ezgif.com-webp-to-jpg-converter.jpg\" alt=\"\" width=\"1920\" height=\"1080\"><figcaption class=\"wp-caption-text\">Imagen Aparentemente equipamiento extra Spoilers de alta prestaciones en Hyundai IONC 6 N 2026<\/figcaption><\/figure>\n<h2>Ioniq 6 N: lo que sabemos hasta ahora<\/h2>\n<p>A\u00fan sin detalles oficiales completos, el Ioniq 6 N se espera para julio de 2025. Tomando como base la arquitectura E-GMP y el ejemplo del Ioniq 5 N, podemos anticipar:<\/p>\n<ul data-spread=\"false\">\n<li>Doble motor el\u00e9ctrico con tracci\u00f3n integral<\/li>\n<li>Bater\u00eda de 84 kWh (posible)<\/li>\n<li>Potencia estimada cercana a los <strong>641 hp<\/strong><\/li>\n<li>Aceleraci\u00f3n de 0 a 100 km\/h en menos de 3 segundos<\/li>\n<\/ul>\n<p>El modelo buscar\u00e1 competir directamente contra el <strong>Tesla Model 3 Performance<\/strong>, pero con un enfoque m\u00e1s visceral y una experiencia de manejo inspirada en los videojuegos, gracias a la filosof\u00eda de la divisi\u00f3n N.<\/p>\n<div>\n<figure aria-describedby=\"caption-attachment-2729\" class=\"wp-caption alignnone\"><img loading=\"lazy\" decoding=\"async\" loading=\"lazy\" class=\"wp-image-2729 size-full\" src=\"https:\/\/puravelocidad.com\/wp-content\/uploads\/2025\/04\/2026hyundaiioniq6nlineevelectricsedan-16-ezgif.com-avif-to-jpg-converter.jpg\" alt=\"\" width=\"1920\" height=\"1080\"><figcaption class=\"wp-caption-text\">Imagen Look agresivo Hyundai IONIC 6 N Perfomance 2026<\/figcaption><\/figure>\n<\/div>\n<h2>Preguntas frecuentes (FAQ)<\/h2>\n<p><strong>\u00bfCu\u00e1ndo se lanza el Hyundai Ioniq 6 2026?<\/strong><br \/>\nLas versiones est\u00e1ndar estar\u00e1n disponibles antes de que finalice 2025.<\/p>\n<p><strong>\u00bfQu\u00e9 diferencia hay entre el Ioniq 6 N Line y el N?<\/strong><br \/>\nEl N Line es principalmente est\u00e9tico con posibles ajustes deportivos. El N es un modelo de alto rendimiento con motor dual.<\/p>\n<p><strong>\u00bfCu\u00e1nta potencia tendr\u00e1 el Ioniq 6 N?<\/strong><br \/>\nA\u00fan sin confirmar, pero podr\u00eda rondar los 640 hp, similar al Ioniq 5 N.<\/p>\n<p><strong>\u00bfSuperar\u00e1 al Tesla Model 3 Performance?<\/strong><br \/>\nEn sensaciones y equipamiento, podr\u00eda ofrecer una experiencia m\u00e1s emocionante, aunque depender\u00e1 de los datos finales.<\/p>\n<p><strong>\u00bfTendr\u00e1 c\u00e1maras en lugar de espejos?<\/strong><br \/>\nSolo en mercados fuera de EE. UU. Por regulaci\u00f3n, en Norteam\u00e9rica seguir\u00e1 usando espejos convencionales.<\/p>\n<h2>\u00bfUn sed\u00e1n el\u00e9ctrico que tambi\u00e9n emociona al m\u00e1ximo?<\/h2>\n<p>Seguimos el pulso de la nueva generaci\u00f3n de autos el\u00e9ctricos:  <a href=\"https:\/\/puravelocidad.com\/porsche-macan-ev-2025-electricidad-con-alma-de-deportivo\/\">Porsche Macan EV 2025: electricidad con alma de deportivo<\/a><br \/>\n <a href=\"https:\/\/puravelocidad.com\/bmw-toma-la-delantera-en-el-mundo-electrico\/\">BMW toma la delantera en el mundo el\u00e9ctrico<\/a><\/p>\n<p> <a href=\"https:\/\/puravelocidad.com\/hyundai-ioniq-5-n-2025-realmente-el-mas-divertido\/\">Hyundai IONIC 5 N realmente divertido<\/a><\/p>\n<p><a href=\"https:\/\/www.hyundaiusa.com\/us\/en\/vehicles\/ioniq-5-n\"> Hyundai USA Ionic 5 N<\/a><\/p>\n<p><a href=\"https:\/\/www.hyundaiusa.com\/us\/en\/vehicles\/ioniq-5-n\"> Linea N Perfomance de Hyundai\u00a0<\/a><\/p>\n<p><strong>Comparte este art\u00edculo y dinos: \u00bfprefieres el estilo sobrio del Model 3 o el car\u00e1cter radical del nuevo Ioniq 6 N?<\/strong><\/p>\n<p>The post <a href=\"https:\/\/puravelocidad.com\/hyundai-ioniq-6-2026\/\">Hyundai Ioniq 6 2026: El sed\u00e1n el\u00e9ctrico ahora en version N<\/a> appeared first on <a href=\"https:\/\/puravelocidad.com\/\">Pura Velocidad<\/a>.<\/p>\n","protected":false},"author":0,"featured_media":2294,"comment_status":"open","ping_status":"open","sticky":false,"template":"","format":"standard","meta":{"footnotes":""},"categories":[9],"tags":[],"class_list":["post-2293","post","type-post","status-publish","format-standard","has-post-thumbnail","hentry","category-lonuevo-puravelocid-ad"],"cmb2":{"poster_feature_image":{"vid_m_player_background":"","vid_m_poster_image":"","vid_m_poster_image_id":""},"gif_feature_image":{"vid_m_gif_image":"","vid_m_gif_image_id":""},"video_movie_settings":{"vid_m_director":"","vid_m_actor":"","vid_m_imdb_ratings":"","vid_m_amazon_associates":"","vid_m_vid_tmdb_movie":"","vid_m_vid_tmdb_tv_shows":"","vid_m_vid_tmdb_thumb":""},"vid_ads_m_videoads_settings_post":{"vid_ads_m_video_ads":"","vid_ads_m_video_ads_type":"","vid_ads_m_group_google_ima":"","vid_ads_m_group_image":"","vid_ads_m_group_html5_video":"","vid_ads_m_group_html":"","vid_ads_m_vpaid_mode":"","vid_ads_m_vast_preroll":"","vid_ads_m_vast_postroll":"","vid_ads_m_vast_pauseroll":"","vid_ads_m_vast_midroll":"","vid_ads_m_group_dynamic":"","vid_ads_m_time_to_show_ads":"","vid_ads_m_time_skip_ads":"","vid_ads_m_time_to_hide_ads":""},"feature_image_settings":{"feature_image_position":""},"video_player_settings":{"single_video_style":"","video_player_position":"","vm_video_url_btn_choose":"","vm_video_url_btn_choose_id":"","vm_video_url":"","vm_video_ratio":"","vm_video_ratio_mobile":"","video_player_library":"","plyr_player":"","video_streaming":"","vm_video_shortcode":"","vm_video_timelapse":"","vm_media_subtitles":"","vm_media_sources":"","vid_vtt_preview":"","vid_vtt_preview_vtt_file":"","vid_vtt_preview_vtt_file_id":"","vid_vtt_preview_sprite_image":"","vid_vtt_preview_sprite_image_id":"","vid_auto_play":"","vid_preview_mode":"","vm_video_trailer_manl_url":"","vm_screenshot_preview":"","vid_tags":"","vid_p_sync_playlist":"","vid_c_sync_channel":"","get_post_format":"","multiple_links_structure":"","multi_links_title":"","original_video_title":"","multi_links_series":"","vm_video_multi_links":"","vm_duration":"","vid_social_locker":"","vid_locker_mode":"","vid_social_locker_id":"","vid_social_email_locker_id":"","vid_social_signin_locker_id":"","sv_login_to_watch":"","vid_membership_action":"","vm_video_trailer_url":"","vid_download_type":"","vid_download_target":"","vid_woo_product":"","vid_download_mode":"","vid_download_mode_trailer":"","vm_media_download":"","user_rating":"","user_rating_position":"","user_rating_mode":"","user_rating_multi_sets":"","ads_above_single_player":""},"video_auto_fetch_settings":{"vm_video_fetch":""},"video_fake_views_likes":{"vm_fake_views":"","vm_fake_likes":"","vm_fake_dislikes":""},"gallery_settings":{"gallery_position":""},"quote_settings":{"quote_position":""},"post_options":{"main_layout":"","main_logo":"","main_logo_id":"","main_logo_retina":"","main_logo_retina_id":"","main_logo_mobile":"","main_logo_mobile_id":"","main_logo_mobile_retina":"","main_logo_mobile_retina_id":"","sticky_logo":"","sticky_logo_id":"","sticky_logo_retina":"","sticky_logo_retina_id":"","main_nav_layout":"","header_background":"","theme_sidebar":"","single_post_comment_type":"","theme_background":""}},"rttpg_featured_image_url":{"full":["https:\/\/tutarotero.com\/tv\/wp-content\/uploads\/2025\/04\/2026hyundaiioniq6nlineevelectricsedan-15-ezgif.com-avif-to-jpg-converter-XVwKaR.jpeg",1920,1080,false],"landscape":["https:\/\/tutarotero.com\/tv\/wp-content\/uploads\/2025\/04\/2026hyundaiioniq6nlineevelectricsedan-15-ezgif.com-avif-to-jpg-converter-XVwKaR.jpeg",1920,1080,false],"portraits":["https:\/\/tutarotero.com\/tv\/wp-content\/uploads\/2025\/04\/2026hyundaiioniq6nlineevelectricsedan-15-ezgif.com-avif-to-jpg-converter-XVwKaR.jpeg",1920,1080,false],"thumbnail":["https:\/\/tutarotero.com\/tv\/wp-content\/uploads\/2025\/04\/2026hyundaiioniq6nlineevelectricsedan-15-ezgif.com-avif-to-jpg-converter-XVwKaR-150x150.jpeg",150,150,true],"medium":["https:\/\/tutarotero.com\/tv\/wp-content\/uploads\/2025\/04\/2026hyundaiioniq6nlineevelectricsedan-15-ezgif.com-avif-to-jpg-converter-XVwKaR-300x169.jpeg",300,169,true],"large":["https:\/\/tutarotero.com\/tv\/wp-content\/uploads\/2025\/04\/2026hyundaiioniq6nlineevelectricsedan-15-ezgif.com-avif-to-jpg-converter-XVwKaR-1024x576.jpeg",640,360,true],"1536x1536":["https:\/\/tutarotero.com\/tv\/wp-content\/uploads\/2025\/04\/2026hyundaiioniq6nlineevelectricsedan-15-ezgif.com-avif-to-jpg-converter-XVwKaR-1536x864.jpeg",1536,864,true],"2048x2048":["https:\/\/tutarotero.com\/tv\/wp-content\/uploads\/2025\/04\/2026hyundaiioniq6nlineevelectricsedan-15-ezgif.com-avif-to-jpg-converter-XVwKaR.jpeg",1920,1080,false],"vidorev_thumb_1x1_0x":["https:\/\/tutarotero.com\/tv\/wp-content\/uploads\/2025\/04\/2026hyundaiioniq6nlineevelectricsedan-15-ezgif.com-avif-to-jpg-converter-XVwKaR-60x60.jpeg",60,60,true],"vidorev_thumb_1x1_1x":["https:\/\/tutarotero.com\/tv\/wp-content\/uploads\/2025\/04\/2026hyundaiioniq6nlineevelectricsedan-15-ezgif.com-avif-to-jpg-converter-XVwKaR-100x100.jpeg",100,100,true],"vidorev_thumb_1x1_2x":["https:\/\/tutarotero.com\/tv\/wp-content\/uploads\/2025\/04\/2026hyundaiioniq6nlineevelectricsedan-15-ezgif.com-avif-to-jpg-converter-XVwKaR-200x200.jpeg",200,200,true],"vidorev_thumb_1x1_3x":["https:\/\/tutarotero.com\/tv\/wp-content\/uploads\/2025\/04\/2026hyundaiioniq6nlineevelectricsedan-15-ezgif.com-avif-to-jpg-converter-XVwKaR-268x268.jpeg",268,268,true],"vidorev_thumb_2point7x1_1x":["https:\/\/tutarotero.com\/tv\/wp-content\/uploads\/2025\/04\/2026hyundaiioniq6nlineevelectricsedan-15-ezgif.com-avif-to-jpg-converter-XVwKaR-346x130.jpeg",346,130,true],"vidorev_thumb_2point7x1_2x":["https:\/\/tutarotero.com\/tv\/wp-content\/uploads\/2025\/04\/2026hyundaiioniq6nlineevelectricsedan-15-ezgif.com-avif-to-jpg-converter-XVwKaR-568x213.jpeg",568,213,true],"vidorev_thumb_2point7x1_3x":["https:\/\/tutarotero.com\/tv\/wp-content\/uploads\/2025\/04\/2026hyundaiioniq6nlineevelectricsedan-15-ezgif.com-avif-to-jpg-converter-XVwKaR-1136x426.jpeg",1136,426,true],"vidorev_thumb_4x3_0point5x":["https:\/\/tutarotero.com\/tv\/wp-content\/uploads\/2025\/04\/2026hyundaiioniq6nlineevelectricsedan-15-ezgif.com-avif-to-jpg-converter-XVwKaR-282x212.jpeg",282,212,true],"vidorev_thumb_4x3_1point5x":["https:\/\/tutarotero.com\/tv\/wp-content\/uploads\/2025\/04\/2026hyundaiioniq6nlineevelectricsedan-15-ezgif.com-avif-to-jpg-converter-XVwKaR-568x426.jpeg",568,426,true],"vidorev_thumb_2x3_0point3x":["https:\/\/tutarotero.com\/tv\/wp-content\/uploads\/2025\/04\/2026hyundaiioniq6nlineevelectricsedan-15-ezgif.com-avif-to-jpg-converter-XVwKaR-60x90.jpeg",60,90,true],"vidorev_thumb_16x9_0x":["https:\/\/tutarotero.com\/tv\/wp-content\/uploads\/2025\/04\/2026hyundaiioniq6nlineevelectricsedan-15-ezgif.com-avif-to-jpg-converter-XVwKaR-236x133.jpeg",236,133,true],"vidorev_thumb_16x9_1x":["https:\/\/tutarotero.com\/tv\/wp-content\/uploads\/2025\/04\/2026hyundaiioniq6nlineevelectricsedan-15-ezgif.com-avif-to-jpg-converter-XVwKaR-360x203.jpeg",360,203,true],"vidorev_thumb_16x9_2x":["https:\/\/tutarotero.com\/tv\/wp-content\/uploads\/2025\/04\/2026hyundaiioniq6nlineevelectricsedan-15-ezgif.com-avif-to-jpg-converter-XVwKaR-750x422.jpeg",750,422,true],"vidorev_thumb_16x9_3x":["https:\/\/tutarotero.com\/tv\/wp-content\/uploads\/2025\/04\/2026hyundaiioniq6nlineevelectricsedan-15-ezgif.com-avif-to-jpg-converter-XVwKaR-1500x844.jpeg",1500,844,true],"vidorev_thumb_4x3_1x":["https:\/\/tutarotero.com\/tv\/wp-content\/uploads\/2025\/04\/2026hyundaiioniq6nlineevelectricsedan-15-ezgif.com-avif-to-jpg-converter-XVwKaR-360x270.jpeg",360,270,true],"vidorev_thumb_4x3_2x":["https:\/\/tutarotero.com\/tv\/wp-content\/uploads\/2025\/04\/2026hyundaiioniq6nlineevelectricsedan-15-ezgif.com-avif-to-jpg-converter-XVwKaR-720x540.jpeg",720,540,true],"vidorev_thumb_4x3_3x":["https:\/\/tutarotero.com\/tv\/wp-content\/uploads\/2025\/04\/2026hyundaiioniq6nlineevelectricsedan-15-ezgif.com-avif-to-jpg-converter-XVwKaR-1200x900.jpeg",1200,900,true],"vidorev_thumb_2x3_0x":["https:\/\/tutarotero.com\/tv\/wp-content\/uploads\/2025\/04\/2026hyundaiioniq6nlineevelectricsedan-15-ezgif.com-avif-to-jpg-converter-XVwKaR-165x248.jpeg",165,248,true],"vidorev_thumb_2x3_1x":["https:\/\/tutarotero.com\/tv\/wp-content\/uploads\/2025\/04\/2026hyundaiioniq6nlineevelectricsedan-15-ezgif.com-avif-to-jpg-converter-XVwKaR-360x540.jpeg",360,540,true],"vidorev_thumb_2x3_2x":["https:\/\/tutarotero.com\/tv\/wp-content\/uploads\/2025\/04\/2026hyundaiioniq6nlineevelectricsedan-15-ezgif.com-avif-to-jpg-converter-XVwKaR-600x900.jpeg",600,900,true]},"rttpg_author":{"display_name":"","author_link":"https:\/\/tutarotero.com\/tv\/?author=0"},"rttpg_comment":0,"rttpg_category":"<a href=\"https:\/\/tutarotero.com\/tv\/?cat=9\" rel=\"category\">Lo nuevo<\/a>","rttpg_excerpt":"El Hyundai Ioniq 6 2026 no solo se mantiene como uno de los sedanes el\u00e9ctricos m\u00e1s avanzados y confortables del mercado, sino que ahora da un paso firme hacia el rendimiento deportivo, siguiendo los pasos de su hermano SUV, el Ioniq 5. Con una versi\u00f3n N Line confirmada y la inminente llegada del Ioniq 6&hellip;","_links":{"self":[{"href":"https:\/\/tutarotero.com\/tv\/index.php?rest_route=\/wp\/v2\/posts\/2293","targetHints":{"allow":["GET"]}}],"collection":[{"href":"https:\/\/tutarotero.com\/tv\/index.php?rest_route=\/wp\/v2\/posts"}],"about":[{"href":"https:\/\/tutarotero.com\/tv\/index.php?rest_route=\/wp\/v2\/types\/post"}],"replies":[{"embeddable":true,"href":"https:\/\/tutarotero.com\/tv\/index.php?rest_route=%2Fwp%2Fv2%2Fcomments&post=2293"}],"version-history":[{"count":0,"href":"https:\/\/tutarotero.com\/tv\/index.php?rest_route=\/wp\/v2\/posts\/2293\/revisions"}],"wp:featuredmedia":[{"embeddable":true,"href":"https:\/\/tutarotero.com\/tv\/index.php?rest_route=\/wp\/v2\/media\/2294"}],"wp:attachment":[{"href":"https:\/\/tutarotero.com\/tv\/index.php?rest_route=%2Fwp%2Fv2%2Fmedia&parent=2293"}],"wp:term":[{"taxonomy":"category","embeddable":true,"href":"https:\/\/tutarotero.com\/tv\/index.php?rest_route=%2Fwp%2Fv2%2Fcategories&post=2293"},{"taxonomy":"post_tag","embeddable":true,"href":"https:\/\/tutarotero.com\/tv\/index.php?rest_route=%2Fwp%2Fv2%2Ftags&post=2293"}],"curies":[{"name":"wp","href":"https:\/\/api.w.org\/{rel}","templated":true}]}}