{"id":2295,"date":"2025-04-08T17:10:24","date_gmt":"2025-04-08T17:10:24","guid":{"rendered":"https:\/\/tutarotero.com\/tv\/?p=2295"},"modified":"2025-04-08T17:10:24","modified_gmt":"2025-04-08T17:10:24","slug":"honda-prelude-2026-el-interior-se-revela","status":"publish","type":"post","link":"https:\/\/tutarotero.com\/tv\/?p=2295","title":{"rendered":"Honda Prelude 2026: El interior se revela"},"content":{"rendered":"<h2><strong>Honda Prelude 2026 apunta al segmento premium deportivo<\/strong><\/h2>\n<p>Para m\u00ed, el <strong data-start=\"241\" data-end=\"258\">Honda Prelude<\/strong> ocupa un lugar muy especial. Corr\u00eda el a\u00f1o 1994, yo estaba en la universidad, y uno de mis mejores amigos ten\u00eda un <strong>Honda Prelude de cuarta generaci\u00f3n, manual, con motor 2.2 litros F22B<\/strong> de 160 caballos\u2014nada de VTEC a\u00fan, pero igual era una joya. Lo manej\u00e9 muchas veces y cada una fue inolvidable. Su suspensi\u00f3n, perfectamente afinada, ofrec\u00eda ese balance ideal entre firmeza y confort. Ten\u00eda un paso por curva con muy poco balanceo, una direcci\u00f3n directa, y una <strong data-start=\"717\" data-end=\"743\">relaci\u00f3n peso-potencia<\/strong> que lo hac\u00eda \u00e1gil y muy comunicativo. El interior tambi\u00e9n ten\u00eda lo suyo: un tablero con medidores anal\u00f3gicos y digitales en azul que, en su momento, parec\u00eda sacado de una nave espacial. <strong data-start=\"930\" data-end=\"988\">Era otra \u00e9poca\u2026 y otro tipo de conexi\u00f3n con el auto. <\/strong>Ahora a finales de este a\u00f1o tendremos un nuevo Honda Prelude 2026<\/p>\n<p>El regreso del <strong>Honda Prelude 2026<\/strong> ya es un hecho, y ahora conocemos por primera vez su interior gracias a una publicaci\u00f3n oficial de Honda en LinkedIn. El cup\u00e9 deportivo de dos puertas, con propulsi\u00f3n h\u00edbrida, parece posicionarse justo entre el Civic y el Acura Integra, con un estilo m\u00e1s refinado y aspiraciones claramente premium.<\/p>\n<h2><strong>Inspirado en Acura, pero con identidad propia<\/strong><\/h2>\n<p>Aunque hasta ahora todos los modelos exhibidos ten\u00edan vidrios polarizados que ocultaban el interior, por fin tenemos una visi\u00f3n clara del habit\u00e1culo. El prototipo mostrado corresponde a una versi\u00f3n con volante a la derecha para el mercado japon\u00e9s, pero la versi\u00f3n estadounidense contar\u00e1 con el volante en el lado izquierdo.<\/p>\n<p>El tablero abandona el elegante sistema de ventilaci\u00f3n horizontal del Civic en favor de un dise\u00f1o m\u00e1s convencional, similar al del <strong>Acura Integra<\/strong>, con salidas de aire distribuidas de forma cl\u00e1sica y una pantalla central tipo tableta. Tambi\u00e9n adopta el grupo de instrumentos digitales del Integra, con materiales de mejor calidad y una atm\u00f3sfera que apunta al segmento premium.<\/p>\n<figure aria-describedby=\"caption-attachment-2734\" class=\"wp-caption alignnone\"><img fetchpriority=\"high\" decoding=\"async\" class=\"wp-image-2734 size-full\" src=\"https:\/\/puravelocidad.com\/wp-content\/uploads\/2025\/04\/2026hondapreludehybridcoupejdm2-ezgif.com-webp-to-jpg-converter.jpg\" alt=\"\" width=\"1280\" height=\"720\"><figcaption class=\"wp-caption-text\">Imagen Honda Prelude 2026 Interior<\/figcaption><\/figure>\n<h2><strong>Consola central con detalles funcionales y deportivos<\/strong><\/h2>\n<p>Uno de los aspectos m\u00e1s llamativos es la <strong>consola central<\/strong>, que combina elementos familiares de otros modelos Honda con nuevas funciones espec\u00edficas. Entre ellos destaca el selector de marchas tipo bot\u00f3n, el freno de estacionamiento electr\u00f3nico, y un bot\u00f3n negro brillante con la etiqueta <strong>\u201cS+\u201d<\/strong>, que promete activar un modo de conducci\u00f3n m\u00e1s agresivo para sacar el m\u00e1ximo provecho al sistema h\u00edbrido.<\/p>\n<figure aria-describedby=\"caption-attachment-2735\" class=\"wp-caption alignnone\"><img decoding=\"async\" class=\"wp-image-2735 size-full\" src=\"https:\/\/puravelocidad.com\/wp-content\/uploads\/2025\/04\/2026hondapreludehybridcoupejdm4-ezgif.com-avif-to-jpg-converter.jpg\" alt=\"\" width=\"1280\" height=\"720\"><figcaption class=\"wp-caption-text\">Imagen Honda Prelude 2026 Interior \u2013 Boton S+<\/figcaption><\/figure>\n<h2><strong>H\u00edbrido, pero con sensaciones deportivas<\/strong><\/h2>\n<p>Aunque el <strong>Prelude 2026<\/strong> no ofrecer\u00e1 transmisi\u00f3n manual (como s\u00ed lo hicieron algunos h\u00edbridos antiguos de Honda), la marca trabaja en ofrecer una experiencia m\u00e1s emocionante a trav\u00e9s del modo S+. Este modo utilizar\u00e1 la gesti\u00f3n electr\u00f3nica del sistema h\u00edbrido para <strong>simular cambios de marcha<\/strong> mediante software, haciendo que la aceleraci\u00f3n tenga una sensaci\u00f3n m\u00e1s tradicional.<\/p>\n<p>Esto ser\u00eda similar a lo que ya ofrece el Civic H\u00edbrido, pero en una versi\u00f3n m\u00e1s agresiva. Adem\u00e1s, el Honda Prelude 2026 podr\u00eda contar con <strong>levas detr\u00e1s del volante<\/strong> para controlar esa simulaci\u00f3n de cambios o gestionar los niveles de regeneraci\u00f3n de energ\u00eda.<\/p>\n<h2><strong>Asientos traseros: Poco espacio, pero buena ejecuci\u00f3n general<\/strong><\/h2>\n<p>Como era de esperarse en un cup\u00e9 de este tipo, el espacio trasero es muy limitado. Las peque\u00f1as ventanillas laterales, la ca\u00edda del techo y el grueso pilar trasero hacen que sea un lugar poco habitable, ideal solo para ni\u00f1os o trayectos cortos. Sin embargo, el maletero podr\u00eda ofrecer un espacio razonable, siguiendo la tradici\u00f3n de aprovechamiento inteligente de Honda, como ya vimos en el Civic.<\/p>\n<figure aria-describedby=\"caption-attachment-2736\" class=\"wp-caption alignnone\"><img decoding=\"async\" class=\"wp-image-2736 size-full\" src=\"https:\/\/puravelocidad.com\/wp-content\/uploads\/2025\/04\/2026hondapreludehybridcoupejdm3-ezgif.com-avif-to-jpg-converter.jpg\" alt=\"\" width=\"1280\" height=\"720\"><figcaption class=\"wp-caption-text\">Imagen Honda Prelude 2026 Asientos exclusivos<\/figcaption><\/figure>\n<h2><strong>Lo que viene para el Honda Prelude 2026<\/strong><\/h2>\n<p>Aunque este interior corresponde a un prototipo japon\u00e9s, sirve como una <strong>clara aproximaci\u00f3n al modelo de producci\u00f3n<\/strong> que veremos en Norteam\u00e9rica a finales de 2025 o principios de 2026. Todo apunta a que Honda quiere que el Prelude sea un auto <strong>emocional, eficiente y tecnol\u00f3gicamente atractivo<\/strong>, sin perder el toque deportivo que siempre lo caracteriz\u00f3.<\/p>\n<h2><strong>Preguntas frecuentes (FAQ)<\/strong><\/h2>\n<p><strong>\u00bfEl Honda Prelude 2026 tendr\u00e1 transmisi\u00f3n manual?<\/strong><br \/>\nNo. Utilizar\u00e1 un sistema h\u00edbrido sin caja manual, pero con simulaci\u00f3n de cambios gracias al software.<\/p>\n<p><strong>\u00bfQu\u00e9 es el bot\u00f3n S+ del Prelude?<\/strong><br \/>\nActiva un modo de conducci\u00f3n deportiva que hace que el sistema h\u00edbrido simule cambios de marcha m\u00e1s agresivos.<\/p>\n<p><strong>\u00bfEst\u00e1 basado en el Civic?<\/strong><br \/>\nComparte plataforma, pero toma muchos elementos del Acura Integra y apunta a un nivel superior.<\/p>\n<p><strong>\u00bfC\u00f3mo es el espacio en la parte trasera?<\/strong><br \/>\nMuy limitado. Ideal solo para trayectos cortos o ni\u00f1os.<\/p>\n<p><strong>\u00bfCu\u00e1ndo llegar\u00e1 al mercado?<\/strong><br \/>\nSe espera que el Prelude llegue a EE.UU. a finales de 2025 o inicios de 2026.<\/p>\n<h2><strong>\u00bfPuede un h\u00edbrido devolverle el alma deportiva al Prelude?<\/strong><\/h2>\n<p>En <em>Pura Velocidad<\/em> seguimos el regreso de los grandes nombres: <a href=\"https:\/\/puravelocidad.com\/toyota-gr-hibridos-la-electrificacion-que-nadie-esperaba\/\">Toyota GR H\u00edbridos: la electrificaci\u00f3n que nadie esperaba<\/a><br \/>\n<a href=\"https:\/\/puravelocidad.com\/honda-y-toyota-una-alianza-inesperada-para-evadir-los-aranceles\/\">Honda y Toyota: alianza t\u00e1ctica ante los aranceles<\/a><\/p>\n<p><a href=\"https:\/\/automobiles.honda.com\/\">Honda USA<\/a><\/p>\n<p><a href=\"https:\/\/automobiles.honda.com\/future-cars\/prelude\">Honda Prelude\u00a0<\/a><\/p>\n<p><strong>Comparte este art\u00edculo y dinos: \u00bfcrees que este Prelude h\u00edbrido puede hacerle justicia a su legado deportivo?<\/strong><\/p>\n<p>The post <a href=\"https:\/\/puravelocidad.com\/honda-prelude-2026\/\">Honda Prelude 2026: El interior se revela<\/a> appeared first on <a href=\"https:\/\/puravelocidad.com\/\">Pura Velocidad<\/a>.<\/p>\n","protected":false},"excerpt":{"rendered":"<h2><strong>Honda Prelude 2026 apunta al segmento premium deportivo<\/strong><\/h2>\n<p>Para m\u00ed, el <strong data-start=\"241\" data-end=\"258\">Honda Prelude<\/strong> ocupa un lugar muy especial. Corr\u00eda el a\u00f1o 1994, yo estaba en la universidad, y uno de mis mejores amigos ten\u00eda un <strong>Honda Prelude de cuarta generaci\u00f3n, manual, con motor 2.2 litros F22B<\/strong> de 160 caballos\u2014nada de VTEC a\u00fan, pero igual era una joya. Lo manej\u00e9 muchas veces y cada una fue inolvidable. Su suspensi\u00f3n, perfectamente afinada, ofrec\u00eda ese balance ideal entre firmeza y confort. Ten\u00eda un paso por curva con muy poco balanceo, una direcci\u00f3n directa, y una <strong data-start=\"717\" data-end=\"743\">relaci\u00f3n peso-potencia<\/strong> que lo hac\u00eda \u00e1gil y muy comunicativo. El interior tambi\u00e9n ten\u00eda lo suyo: un tablero con medidores anal\u00f3gicos y digitales en azul que, en su momento, parec\u00eda sacado de una nave espacial. <strong data-start=\"930\" data-end=\"988\">Era otra \u00e9poca\u2026 y otro tipo de conexi\u00f3n con el auto. <\/strong>Ahora a finales de este a\u00f1o tendremos un nuevo Honda Prelude 2026<\/p>\n<p>El regreso del <strong>Honda Prelude 2026<\/strong> ya es un hecho, y ahora conocemos por primera vez su interior gracias a una publicaci\u00f3n oficial de Honda en LinkedIn. El cup\u00e9 deportivo de dos puertas, con propulsi\u00f3n h\u00edbrida, parece posicionarse justo entre el Civic y el Acura Integra, con un estilo m\u00e1s refinado y aspiraciones claramente premium.<\/p>\n<h2><strong>Inspirado en Acura, pero con identidad propia<\/strong><\/h2>\n<p>Aunque hasta ahora todos los modelos exhibidos ten\u00edan vidrios polarizados que ocultaban el interior, por fin tenemos una visi\u00f3n clara del habit\u00e1culo. El prototipo mostrado corresponde a una versi\u00f3n con volante a la derecha para el mercado japon\u00e9s, pero la versi\u00f3n estadounidense contar\u00e1 con el volante en el lado izquierdo.<\/p>\n<p>El tablero abandona el elegante sistema de ventilaci\u00f3n horizontal del Civic en favor de un dise\u00f1o m\u00e1s convencional, similar al del <strong>Acura Integra<\/strong>, con salidas de aire distribuidas de forma cl\u00e1sica y una pantalla central tipo tableta. Tambi\u00e9n adopta el grupo de instrumentos digitales del Integra, con materiales de mejor calidad y una atm\u00f3sfera que apunta al segmento premium.<\/p>\n<figure aria-describedby=\"caption-attachment-2734\" class=\"wp-caption alignnone\"><img fetchpriority=\"high\" decoding=\"async\" class=\"wp-image-2734 size-full\" src=\"https:\/\/puravelocidad.com\/wp-content\/uploads\/2025\/04\/2026hondapreludehybridcoupejdm2-ezgif.com-webp-to-jpg-converter.jpg\" alt=\"\" width=\"1280\" height=\"720\"><figcaption class=\"wp-caption-text\">Imagen Honda Prelude 2026 Interior<\/figcaption><\/figure>\n<h2><strong>Consola central con detalles funcionales y deportivos<\/strong><\/h2>\n<p>Uno de los aspectos m\u00e1s llamativos es la <strong>consola central<\/strong>, que combina elementos familiares de otros modelos Honda con nuevas funciones espec\u00edficas. Entre ellos destaca el selector de marchas tipo bot\u00f3n, el freno de estacionamiento electr\u00f3nico, y un bot\u00f3n negro brillante con la etiqueta <strong>\u201cS+\u201d<\/strong>, que promete activar un modo de conducci\u00f3n m\u00e1s agresivo para sacar el m\u00e1ximo provecho al sistema h\u00edbrido.<\/p>\n<figure aria-describedby=\"caption-attachment-2735\" class=\"wp-caption alignnone\"><img decoding=\"async\" class=\"wp-image-2735 size-full\" src=\"https:\/\/puravelocidad.com\/wp-content\/uploads\/2025\/04\/2026hondapreludehybridcoupejdm4-ezgif.com-avif-to-jpg-converter.jpg\" alt=\"\" width=\"1280\" height=\"720\"><figcaption class=\"wp-caption-text\">Imagen Honda Prelude 2026 Interior \u2013 Boton S+<\/figcaption><\/figure>\n<h2><strong>H\u00edbrido, pero con sensaciones deportivas<\/strong><\/h2>\n<p>Aunque el <strong>Prelude 2026<\/strong> no ofrecer\u00e1 transmisi\u00f3n manual (como s\u00ed lo hicieron algunos h\u00edbridos antiguos de Honda), la marca trabaja en ofrecer una experiencia m\u00e1s emocionante a trav\u00e9s del modo S+. Este modo utilizar\u00e1 la gesti\u00f3n electr\u00f3nica del sistema h\u00edbrido para <strong>simular cambios de marcha<\/strong> mediante software, haciendo que la aceleraci\u00f3n tenga una sensaci\u00f3n m\u00e1s tradicional.<\/p>\n<p>Esto ser\u00eda similar a lo que ya ofrece el Civic H\u00edbrido, pero en una versi\u00f3n m\u00e1s agresiva. Adem\u00e1s, el Honda Prelude 2026 podr\u00eda contar con <strong>levas detr\u00e1s del volante<\/strong> para controlar esa simulaci\u00f3n de cambios o gestionar los niveles de regeneraci\u00f3n de energ\u00eda.<\/p>\n<h2><strong>Asientos traseros: Poco espacio, pero buena ejecuci\u00f3n general<\/strong><\/h2>\n<p>Como era de esperarse en un cup\u00e9 de este tipo, el espacio trasero es muy limitado. Las peque\u00f1as ventanillas laterales, la ca\u00edda del techo y el grueso pilar trasero hacen que sea un lugar poco habitable, ideal solo para ni\u00f1os o trayectos cortos. Sin embargo, el maletero podr\u00eda ofrecer un espacio razonable, siguiendo la tradici\u00f3n de aprovechamiento inteligente de Honda, como ya vimos en el Civic.<\/p>\n<figure aria-describedby=\"caption-attachment-2736\" class=\"wp-caption alignnone\"><img decoding=\"async\" class=\"wp-image-2736 size-full\" src=\"https:\/\/puravelocidad.com\/wp-content\/uploads\/2025\/04\/2026hondapreludehybridcoupejdm3-ezgif.com-avif-to-jpg-converter.jpg\" alt=\"\" width=\"1280\" height=\"720\"><figcaption class=\"wp-caption-text\">Imagen Honda Prelude 2026 Asientos exclusivos<\/figcaption><\/figure>\n<h2><strong>Lo que viene para el Honda Prelude 2026<\/strong><\/h2>\n<p>Aunque este interior corresponde a un prototipo japon\u00e9s, sirve como una <strong>clara aproximaci\u00f3n al modelo de producci\u00f3n<\/strong> que veremos en Norteam\u00e9rica a finales de 2025 o principios de 2026. Todo apunta a que Honda quiere que el Prelude sea un auto <strong>emocional, eficiente y tecnol\u00f3gicamente atractivo<\/strong>, sin perder el toque deportivo que siempre lo caracteriz\u00f3.<\/p>\n<h2><strong>Preguntas frecuentes (FAQ)<\/strong><\/h2>\n<p><strong>\u00bfEl Honda Prelude 2026 tendr\u00e1 transmisi\u00f3n manual?<\/strong><br \/>\nNo. Utilizar\u00e1 un sistema h\u00edbrido sin caja manual, pero con simulaci\u00f3n de cambios gracias al software.<\/p>\n<p><strong>\u00bfQu\u00e9 es el bot\u00f3n S+ del Prelude?<\/strong><br \/>\nActiva un modo de conducci\u00f3n deportiva que hace que el sistema h\u00edbrido simule cambios de marcha m\u00e1s agresivos.<\/p>\n<p><strong>\u00bfEst\u00e1 basado en el Civic?<\/strong><br \/>\nComparte plataforma, pero toma muchos elementos del Acura Integra y apunta a un nivel superior.<\/p>\n<p><strong>\u00bfC\u00f3mo es el espacio en la parte trasera?<\/strong><br \/>\nMuy limitado. Ideal solo para trayectos cortos o ni\u00f1os.<\/p>\n<p><strong>\u00bfCu\u00e1ndo llegar\u00e1 al mercado?<\/strong><br \/>\nSe espera que el Prelude llegue a EE.UU. a finales de 2025 o inicios de 2026.<\/p>\n<h2><strong>\u00bfPuede un h\u00edbrido devolverle el alma deportiva al Prelude?<\/strong><\/h2>\n<p>En <em>Pura Velocidad<\/em> seguimos el regreso de los grandes nombres: <a href=\"https:\/\/puravelocidad.com\/toyota-gr-hibridos-la-electrificacion-que-nadie-esperaba\/\">Toyota GR H\u00edbridos: la electrificaci\u00f3n que nadie esperaba<\/a><br \/>\n<a href=\"https:\/\/puravelocidad.com\/honda-y-toyota-una-alianza-inesperada-para-evadir-los-aranceles\/\">Honda y Toyota: alianza t\u00e1ctica ante los aranceles<\/a><\/p>\n<p><a href=\"https:\/\/automobiles.honda.com\/\">Honda USA<\/a><\/p>\n<p><a href=\"https:\/\/automobiles.honda.com\/future-cars\/prelude\">Honda Prelude\u00a0<\/a><\/p>\n<p><strong>Comparte este art\u00edculo y dinos: \u00bfcrees que este Prelude h\u00edbrido puede hacerle justicia a su legado deportivo?<\/strong><\/p>\n<p>The post <a href=\"https:\/\/puravelocidad.com\/honda-prelude-2026\/\">Honda Prelude 2026: El interior se revela<\/a> appeared first on <a href=\"https:\/\/puravelocidad.com\/\">Pura Velocidad<\/a>.<\/p>\n","protected":false},"author":0,"featured_media":2296,"comment_status":"open","ping_status":"open","sticky":false,"template":"","format":"standard","meta":{"footnotes":""},"categories":[9],"tags":[],"class_list":["post-2295","post","type-post","status-publish","format-standard","has-post-thumbnail","hentry","category-lonuevo-puravelocid-ad"],"cmb2":{"poster_feature_image":{"vid_m_player_background":"","vid_m_poster_image":"","vid_m_poster_image_id":""},"gif_feature_image":{"vid_m_gif_image":"","vid_m_gif_image_id":""},"video_movie_settings":{"vid_m_director":"","vid_m_actor":"","vid_m_imdb_ratings":"","vid_m_amazon_associates":"","vid_m_vid_tmdb_movie":"","vid_m_vid_tmdb_tv_shows":"","vid_m_vid_tmdb_thumb":""},"vid_ads_m_videoads_settings_post":{"vid_ads_m_video_ads":"","vid_ads_m_video_ads_type":"","vid_ads_m_group_google_ima":"","vid_ads_m_group_image":"","vid_ads_m_group_html5_video":"","vid_ads_m_group_html":"","vid_ads_m_vpaid_mode":"","vid_ads_m_vast_preroll":"","vid_ads_m_vast_postroll":"","vid_ads_m_vast_pauseroll":"","vid_ads_m_vast_midroll":"","vid_ads_m_group_dynamic":"","vid_ads_m_time_to_show_ads":"","vid_ads_m_time_skip_ads":"","vid_ads_m_time_to_hide_ads":""},"feature_image_settings":{"feature_image_position":""},"video_player_settings":{"single_video_style":"","video_player_position":"","vm_video_url_btn_choose":"","vm_video_url_btn_choose_id":"","vm_video_url":"","vm_video_ratio":"","vm_video_ratio_mobile":"","video_player_library":"","plyr_player":"","video_streaming":"","vm_video_shortcode":"","vm_video_timelapse":"","vm_media_subtitles":"","vm_media_sources":"","vid_vtt_preview":"","vid_vtt_preview_vtt_file":"","vid_vtt_preview_vtt_file_id":"","vid_vtt_preview_sprite_image":"","vid_vtt_preview_sprite_image_id":"","vid_auto_play":"","vid_preview_mode":"","vm_video_trailer_manl_url":"","vm_screenshot_preview":"","vid_tags":"","vid_p_sync_playlist":"","vid_c_sync_channel":"","get_post_format":"","multiple_links_structure":"","multi_links_title":"","original_video_title":"","multi_links_series":"","vm_video_multi_links":"","vm_duration":"","vid_social_locker":"","vid_locker_mode":"","vid_social_locker_id":"","vid_social_email_locker_id":"","vid_social_signin_locker_id":"","sv_login_to_watch":"","vid_membership_action":"","vm_video_trailer_url":"","vid_download_type":"","vid_download_target":"","vid_woo_product":"","vid_download_mode":"","vid_download_mode_trailer":"","vm_media_download":"","user_rating":"","user_rating_position":"","user_rating_mode":"","user_rating_multi_sets":"","ads_above_single_player":""},"video_auto_fetch_settings":{"vm_video_fetch":""},"video_fake_views_likes":{"vm_fake_views":"","vm_fake_likes":"","vm_fake_dislikes":""},"gallery_settings":{"gallery_position":""},"quote_settings":{"quote_position":""},"post_options":{"main_layout":"","main_logo":"","main_logo_id":"","main_logo_retina":"","main_logo_retina_id":"","main_logo_mobile":"","main_logo_mobile_id":"","main_logo_mobile_retina":"","main_logo_mobile_retina_id":"","sticky_logo":"","sticky_logo_id":"","sticky_logo_retina":"","sticky_logo_retina_id":"","main_nav_layout":"","header_background":"","theme_sidebar":"","single_post_comment_type":"","theme_background":""}},"rttpg_featured_image_url":{"full":["https:\/\/tutarotero.com\/tv\/wp-content\/uploads\/2025\/04\/2026hondapreludehybridcoupejdm2-ezgif.com-webp-to-jpg-converter-TGpSH5.jpeg",1280,720,false],"landscape":["https:\/\/tutarotero.com\/tv\/wp-content\/uploads\/2025\/04\/2026hondapreludehybridcoupejdm2-ezgif.com-webp-to-jpg-converter-TGpSH5.jpeg",1280,720,false],"portraits":["https:\/\/tutarotero.com\/tv\/wp-content\/uploads\/2025\/04\/2026hondapreludehybridcoupejdm2-ezgif.com-webp-to-jpg-converter-TGpSH5.jpeg",1280,720,false],"thumbnail":["https:\/\/tutarotero.com\/tv\/wp-content\/uploads\/2025\/04\/2026hondapreludehybridcoupejdm2-ezgif.com-webp-to-jpg-converter-TGpSH5-150x150.jpeg",150,150,true],"medium":["https:\/\/tutarotero.com\/tv\/wp-content\/uploads\/2025\/04\/2026hondapreludehybridcoupejdm2-ezgif.com-webp-to-jpg-converter-TGpSH5-300x169.jpeg",300,169,true],"large":["https:\/\/tutarotero.com\/tv\/wp-content\/uploads\/2025\/04\/2026hondapreludehybridcoupejdm2-ezgif.com-webp-to-jpg-converter-TGpSH5-1024x576.jpeg",640,360,true],"1536x1536":["https:\/\/tutarotero.com\/tv\/wp-content\/uploads\/2025\/04\/2026hondapreludehybridcoupejdm2-ezgif.com-webp-to-jpg-converter-TGpSH5.jpeg",1280,720,false],"2048x2048":["https:\/\/tutarotero.com\/tv\/wp-content\/uploads\/2025\/04\/2026hondapreludehybridcoupejdm2-ezgif.com-webp-to-jpg-converter-TGpSH5.jpeg",1280,720,false],"vidorev_thumb_1x1_0x":["https:\/\/tutarotero.com\/tv\/wp-content\/uploads\/2025\/04\/2026hondapreludehybridcoupejdm2-ezgif.com-webp-to-jpg-converter-TGpSH5-60x60.jpeg",60,60,true],"vidorev_thumb_1x1_1x":["https:\/\/tutarotero.com\/tv\/wp-content\/uploads\/2025\/04\/2026hondapreludehybridcoupejdm2-ezgif.com-webp-to-jpg-converter-TGpSH5-100x100.jpeg",100,100,true],"vidorev_thumb_1x1_2x":["https:\/\/tutarotero.com\/tv\/wp-content\/uploads\/2025\/04\/2026hondapreludehybridcoupejdm2-ezgif.com-webp-to-jpg-converter-TGpSH5-200x200.jpeg",200,200,true],"vidorev_thumb_1x1_3x":["https:\/\/tutarotero.com\/tv\/wp-content\/uploads\/2025\/04\/2026hondapreludehybridcoupejdm2-ezgif.com-webp-to-jpg-converter-TGpSH5-268x268.jpeg",268,268,true],"vidorev_thumb_2point7x1_1x":["https:\/\/tutarotero.com\/tv\/wp-content\/uploads\/2025\/04\/2026hondapreludehybridcoupejdm2-ezgif.com-webp-to-jpg-converter-TGpSH5-346x130.jpeg",346,130,true],"vidorev_thumb_2point7x1_2x":["https:\/\/tutarotero.com\/tv\/wp-content\/uploads\/2025\/04\/2026hondapreludehybridcoupejdm2-ezgif.com-webp-to-jpg-converter-TGpSH5-568x213.jpeg",568,213,true],"vidorev_thumb_2point7x1_3x":["https:\/\/tutarotero.com\/tv\/wp-content\/uploads\/2025\/04\/2026hondapreludehybridcoupejdm2-ezgif.com-webp-to-jpg-converter-TGpSH5-1136x426.jpeg",1136,426,true],"vidorev_thumb_4x3_0point5x":["https:\/\/tutarotero.com\/tv\/wp-content\/uploads\/2025\/04\/2026hondapreludehybridcoupejdm2-ezgif.com-webp-to-jpg-converter-TGpSH5-282x212.jpeg",282,212,true],"vidorev_thumb_4x3_1point5x":["https:\/\/tutarotero.com\/tv\/wp-content\/uploads\/2025\/04\/2026hondapreludehybridcoupejdm2-ezgif.com-webp-to-jpg-converter-TGpSH5-568x426.jpeg",568,426,true],"vidorev_thumb_2x3_0point3x":["https:\/\/tutarotero.com\/tv\/wp-content\/uploads\/2025\/04\/2026hondapreludehybridcoupejdm2-ezgif.com-webp-to-jpg-converter-TGpSH5-60x90.jpeg",60,90,true],"vidorev_thumb_16x9_0x":["https:\/\/tutarotero.com\/tv\/wp-content\/uploads\/2025\/04\/2026hondapreludehybridcoupejdm2-ezgif.com-webp-to-jpg-converter-TGpSH5-236x133.jpeg",236,133,true],"vidorev_thumb_16x9_1x":["https:\/\/tutarotero.com\/tv\/wp-content\/uploads\/2025\/04\/2026hondapreludehybridcoupejdm2-ezgif.com-webp-to-jpg-converter-TGpSH5-360x203.jpeg",360,203,true],"vidorev_thumb_16x9_2x":["https:\/\/tutarotero.com\/tv\/wp-content\/uploads\/2025\/04\/2026hondapreludehybridcoupejdm2-ezgif.com-webp-to-jpg-converter-TGpSH5-750x422.jpeg",750,422,true],"vidorev_thumb_16x9_3x":["https:\/\/tutarotero.com\/tv\/wp-content\/uploads\/2025\/04\/2026hondapreludehybridcoupejdm2-ezgif.com-webp-to-jpg-converter-TGpSH5.jpeg",1280,720,false],"vidorev_thumb_4x3_1x":["https:\/\/tutarotero.com\/tv\/wp-content\/uploads\/2025\/04\/2026hondapreludehybridcoupejdm2-ezgif.com-webp-to-jpg-converter-TGpSH5-360x270.jpeg",360,270,true],"vidorev_thumb_4x3_2x":["https:\/\/tutarotero.com\/tv\/wp-content\/uploads\/2025\/04\/2026hondapreludehybridcoupejdm2-ezgif.com-webp-to-jpg-converter-TGpSH5-720x540.jpeg",720,540,true],"vidorev_thumb_4x3_3x":["https:\/\/tutarotero.com\/tv\/wp-content\/uploads\/2025\/04\/2026hondapreludehybridcoupejdm2-ezgif.com-webp-to-jpg-converter-TGpSH5-1200x720.jpeg",1200,720,true],"vidorev_thumb_2x3_0x":["https:\/\/tutarotero.com\/tv\/wp-content\/uploads\/2025\/04\/2026hondapreludehybridcoupejdm2-ezgif.com-webp-to-jpg-converter-TGpSH5-165x248.jpeg",165,248,true],"vidorev_thumb_2x3_1x":["https:\/\/tutarotero.com\/tv\/wp-content\/uploads\/2025\/04\/2026hondapreludehybridcoupejdm2-ezgif.com-webp-to-jpg-converter-TGpSH5-360x540.jpeg",360,540,true],"vidorev_thumb_2x3_2x":["https:\/\/tutarotero.com\/tv\/wp-content\/uploads\/2025\/04\/2026hondapreludehybridcoupejdm2-ezgif.com-webp-to-jpg-converter-TGpSH5-600x720.jpeg",600,720,true]},"rttpg_author":{"display_name":"","author_link":"https:\/\/tutarotero.com\/tv\/?author=0"},"rttpg_comment":0,"rttpg_category":"<a href=\"https:\/\/tutarotero.com\/tv\/?cat=9\" rel=\"category\">Lo nuevo<\/a>","rttpg_excerpt":"Honda Prelude 2026 apunta al segmento premium deportivo Para m\u00ed, el Honda Prelude ocupa un lugar muy especial. Corr\u00eda el a\u00f1o 1994, yo estaba en la universidad, y uno de mis mejores amigos ten\u00eda un Honda Prelude de cuarta generaci\u00f3n, manual, con motor 2.2 litros F22B de 160 caballos\u2014nada de VTEC a\u00fan, pero igual era&hellip;","_links":{"self":[{"href":"https:\/\/tutarotero.com\/tv\/index.php?rest_route=\/wp\/v2\/posts\/2295","targetHints":{"allow":["GET"]}}],"collection":[{"href":"https:\/\/tutarotero.com\/tv\/index.php?rest_route=\/wp\/v2\/posts"}],"about":[{"href":"https:\/\/tutarotero.com\/tv\/index.php?rest_route=\/wp\/v2\/types\/post"}],"replies":[{"embeddable":true,"href":"https:\/\/tutarotero.com\/tv\/index.php?rest_route=%2Fwp%2Fv2%2Fcomments&post=2295"}],"version-history":[{"count":0,"href":"https:\/\/tutarotero.com\/tv\/index.php?rest_route=\/wp\/v2\/posts\/2295\/revisions"}],"wp:featuredmedia":[{"embeddable":true,"href":"https:\/\/tutarotero.com\/tv\/index.php?rest_route=\/wp\/v2\/media\/2296"}],"wp:attachment":[{"href":"https:\/\/tutarotero.com\/tv\/index.php?rest_route=%2Fwp%2Fv2%2Fmedia&parent=2295"}],"wp:term":[{"taxonomy":"category","embeddable":true,"href":"https:\/\/tutarotero.com\/tv\/index.php?rest_route=%2Fwp%2Fv2%2Fcategories&post=2295"},{"taxonomy":"post_tag","embeddable":true,"href":"https:\/\/tutarotero.com\/tv\/index.php?rest_route=%2Fwp%2Fv2%2Ftags&post=2295"}],"curies":[{"name":"wp","href":"https:\/\/api.w.org\/{rel}","templated":true}]}}