{"id":2300,"date":"2025-04-15T17:20:52","date_gmt":"2025-04-15T17:20:52","guid":{"rendered":"https:\/\/tutarotero.com\/tv\/?p=2300"},"modified":"2025-04-15T17:20:52","modified_gmt":"2025-04-15T17:20:52","slug":"audi-a6-sedan-2026-elegancia-tecnologia-y-combustion-refinada","status":"publish","type":"post","link":"https:\/\/tutarotero.com\/tv\/?p=2300","title":{"rendered":"Audi A6 Sed\u00e1n 2026: elegancia, tecnolog\u00eda y combusti\u00f3n refinada"},"content":{"rendered":"<h3 data-pm-slice=\"1 1 []\">Para quienes a\u00fan no se rinden al 100% el\u00e9ctrico<\/h3>\n<p>El mundo sigue avanzando hacia la electrificaci\u00f3n, pero Audi ha decidido que todav\u00eda hay espacio para el refinamiento de la combusti\u00f3n. El <strong>Audi A6 Sed\u00e1n 2026<\/strong> llega para quienes quieren lo \u00faltimo en tecnolog\u00eda y dise\u00f1o, sin renunciar al rugido sofisticado de un V6 turboalimentado.<\/p>\n<p>Los dise\u00f1os de Audi siempre me han cautivado. Son sobrios, elegantes, con l\u00edneas suaves que transmiten sofisticaci\u00f3n sin necesidad de exagerar. Y lo mejor: est\u00e1n impecablemente armados. Todos los que he tenido la oportunidad de manejar comparten una sensaci\u00f3n en com\u00fan \u2014cabinas s\u00f3lidas, silenciosas, con ajustes precisos que absorben con aplomo cualquier irregularidad del asfalto. Pero con esta nueva generaci\u00f3n, Audi lleva su filosof\u00eda de dise\u00f1o a otro nivel. Las curvas discretas y estilizadas que definen su identidad evolucionan hacia una silueta m\u00e1s audaz y refinada. Veamos qu\u00e9 trae este nuevo Audi A6 Sed\u00e1n 2026, que promete combinar elegancia cl\u00e1sica con tecnolog\u00eda de vanguardia.<\/p>\n<figure aria-describedby=\"caption-attachment-2799\" class=\"wp-caption alignnone\"><img fetchpriority=\"high\" decoding=\"async\" class=\"wp-image-2799 size-full\" src=\"https:\/\/puravelocidad.com\/wp-content\/uploads\/2025\/04\/Original-14473-13-all-new-2026-audi-a6-quattro-european-model-shown-1-scaled.jpg\" alt=\"\" width=\"2560\" height=\"1920\"><figcaption class=\"wp-caption-text\">Imagen Audi A6 2026<\/figcaption><\/figure>\n<h3>Inspirado en el futuro, con los pies en la tierra<\/h3>\n<p>A primera vista, podr\u00edas confundirlo con su primo el\u00e9ctrico, el A6 e-tron. Ambos comparten ese dise\u00f1o limpio, elegante y aerodin\u00e1mico que parece esculpido por el viento. Sin embargo, el nuevo A6 Sed\u00e1n va por su propio carril: est\u00e1 construido sobre la <strong>Plataforma Premium de Combusti\u00f3n (PPC)<\/strong>, lo que significa que est\u00e1 pensado para motores tradicionales\u2026 pero con todo el ADN de la nueva era.<\/p>\n<p>Es ligeramente m\u00e1s largo y ancho que su hermano el\u00e9ctrico, pero con una distancia entre ejes un poco m\u00e1s corta. En EE.UU. estar\u00e1 disponible exclusivamente con un <strong>motor V6 turbo de 3.0 litros<\/strong>, 362 caballos de fuerza, tracci\u00f3n total quattro y una transmisi\u00f3n S-Tronic de doble embrague con siete velocidades. S\u00ed, esto sigue siendo un sed\u00e1n de lujo con nervio.<\/p>\n<figure aria-describedby=\"caption-attachment-2800\" class=\"wp-caption alignnone\"><img decoding=\"async\" class=\"wp-image-2800 size-full\" src=\"https:\/\/puravelocidad.com\/wp-content\/uploads\/2025\/04\/Original-14472-14-all-new-2026-audi-a6-quattro-european-model-shown-scaled.jpg\" alt=\"\" width=\"2560\" height=\"1920\"><figcaption class=\"wp-caption-text\">Imagen Audi A6 2026<\/figcaption><\/figure>\n<p>\u00a0<\/p>\n<h3>Dise\u00f1o: Business class en cuatro ruedas<\/h3>\n<p>El nuevo A6 Sed\u00e1n 2026 presume de un coeficiente aerodin\u00e1mico de 0.23, el mejor en la historia de Audi para un modelo con motor de combusti\u00f3n. Cada curva, cada l\u00ednea y cada detalle est\u00e1 afinado para cortar el aire con elegancia. Destaca su parrilla Singleframe baja, flanqueada por entradas de aire funcionales, faros Matrix LED y un difusor trasero que parece sacado de un concept car.<\/p>\n<p>Est\u00e1 disponible en once colores, incluyendo tonos exclusivos como Madeira Brown o Midnight Green. Las versiones S Line y el paquete Black exterior llevan la apariencia a un nuevo nivel de agresividad contenida.<\/p>\n<p>\u00a0<\/p>\n<h3>Interior: digital, amplio y muy silencioso<\/h3>\n<p>El habit\u00e1culo del A6 Sed\u00e1n 2026 es una mezcla de lujo moderno y tecnolog\u00eda envolvente. Tres pantallas dominan el tablero: una de <strong>11.9 pulgadas<\/strong> para el cuadro de instrumentos, otra central de <strong>14.5 pulgadas<\/strong> para el sistema MMI, y una tercera opcional de <strong>10.9 pulgadas<\/strong> para el pasajero.<\/p>\n<p>Y por si fuera poco, el conductor tambi\u00e9n puede interactuar con un <strong>head-up display configurable<\/strong>, que proyecta informaci\u00f3n directamente en el parabrisas. Todo esto se complementa con materiales reciclados de alta calidad, iluminaci\u00f3n ambiental y una insonorizaci\u00f3n mejorada en un 30% respecto a su antecesor.<\/p>\n<figure aria-describedby=\"caption-attachment-2801\" class=\"wp-caption alignnone\"><img decoding=\"async\" class=\"wp-image-2801 size-full\" src=\"https:\/\/puravelocidad.com\/wp-content\/uploads\/2025\/04\/Original-14483-03-all-new-2026-audi-a6-quattro-european-model-shown-scaled.jpg\" alt=\"\" width=\"2560\" height=\"1920\"><figcaption class=\"wp-caption-text\">Imagen Audi A6 interior<\/figcaption><\/figure>\n<div>\n<figure aria-describedby=\"caption-attachment-2802\" class=\"wp-caption alignnone\"><img loading=\"lazy\" decoding=\"async\" loading=\"lazy\" class=\"wp-image-2802 size-full\" src=\"https:\/\/puravelocidad.com\/wp-content\/uploads\/2025\/04\/Original-14482-04-all-new-2026-audi-a6-quattro-european-model-shown-scaled.jpg\" alt=\"\" width=\"2560\" height=\"1920\"><figcaption class=\"wp-caption-text\">Imagen Audi A6 2026 interior<\/figcaption><\/figure>\n<\/div>\n<h3>El A6 sedan 2026 que escuchar\u00e1s por dentro, no por fuera<\/h3>\n<p>Audi quiere que disfrutes del motor\u2026 pero tambi\u00e9n del silencio. El nuevo A6 incorpora neum\u00e1ticos con \u201cabsorbentes de ruido\u201d, cristales mejor sellados y un sistema de audio <strong>Bang &amp; Olufsen<\/strong> con hasta 20 altavoces. Incluso hay altavoces en los reposacabezas. As\u00ed, las llamadas y las instrucciones de navegaci\u00f3n se sienten dirigidas solo a ti.<\/p>\n<div><\/div>\n<h3>Din\u00e1mica de conducci\u00f3n: Comodidad que se adapta<\/h3>\n<p>La <strong>suspensi\u00f3n neum\u00e1tica adaptativa<\/strong> y la direcci\u00f3n en las cuatro ruedas son opcionales, pero altamente recomendables. Con ellas, el A6 Sed\u00e1n 2026 cambia su car\u00e1cter seg\u00fan lo que exijas: desde la suavidad absoluta en autopista hasta la agilidad sorprendente en ciudad o curvas cerradas.<\/p>\n<p>Los neum\u00e1ticos disponibles van desde 19 hasta 21 pulgadas. En EE.UU., los de 21\u2033 vienen con gomas de verano de alto rendimiento. Audi lo deja claro: este sed\u00e1n tambi\u00e9n puede rugir si lo provocas.<\/p>\n<figure aria-describedby=\"caption-attachment-2803\" class=\"wp-caption alignnone\"><img loading=\"lazy\" decoding=\"async\" loading=\"lazy\" class=\"wp-image-2803 size-full\" src=\"https:\/\/puravelocidad.com\/wp-content\/uploads\/2025\/04\/Original-14484-02-all-new-2026-audi-a6-quattro-european-model-shown-scaled.jpg\" alt=\"\" width=\"2560\" height=\"1920\"><figcaption class=\"wp-caption-text\">Imagen Audi A6 2026<\/figcaption><\/figure>\n<div><\/div>\n<h3>Lanzamiento, versiones y disponibilidad<\/h3>\n<p>El <strong>Audi A6 Sed\u00e1n 2026<\/strong> llegar\u00e1 a EE.UU. en la segunda mitad de 2025. Vendr\u00e1 solo con el V6 3.0 TFSI y tracci\u00f3n total. No habr\u00e1 versiones di\u00e9sel ni h\u00edbridas suaves en este mercado. Las cifras finales de consumo, emisiones y precios ser\u00e1n confirmadas m\u00e1s cerca de su lanzamiento.<\/p>\n<p>\u00a0<\/p>\n<h3>Preguntas frecuentes<\/h3>\n<p><strong>\u00bfEl A6 Sed\u00e1n 2026 es h\u00edbrido?<\/strong><br \/>\nNo en EE.UU. Solo estar\u00e1 disponible con un motor V6 a gasolina.<\/p>\n<p><strong>\u00bfTendr\u00e1 tracci\u00f3n quattro de serie?<\/strong><br \/>\nS\u00ed. La tracci\u00f3n total es est\u00e1ndar en todas las versiones del A6 Sed\u00e1n para EE.UU.<\/p>\n<p><strong>\u00bfHabr\u00e1 versi\u00f3n el\u00e9ctrica del A6?<\/strong><br \/>\nS\u00ed, pero esa es la l\u00ednea A6 e-tron, que utiliza una plataforma completamente diferente.<\/p>\n<p><strong>\u00bfTama\u00f1o del maletero?<\/strong><br \/>\nAproximadamente 545 litros de capacidad, ideal para viajes de negocios o escapadas de fin de semana.<\/p>\n<figure aria-describedby=\"caption-attachment-2804\" class=\"wp-caption alignnone\"><img loading=\"lazy\" decoding=\"async\" loading=\"lazy\" class=\"wp-image-2804 size-full\" src=\"https:\/\/puravelocidad.com\/wp-content\/uploads\/2025\/04\/Original-14463-23-all-new-2026-audi-a6-quattro-european-model-shown-scaled.jpg\" alt=\"\" width=\"2560\" height=\"1920\"><figcaption class=\"wp-caption-text\">Imagen Audi A6 2026<\/figcaption><\/figure>\n<h3>\u00bfY t\u00fa, a\u00fan prefieres el sonido del V6 sobre el silencio de un motor el\u00e9ctrico?<\/h3>\n<p>El <strong>Audi A6 Sed\u00e1n 2026<\/strong> est\u00e1 dise\u00f1ado para quienes creen que la elegancia no est\u00e1 re\u00f1ida con la potencia, y que lo cl\u00e1sico a\u00fan tiene cabida en un mundo moderno.<\/p>\n<p>Cu\u00e9ntanos en los comentarios qu\u00e9 opinas de esta nueva joya alemana, y comp\u00e1rtelo con otros amantes de los sedanes premium.<\/p>\n<p>Tambien te puede interesar:<\/p>\n<p><a href=\"https:\/\/puravelocidad.com\/audi-s3-2025-mas-potencia-mas-precision-mas-diversion\/\">Audi S3 2025 Precision y diversion<\/a><\/p>\n<p><a href=\"https:\/\/www.audiusa.com\/en\/\">Audi Web Site\u00a0<\/a><\/p>\n<p>The post <a href=\"https:\/\/puravelocidad.com\/audi-a6-sedan-2026-elegancia-tecnologia-y-combustion-refinada\/\">Audi A6 Sed\u00e1n 2026: elegancia, tecnolog\u00eda y combusti\u00f3n refinada<\/a> appeared first on <a href=\"https:\/\/puravelocidad.com\/\">Pura Velocidad<\/a>.<\/p>\n","protected":false},"excerpt":{"rendered":"<h3 data-pm-slice=\"1 1 []\">Para quienes a\u00fan no se rinden al 100% el\u00e9ctrico<\/h3>\n<p>El mundo sigue avanzando hacia la electrificaci\u00f3n, pero Audi ha decidido que todav\u00eda hay espacio para el refinamiento de la combusti\u00f3n. El <strong>Audi A6 Sed\u00e1n 2026<\/strong> llega para quienes quieren lo \u00faltimo en tecnolog\u00eda y dise\u00f1o, sin renunciar al rugido sofisticado de un V6 turboalimentado.<\/p>\n<p>Los dise\u00f1os de Audi siempre me han cautivado. Son sobrios, elegantes, con l\u00edneas suaves que transmiten sofisticaci\u00f3n sin necesidad de exagerar. Y lo mejor: est\u00e1n impecablemente armados. Todos los que he tenido la oportunidad de manejar comparten una sensaci\u00f3n en com\u00fan \u2014cabinas s\u00f3lidas, silenciosas, con ajustes precisos que absorben con aplomo cualquier irregularidad del asfalto. Pero con esta nueva generaci\u00f3n, Audi lleva su filosof\u00eda de dise\u00f1o a otro nivel. Las curvas discretas y estilizadas que definen su identidad evolucionan hacia una silueta m\u00e1s audaz y refinada. Veamos qu\u00e9 trae este nuevo Audi A6 Sed\u00e1n 2026, que promete combinar elegancia cl\u00e1sica con tecnolog\u00eda de vanguardia.<\/p>\n<figure aria-describedby=\"caption-attachment-2799\" class=\"wp-caption alignnone\"><img fetchpriority=\"high\" decoding=\"async\" class=\"wp-image-2799 size-full\" src=\"https:\/\/puravelocidad.com\/wp-content\/uploads\/2025\/04\/Original-14473-13-all-new-2026-audi-a6-quattro-european-model-shown-1-scaled.jpg\" alt=\"\" width=\"2560\" height=\"1920\"><figcaption class=\"wp-caption-text\">Imagen Audi A6 2026<\/figcaption><\/figure>\n<h3>Inspirado en el futuro, con los pies en la tierra<\/h3>\n<p>A primera vista, podr\u00edas confundirlo con su primo el\u00e9ctrico, el A6 e-tron. Ambos comparten ese dise\u00f1o limpio, elegante y aerodin\u00e1mico que parece esculpido por el viento. Sin embargo, el nuevo A6 Sed\u00e1n va por su propio carril: est\u00e1 construido sobre la <strong>Plataforma Premium de Combusti\u00f3n (PPC)<\/strong>, lo que significa que est\u00e1 pensado para motores tradicionales\u2026 pero con todo el ADN de la nueva era.<\/p>\n<p>Es ligeramente m\u00e1s largo y ancho que su hermano el\u00e9ctrico, pero con una distancia entre ejes un poco m\u00e1s corta. En EE.UU. estar\u00e1 disponible exclusivamente con un <strong>motor V6 turbo de 3.0 litros<\/strong>, 362 caballos de fuerza, tracci\u00f3n total quattro y una transmisi\u00f3n S-Tronic de doble embrague con siete velocidades. S\u00ed, esto sigue siendo un sed\u00e1n de lujo con nervio.<\/p>\n<figure aria-describedby=\"caption-attachment-2800\" class=\"wp-caption alignnone\"><img decoding=\"async\" class=\"wp-image-2800 size-full\" src=\"https:\/\/puravelocidad.com\/wp-content\/uploads\/2025\/04\/Original-14472-14-all-new-2026-audi-a6-quattro-european-model-shown-scaled.jpg\" alt=\"\" width=\"2560\" height=\"1920\"><figcaption class=\"wp-caption-text\">Imagen Audi A6 2026<\/figcaption><\/figure>\n<p>\u00a0<\/p>\n<h3>Dise\u00f1o: Business class en cuatro ruedas<\/h3>\n<p>El nuevo A6 Sed\u00e1n 2026 presume de un coeficiente aerodin\u00e1mico de 0.23, el mejor en la historia de Audi para un modelo con motor de combusti\u00f3n. Cada curva, cada l\u00ednea y cada detalle est\u00e1 afinado para cortar el aire con elegancia. Destaca su parrilla Singleframe baja, flanqueada por entradas de aire funcionales, faros Matrix LED y un difusor trasero que parece sacado de un concept car.<\/p>\n<p>Est\u00e1 disponible en once colores, incluyendo tonos exclusivos como Madeira Brown o Midnight Green. Las versiones S Line y el paquete Black exterior llevan la apariencia a un nuevo nivel de agresividad contenida.<\/p>\n<p>\u00a0<\/p>\n<h3>Interior: digital, amplio y muy silencioso<\/h3>\n<p>El habit\u00e1culo del A6 Sed\u00e1n 2026 es una mezcla de lujo moderno y tecnolog\u00eda envolvente. Tres pantallas dominan el tablero: una de <strong>11.9 pulgadas<\/strong> para el cuadro de instrumentos, otra central de <strong>14.5 pulgadas<\/strong> para el sistema MMI, y una tercera opcional de <strong>10.9 pulgadas<\/strong> para el pasajero.<\/p>\n<p>Y por si fuera poco, el conductor tambi\u00e9n puede interactuar con un <strong>head-up display configurable<\/strong>, que proyecta informaci\u00f3n directamente en el parabrisas. Todo esto se complementa con materiales reciclados de alta calidad, iluminaci\u00f3n ambiental y una insonorizaci\u00f3n mejorada en un 30% respecto a su antecesor.<\/p>\n<figure aria-describedby=\"caption-attachment-2801\" class=\"wp-caption alignnone\"><img decoding=\"async\" class=\"wp-image-2801 size-full\" src=\"https:\/\/puravelocidad.com\/wp-content\/uploads\/2025\/04\/Original-14483-03-all-new-2026-audi-a6-quattro-european-model-shown-scaled.jpg\" alt=\"\" width=\"2560\" height=\"1920\"><figcaption class=\"wp-caption-text\">Imagen Audi A6 interior<\/figcaption><\/figure>\n<div>\n<figure aria-describedby=\"caption-attachment-2802\" class=\"wp-caption alignnone\"><img loading=\"lazy\" decoding=\"async\" loading=\"lazy\" class=\"wp-image-2802 size-full\" src=\"https:\/\/puravelocidad.com\/wp-content\/uploads\/2025\/04\/Original-14482-04-all-new-2026-audi-a6-quattro-european-model-shown-scaled.jpg\" alt=\"\" width=\"2560\" height=\"1920\"><figcaption class=\"wp-caption-text\">Imagen Audi A6 2026 interior<\/figcaption><\/figure>\n<\/div>\n<h3>El A6 sedan 2026 que escuchar\u00e1s por dentro, no por fuera<\/h3>\n<p>Audi quiere que disfrutes del motor\u2026 pero tambi\u00e9n del silencio. El nuevo A6 incorpora neum\u00e1ticos con \u201cabsorbentes de ruido\u201d, cristales mejor sellados y un sistema de audio <strong>Bang &amp; Olufsen<\/strong> con hasta 20 altavoces. Incluso hay altavoces en los reposacabezas. As\u00ed, las llamadas y las instrucciones de navegaci\u00f3n se sienten dirigidas solo a ti.<\/p>\n<div><\/div>\n<h3>Din\u00e1mica de conducci\u00f3n: Comodidad que se adapta<\/h3>\n<p>La <strong>suspensi\u00f3n neum\u00e1tica adaptativa<\/strong> y la direcci\u00f3n en las cuatro ruedas son opcionales, pero altamente recomendables. Con ellas, el A6 Sed\u00e1n 2026 cambia su car\u00e1cter seg\u00fan lo que exijas: desde la suavidad absoluta en autopista hasta la agilidad sorprendente en ciudad o curvas cerradas.<\/p>\n<p>Los neum\u00e1ticos disponibles van desde 19 hasta 21 pulgadas. En EE.UU., los de 21\u2033 vienen con gomas de verano de alto rendimiento. Audi lo deja claro: este sed\u00e1n tambi\u00e9n puede rugir si lo provocas.<\/p>\n<figure aria-describedby=\"caption-attachment-2803\" class=\"wp-caption alignnone\"><img loading=\"lazy\" decoding=\"async\" loading=\"lazy\" class=\"wp-image-2803 size-full\" src=\"https:\/\/puravelocidad.com\/wp-content\/uploads\/2025\/04\/Original-14484-02-all-new-2026-audi-a6-quattro-european-model-shown-scaled.jpg\" alt=\"\" width=\"2560\" height=\"1920\"><figcaption class=\"wp-caption-text\">Imagen Audi A6 2026<\/figcaption><\/figure>\n<div><\/div>\n<h3>Lanzamiento, versiones y disponibilidad<\/h3>\n<p>El <strong>Audi A6 Sed\u00e1n 2026<\/strong> llegar\u00e1 a EE.UU. en la segunda mitad de 2025. Vendr\u00e1 solo con el V6 3.0 TFSI y tracci\u00f3n total. No habr\u00e1 versiones di\u00e9sel ni h\u00edbridas suaves en este mercado. Las cifras finales de consumo, emisiones y precios ser\u00e1n confirmadas m\u00e1s cerca de su lanzamiento.<\/p>\n<p>\u00a0<\/p>\n<h3>Preguntas frecuentes<\/h3>\n<p><strong>\u00bfEl A6 Sed\u00e1n 2026 es h\u00edbrido?<\/strong><br \/>\nNo en EE.UU. Solo estar\u00e1 disponible con un motor V6 a gasolina.<\/p>\n<p><strong>\u00bfTendr\u00e1 tracci\u00f3n quattro de serie?<\/strong><br \/>\nS\u00ed. La tracci\u00f3n total es est\u00e1ndar en todas las versiones del A6 Sed\u00e1n para EE.UU.<\/p>\n<p><strong>\u00bfHabr\u00e1 versi\u00f3n el\u00e9ctrica del A6?<\/strong><br \/>\nS\u00ed, pero esa es la l\u00ednea A6 e-tron, que utiliza una plataforma completamente diferente.<\/p>\n<p><strong>\u00bfTama\u00f1o del maletero?<\/strong><br \/>\nAproximadamente 545 litros de capacidad, ideal para viajes de negocios o escapadas de fin de semana.<\/p>\n<figure aria-describedby=\"caption-attachment-2804\" class=\"wp-caption alignnone\"><img loading=\"lazy\" decoding=\"async\" loading=\"lazy\" class=\"wp-image-2804 size-full\" src=\"https:\/\/puravelocidad.com\/wp-content\/uploads\/2025\/04\/Original-14463-23-all-new-2026-audi-a6-quattro-european-model-shown-scaled.jpg\" alt=\"\" width=\"2560\" height=\"1920\"><figcaption class=\"wp-caption-text\">Imagen Audi A6 2026<\/figcaption><\/figure>\n<h3>\u00bfY t\u00fa, a\u00fan prefieres el sonido del V6 sobre el silencio de un motor el\u00e9ctrico?<\/h3>\n<p>El <strong>Audi A6 Sed\u00e1n 2026<\/strong> est\u00e1 dise\u00f1ado para quienes creen que la elegancia no est\u00e1 re\u00f1ida con la potencia, y que lo cl\u00e1sico a\u00fan tiene cabida en un mundo moderno.<\/p>\n<p>Cu\u00e9ntanos en los comentarios qu\u00e9 opinas de esta nueva joya alemana, y comp\u00e1rtelo con otros amantes de los sedanes premium.<\/p>\n<p>Tambien te puede interesar:<\/p>\n<p><a href=\"https:\/\/puravelocidad.com\/audi-s3-2025-mas-potencia-mas-precision-mas-diversion\/\">Audi S3 2025 Precision y diversion<\/a><\/p>\n<p><a href=\"https:\/\/www.audiusa.com\/en\/\">Audi Web Site\u00a0<\/a><\/p>\n<p>The post <a href=\"https:\/\/puravelocidad.com\/audi-a6-sedan-2026-elegancia-tecnologia-y-combustion-refinada\/\">Audi A6 Sed\u00e1n 2026: elegancia, tecnolog\u00eda y combusti\u00f3n refinada<\/a> appeared first on <a href=\"https:\/\/puravelocidad.com\/\">Pura Velocidad<\/a>.<\/p>\n","protected":false},"author":0,"featured_media":2299,"comment_status":"open","ping_status":"open","sticky":false,"template":"","format":"standard","meta":{"footnotes":""},"categories":[6],"tags":[],"class_list":["post-2300","post","type-post","status-publish","format-standard","has-post-thumbnail","hentry","category-prueba-puravelocidad"],"cmb2":{"poster_feature_image":{"vid_m_player_background":"","vid_m_poster_image":"","vid_m_poster_image_id":""},"gif_feature_image":{"vid_m_gif_image":"","vid_m_gif_image_id":""},"video_movie_settings":{"vid_m_director":"","vid_m_actor":"","vid_m_imdb_ratings":"","vid_m_amazon_associates":"","vid_m_vid_tmdb_movie":"","vid_m_vid_tmdb_tv_shows":"","vid_m_vid_tmdb_thumb":""},"vid_ads_m_videoads_settings_post":{"vid_ads_m_video_ads":"","vid_ads_m_video_ads_type":"","vid_ads_m_group_google_ima":"","vid_ads_m_group_image":"","vid_ads_m_group_html5_video":"","vid_ads_m_group_html":"","vid_ads_m_vpaid_mode":"","vid_ads_m_vast_preroll":"","vid_ads_m_vast_postroll":"","vid_ads_m_vast_pauseroll":"","vid_ads_m_vast_midroll":"","vid_ads_m_group_dynamic":"","vid_ads_m_time_to_show_ads":"","vid_ads_m_time_skip_ads":"","vid_ads_m_time_to_hide_ads":""},"feature_image_settings":{"feature_image_position":""},"video_player_settings":{"single_video_style":"","video_player_position":"","vm_video_url_btn_choose":"","vm_video_url_btn_choose_id":"","vm_video_url":"","vm_video_ratio":"","vm_video_ratio_mobile":"","video_player_library":"","plyr_player":"","video_streaming":"","vm_video_shortcode":"","vm_video_timelapse":"","vm_media_subtitles":"","vm_media_sources":"","vid_vtt_preview":"","vid_vtt_preview_vtt_file":"","vid_vtt_preview_vtt_file_id":"","vid_vtt_preview_sprite_image":"","vid_vtt_preview_sprite_image_id":"","vid_auto_play":"","vid_preview_mode":"","vm_video_trailer_manl_url":"","vm_screenshot_preview":"","vid_tags":"","vid_p_sync_playlist":"","vid_c_sync_channel":"","get_post_format":"","multiple_links_structure":"","multi_links_title":"","original_video_title":"","multi_links_series":"","vm_video_multi_links":"","vm_duration":"","vid_social_locker":"","vid_locker_mode":"","vid_social_locker_id":"","vid_social_email_locker_id":"","vid_social_signin_locker_id":"","sv_login_to_watch":"","vid_membership_action":"","vm_video_trailer_url":"","vid_download_type":"","vid_download_target":"","vid_woo_product":"","vid_download_mode":"","vid_download_mode_trailer":"","vm_media_download":"","user_rating":"","user_rating_position":"","user_rating_mode":"","user_rating_multi_sets":"","ads_above_single_player":""},"video_auto_fetch_settings":{"vm_video_fetch":""},"video_fake_views_likes":{"vm_fake_views":"","vm_fake_likes":"","vm_fake_dislikes":""},"gallery_settings":{"gallery_position":""},"quote_settings":{"quote_position":""},"post_options":{"main_layout":"","main_logo":"","main_logo_id":"","main_logo_retina":"","main_logo_retina_id":"","main_logo_mobile":"","main_logo_mobile_id":"","main_logo_mobile_retina":"","main_logo_mobile_retina_id":"","sticky_logo":"","sticky_logo_id":"","sticky_logo_retina":"","sticky_logo_retina_id":"","main_nav_layout":"","header_background":"","theme_sidebar":"","single_post_comment_type":"","theme_background":""}},"rttpg_featured_image_url":{"full":["https:\/\/tutarotero.com\/tv\/wp-content\/uploads\/2025\/04\/Original-14473-13-all-new-2026-audi-a6-quattro-european-model-shown-1-scaled-d0YPC8.jpeg",2560,1920,false],"landscape":["https:\/\/tutarotero.com\/tv\/wp-content\/uploads\/2025\/04\/Original-14473-13-all-new-2026-audi-a6-quattro-european-model-shown-1-scaled-d0YPC8.jpeg",2560,1920,false],"portraits":["https:\/\/tutarotero.com\/tv\/wp-content\/uploads\/2025\/04\/Original-14473-13-all-new-2026-audi-a6-quattro-european-model-shown-1-scaled-d0YPC8.jpeg",2560,1920,false],"thumbnail":["https:\/\/tutarotero.com\/tv\/wp-content\/uploads\/2025\/04\/Original-14473-13-all-new-2026-audi-a6-quattro-european-model-shown-1-scaled-d0YPC8-150x150.jpeg",150,150,true],"medium":["https:\/\/tutarotero.com\/tv\/wp-content\/uploads\/2025\/04\/Original-14473-13-all-new-2026-audi-a6-quattro-european-model-shown-1-scaled-d0YPC8-300x225.jpeg",300,225,true],"large":["https:\/\/tutarotero.com\/tv\/wp-content\/uploads\/2025\/04\/Original-14473-13-all-new-2026-audi-a6-quattro-european-model-shown-1-scaled-d0YPC8-1024x768.jpeg",640,480,true],"1536x1536":["https:\/\/tutarotero.com\/tv\/wp-content\/uploads\/2025\/04\/Original-14473-13-all-new-2026-audi-a6-quattro-european-model-shown-1-scaled-d0YPC8-1536x1152.jpeg",1536,1152,true],"2048x2048":["https:\/\/tutarotero.com\/tv\/wp-content\/uploads\/2025\/04\/Original-14473-13-all-new-2026-audi-a6-quattro-european-model-shown-1-scaled-d0YPC8-2048x1536.jpeg",2048,1536,true],"vidorev_thumb_1x1_0x":["https:\/\/tutarotero.com\/tv\/wp-content\/uploads\/2025\/04\/Original-14473-13-all-new-2026-audi-a6-quattro-european-model-shown-1-scaled-d0YPC8-60x60.jpeg",60,60,true],"vidorev_thumb_1x1_1x":["https:\/\/tutarotero.com\/tv\/wp-content\/uploads\/2025\/04\/Original-14473-13-all-new-2026-audi-a6-quattro-european-model-shown-1-scaled-d0YPC8-100x100.jpeg",100,100,true],"vidorev_thumb_1x1_2x":["https:\/\/tutarotero.com\/tv\/wp-content\/uploads\/2025\/04\/Original-14473-13-all-new-2026-audi-a6-quattro-european-model-shown-1-scaled-d0YPC8-200x200.jpeg",200,200,true],"vidorev_thumb_1x1_3x":["https:\/\/tutarotero.com\/tv\/wp-content\/uploads\/2025\/04\/Original-14473-13-all-new-2026-audi-a6-quattro-european-model-shown-1-scaled-d0YPC8-268x268.jpeg",268,268,true],"vidorev_thumb_2point7x1_1x":["https:\/\/tutarotero.com\/tv\/wp-content\/uploads\/2025\/04\/Original-14473-13-all-new-2026-audi-a6-quattro-european-model-shown-1-scaled-d0YPC8-346x130.jpeg",346,130,true],"vidorev_thumb_2point7x1_2x":["https:\/\/tutarotero.com\/tv\/wp-content\/uploads\/2025\/04\/Original-14473-13-all-new-2026-audi-a6-quattro-european-model-shown-1-scaled-d0YPC8-568x213.jpeg",568,213,true],"vidorev_thumb_2point7x1_3x":["https:\/\/tutarotero.com\/tv\/wp-content\/uploads\/2025\/04\/Original-14473-13-all-new-2026-audi-a6-quattro-european-model-shown-1-scaled-d0YPC8-1136x426.jpeg",1136,426,true],"vidorev_thumb_4x3_0point5x":["https:\/\/tutarotero.com\/tv\/wp-content\/uploads\/2025\/04\/Original-14473-13-all-new-2026-audi-a6-quattro-european-model-shown-1-scaled-d0YPC8-282x212.jpeg",282,212,true],"vidorev_thumb_4x3_1point5x":["https:\/\/tutarotero.com\/tv\/wp-content\/uploads\/2025\/04\/Original-14473-13-all-new-2026-audi-a6-quattro-european-model-shown-1-scaled-d0YPC8-568x426.jpeg",568,426,true],"vidorev_thumb_2x3_0point3x":["https:\/\/tutarotero.com\/tv\/wp-content\/uploads\/2025\/04\/Original-14473-13-all-new-2026-audi-a6-quattro-european-model-shown-1-scaled-d0YPC8-60x90.jpeg",60,90,true],"vidorev_thumb_16x9_0x":["https:\/\/tutarotero.com\/tv\/wp-content\/uploads\/2025\/04\/Original-14473-13-all-new-2026-audi-a6-quattro-european-model-shown-1-scaled-d0YPC8-236x133.jpeg",236,133,true],"vidorev_thumb_16x9_1x":["https:\/\/tutarotero.com\/tv\/wp-content\/uploads\/2025\/04\/Original-14473-13-all-new-2026-audi-a6-quattro-european-model-shown-1-scaled-d0YPC8-360x203.jpeg",360,203,true],"vidorev_thumb_16x9_2x":["https:\/\/tutarotero.com\/tv\/wp-content\/uploads\/2025\/04\/Original-14473-13-all-new-2026-audi-a6-quattro-european-model-shown-1-scaled-d0YPC8-750x422.jpeg",750,422,true],"vidorev_thumb_16x9_3x":["https:\/\/tutarotero.com\/tv\/wp-content\/uploads\/2025\/04\/Original-14473-13-all-new-2026-audi-a6-quattro-european-model-shown-1-scaled-d0YPC8-1500x844.jpeg",1500,844,true],"vidorev_thumb_4x3_1x":["https:\/\/tutarotero.com\/tv\/wp-content\/uploads\/2025\/04\/Original-14473-13-all-new-2026-audi-a6-quattro-european-model-shown-1-scaled-d0YPC8-360x270.jpeg",360,270,true],"vidorev_thumb_4x3_2x":["https:\/\/tutarotero.com\/tv\/wp-content\/uploads\/2025\/04\/Original-14473-13-all-new-2026-audi-a6-quattro-european-model-shown-1-scaled-d0YPC8-720x540.jpeg",720,540,true],"vidorev_thumb_4x3_3x":["https:\/\/tutarotero.com\/tv\/wp-content\/uploads\/2025\/04\/Original-14473-13-all-new-2026-audi-a6-quattro-european-model-shown-1-scaled-d0YPC8-1200x900.jpeg",1200,900,true],"vidorev_thumb_2x3_0x":["https:\/\/tutarotero.com\/tv\/wp-content\/uploads\/2025\/04\/Original-14473-13-all-new-2026-audi-a6-quattro-european-model-shown-1-scaled-d0YPC8-165x248.jpeg",165,248,true],"vidorev_thumb_2x3_1x":["https:\/\/tutarotero.com\/tv\/wp-content\/uploads\/2025\/04\/Original-14473-13-all-new-2026-audi-a6-quattro-european-model-shown-1-scaled-d0YPC8-360x540.jpeg",360,540,true],"vidorev_thumb_2x3_2x":["https:\/\/tutarotero.com\/tv\/wp-content\/uploads\/2025\/04\/Original-14473-13-all-new-2026-audi-a6-quattro-european-model-shown-1-scaled-d0YPC8-600x900.jpeg",600,900,true]},"rttpg_author":{"display_name":"","author_link":"https:\/\/tutarotero.com\/tv\/?author=0"},"rttpg_comment":0,"rttpg_category":"<a href=\"https:\/\/tutarotero.com\/tv\/?cat=6\" rel=\"category\">Pruebas<\/a>","rttpg_excerpt":"Para quienes a\u00fan no se rinden al 100% el\u00e9ctrico El mundo sigue avanzando hacia la electrificaci\u00f3n, pero Audi ha decidido que todav\u00eda hay espacio para el refinamiento de la combusti\u00f3n. El Audi A6 Sed\u00e1n 2026 llega para quienes quieren lo \u00faltimo en tecnolog\u00eda y dise\u00f1o, sin renunciar al rugido sofisticado de un V6 turboalimentado. Los&hellip;","_links":{"self":[{"href":"https:\/\/tutarotero.com\/tv\/index.php?rest_route=\/wp\/v2\/posts\/2300","targetHints":{"allow":["GET"]}}],"collection":[{"href":"https:\/\/tutarotero.com\/tv\/index.php?rest_route=\/wp\/v2\/posts"}],"about":[{"href":"https:\/\/tutarotero.com\/tv\/index.php?rest_route=\/wp\/v2\/types\/post"}],"replies":[{"embeddable":true,"href":"https:\/\/tutarotero.com\/tv\/index.php?rest_route=%2Fwp%2Fv2%2Fcomments&post=2300"}],"version-history":[{"count":0,"href":"https:\/\/tutarotero.com\/tv\/index.php?rest_route=\/wp\/v2\/posts\/2300\/revisions"}],"wp:featuredmedia":[{"embeddable":true,"href":"https:\/\/tutarotero.com\/tv\/index.php?rest_route=\/wp\/v2\/media\/2299"}],"wp:attachment":[{"href":"https:\/\/tutarotero.com\/tv\/index.php?rest_route=%2Fwp%2Fv2%2Fmedia&parent=2300"}],"wp:term":[{"taxonomy":"category","embeddable":true,"href":"https:\/\/tutarotero.com\/tv\/index.php?rest_route=%2Fwp%2Fv2%2Fcategories&post=2300"},{"taxonomy":"post_tag","embeddable":true,"href":"https:\/\/tutarotero.com\/tv\/index.php?rest_route=%2Fwp%2Fv2%2Ftags&post=2300"}],"curies":[{"name":"wp","href":"https:\/\/api.w.org\/{rel}","templated":true}]}}