{"id":2306,"date":"2025-04-18T17:10:24","date_gmt":"2025-04-18T17:10:24","guid":{"rendered":"https:\/\/tutarotero.com\/tv\/?p=2306"},"modified":"2025-04-18T17:10:24","modified_gmt":"2025-04-18T17:10:24","slug":"2025-mercedes-benz-g550-heritage-edition-look-1980","status":"publish","type":"post","link":"https:\/\/tutarotero.com\/tv\/?p=2306","title":{"rendered":"2025 Mercedes-Benz G550 Heritage Edition: Look 1980"},"content":{"rendered":"<h2 data-start=\"719\" data-end=\"1048\"><strong data-start=\"719\" data-end=\"741\">Solo 460 unidades. Clase G \u201cStronger Than The 1980s\u201d<\/strong><\/h2>\n<p class=\"\" data-start=\"719\" data-end=\"1048\">Colores cl\u00e1sicos. Tecnolog\u00eda moderna. Y un alma 100\u202f% retro. Mercedes-Benz celebra su legado con una edici\u00f3n especial que rinde homenaje al nacimiento del legendario G-Wagen. La <strong data-start=\"920\" data-end=\"957\">Clase G \u201cStronger Than The 1980s\u201d<\/strong> no es un simple tributo: es un manifiesto sobre c\u00f3mo hacer off-road con estilo\u2026 y memoria.<\/p>\n<h2 class=\"\" data-start=\"1055\" data-end=\"1089\">MANUFAKTUR: colores con alma<\/h2>\n<p class=\"\" data-start=\"1091\" data-end=\"1386\">Mercedes-Benz no eligi\u00f3 cualquier pintura para esta edici\u00f3n. Escogi\u00f3 <strong data-start=\"1160\" data-end=\"1193\">tres tonos s\u00f3lidos hist\u00f3ricos<\/strong> directamente del cat\u00e1logo de los primeros G-Wagen, aplicados con t\u00e9cnicas actuales de acabado profundo y resistente de <strong data-start=\"1313\" data-end=\"1327\">MANUFAKTUR<\/strong>, la divisi\u00f3n de personalizaci\u00f3n m\u00e1s exclusiva de la marca.<\/p>\n<figure aria-describedby=\"caption-attachment-2836\" class=\"wp-caption alignnone\"><img loading=\"lazy\" decoding=\"async\" loading=\"lazy\" class=\"wp-image-2836 size-full\" src=\"https:\/\/puravelocidad.com\/wp-content\/uploads\/2025\/04\/25C0096_003-1200x800-1.jpg\" alt=\"\" width=\"1200\" height=\"800\"><figcaption class=\"wp-caption-text\">Mercedes-Benz G550 STRONGER THAN THE 1980s MANUFAKTUR agave green solid.<\/figcaption><\/figure>\n<p>\u00a0<\/p>\n<div class=\"pointer-events-none relative left-[50%]! flex w-[100cqw] translate-x-[-50%] justify-center *:pointer-events-auto\">\n<div class=\"tableContainer horzScrollShadows\">\n<table class=\"min-w-full\" data-start=\"1388\" data-end=\"1748\">\n<thead data-start=\"1388\" data-end=\"1411\">\n<tr data-start=\"1388\" data-end=\"1411\">\n<th data-start=\"1388\" data-end=\"1396\">Color<\/th>\n<th data-start=\"1396\" data-end=\"1411\">Descripci\u00f3n<\/th>\n<\/tr>\n<\/thead>\n<tbody data-start=\"1422\" data-end=\"1748\">\n<tr data-start=\"1422\" data-end=\"1543\">\n<td class=\"max-w-[calc(var(--thread-content-max-width)*2\/3)]\" data-start=\"1422\" data-end=\"1440\"><strong data-start=\"1424\" data-end=\"1439\">Agave Green<\/strong><\/td>\n<td class=\"max-w-[calc(var(--thread-content-max-width)*2\/3)] min-w-[calc(var(--thread-content-max-width)\/2)]\" data-start=\"1440\" data-end=\"1543\">Un verde tierra con profundidad mate, t\u00edpico del G militar y rural, evoca naturaleza y resistencia.<\/td>\n<\/tr>\n<tr data-start=\"1544\" data-end=\"1639\">\n<td class=\"max-w-[calc(var(--thread-content-max-width)*2\/3)]\" data-start=\"1544\" data-end=\"1556\"><strong data-start=\"1546\" data-end=\"1555\">Cream<\/strong><\/td>\n<td class=\"max-w-[calc(var(--thread-content-max-width)*2\/3)] min-w-[calc(var(--thread-content-max-width)\/3)]\" data-start=\"1556\" data-end=\"1639\">Blanco marfil sutil, casi pastel, ideal para la ciudad, elegante pero discreto.<\/td>\n<\/tr>\n<tr data-start=\"1640\" data-end=\"1748\">\n<td class=\"max-w-[calc(var(--thread-content-max-width)*2\/3)]\" data-start=\"1640\" data-end=\"1661\"><strong data-start=\"1642\" data-end=\"1660\">Colorado Beige<\/strong><\/td>\n<td class=\"max-w-[calc(var(--thread-content-max-width)*2\/3)] min-w-[calc(var(--thread-content-max-width)\/2)]\" data-start=\"1661\" data-end=\"1748\">Arena c\u00e1lida y nost\u00e1lgica, asociado con exploraci\u00f3n, safari y tradici\u00f3n aventurera.<\/td>\n<\/tr>\n<\/tbody>\n<\/table>\n<\/div>\n<\/div>\n<p class=\"\" data-start=\"1750\" data-end=\"1944\">Estas pinturas no son metalizadas ni perladas. Son s\u00f3lidas, con una textura visual sobria y retro, pero se aplican con protecci\u00f3n UV, resistencia a rayos qu\u00edmicos y al lavado industrial moderno.<\/p>\n<h2 class=\"\" data-start=\"1951\" data-end=\"1993\">Tapicer\u00eda: Los a\u00f1os 80 en tu espalda<\/h2>\n<p class=\"\" data-start=\"1995\" data-end=\"2338\">Los asientos del <strong data-start=\"2012\" data-end=\"2038\">G 550 Heritage Edition<\/strong> est\u00e1n tapizados en <strong data-start=\"2058\" data-end=\"2094\">cuero negro napa de alta calidad<\/strong>, con <strong data-start=\"2100\" data-end=\"2147\">inserciones en tela a cuadros \u201cPaloma Grey\u201d<\/strong>, exactamente el patr\u00f3n usado en los modelos de lujo W460. Esta tela es resistente, tejida con fibras tratadas contra manchas y humedad, pero con textura suave y sensaci\u00f3n de \u201cropa de \u00e9poca\u201d.<\/p>\n<ul>\n<li data-start=\"2342\" data-end=\"2418\">Los paneles de las puertas est\u00e1n cubiertos en cuero con costuras visibles.<\/li>\n<li data-start=\"2421\" data-end=\"2519\">La consola central y puertas llevan <strong data-start=\"2457\" data-end=\"2495\">molduras de madera de poro abierto<\/strong> oscura, no brillante.<\/li>\n<li data-start=\"2522\" data-end=\"2621\">La inscripci\u00f3n \u201c<strong data-start=\"2538\" data-end=\"2565\">Stronger Than The 1980s<\/strong>\u201d est\u00e1 grabada en la moldura del asidero del pasajero.<\/li>\n<li data-start=\"2624\" data-end=\"2738\">En el <strong data-start=\"2630\" data-end=\"2641\">pilar B<\/strong>, una insignia \u201c<strong data-start=\"2657\" data-end=\"2675\">Sch\u00f6ckl Proved<\/strong>\u201d estilo ochentero muestra un gr\u00e1fico retro de un G original.<\/li>\n<\/ul>\n<figure aria-describedby=\"caption-attachment-2837\" class=\"wp-caption aligncenter\"><img loading=\"lazy\" decoding=\"async\" loading=\"lazy\" class=\"wp-image-2837 size-full\" src=\"https:\/\/puravelocidad.com\/wp-content\/uploads\/2025\/04\/25C0096_022-800x1200-1.jpg\" alt=\"\" width=\"800\" height=\"1200\"><figcaption class=\"wp-caption-text\">Mercedes-Benz G550 Edition STRONGER THAN THE 1980s agave green solid; asientos en tela gris de cuadros<\/figcaption><\/figure>\n<h2 class=\"\" data-start=\"2745\" data-end=\"2787\">Detalles \u00fanicos que lo hacen leyenda<\/h2>\n<ul data-start=\"2789\" data-end=\"3491\">\n<li class=\"\" data-start=\"2789\" data-end=\"2924\">\n<p class=\"\" data-start=\"2791\" data-end=\"2924\"><strong data-start=\"2791\" data-end=\"2831\">Rines de 18 pulgadas en plata pulida<\/strong>, dise\u00f1o de 5 radios, calzan <strong data-start=\"2860\" data-end=\"2890\">Falken Wildpeak A\/T 265\/60<\/strong>, neum\u00e1ticos todoterreno reales.<\/p>\n<\/li>\n<li class=\"\" data-start=\"2925\" data-end=\"3005\">\n<p class=\"\" data-start=\"2927\" data-end=\"3005\"><strong data-start=\"2927\" data-end=\"2951\">Cubierta de repuesto<\/strong> trasera en lona vin\u00edlica, como las de hace 40 a\u00f1os.<\/p>\n<\/li>\n<li class=\"\" data-start=\"3006\" data-end=\"3124\">\n<p class=\"\" data-start=\"3008\" data-end=\"3124\"><strong data-start=\"3008\" data-end=\"3031\">Intermitentes \u00e1mbar<\/strong> en los guardabarros delanteros, recreados a mano y certificados seg\u00fan normas LED actuales.<\/p>\n<\/li>\n<li class=\"\" data-start=\"3125\" data-end=\"3226\">\n<p class=\"\" data-start=\"3127\" data-end=\"3226\"><strong data-start=\"3127\" data-end=\"3147\">Placas de umbral<\/strong> con la topograf\u00eda real del Monte Sch\u00f6ckl, lugar de pruebas del G desde 1979.<\/p>\n<\/li>\n<li class=\"\" data-start=\"3227\" data-end=\"3312\">\n<p class=\"\" data-start=\"3229\" data-end=\"3312\"><strong data-start=\"3229\" data-end=\"3255\">Proyecci\u00f3n LED lateral<\/strong> bajo los retrovisores: \u201cG \u2013 M\u00e1s fuerte que el tiempo\u201d.<\/p>\n<\/li>\n<li class=\"\" data-start=\"3313\" data-end=\"3491\">\n<p class=\"\" data-start=\"3315\" data-end=\"3491\"><strong data-start=\"3315\" data-end=\"3374\">Parrilla, retrovisores, paragolpes, faldones y molduras<\/strong> pintados en <strong data-start=\"3387\" data-end=\"3408\">Negro Noche Magno<\/strong>, un negro satinado que imita el acabado en acero pulido de los primeros G-Wagen.<\/p>\n<\/li>\n<\/ul>\n<figure aria-describedby=\"caption-attachment-2838\" class=\"wp-caption alignnone\"><img loading=\"lazy\" decoding=\"async\" loading=\"lazy\" class=\"wp-image-2838 size-full\" src=\"https:\/\/puravelocidad.com\/wp-content\/uploads\/2025\/04\/25C0096_014-1200x675-1.jpg\" alt=\"\" width=\"1200\" height=\"675\"><figcaption class=\"wp-caption-text\">Mercedes-Benz G550 Edition STRONGER THAN THE 1980s<\/p>\n<\/figcaption><\/figure>\n<h2 class=\"\" data-start=\"3498\" data-end=\"3538\">Tecnolog\u00eda moderna bajo piel retro<\/h2>\n<p class=\"\" data-start=\"3540\" data-end=\"3631\">Este G550 Heritage Edition mantiene las especificaciones mec\u00e1nicas del G 550 2025 est\u00e1ndar:<\/p>\n<ul data-start=\"3633\" data-end=\"3946\">\n<li class=\"\" data-start=\"3633\" data-end=\"3696\">\n<p class=\"\" data-start=\"3635\" data-end=\"3696\"><strong data-start=\"3635\" data-end=\"3660\">Motor V8 4.0L biturbo<\/strong> con 416 hp y 450 lb-ft de torque.<\/p>\n<\/li>\n<li class=\"\" data-start=\"3697\" data-end=\"3752\">\n<p class=\"\" data-start=\"3699\" data-end=\"3752\"><strong data-start=\"3699\" data-end=\"3735\">Transmisi\u00f3n autom\u00e1tica 9G-TRONIC<\/strong> con reductora.<\/p>\n<\/li>\n<li class=\"\" data-start=\"3753\" data-end=\"3853\">\n<p class=\"\" data-start=\"3755\" data-end=\"3853\"><strong data-start=\"3755\" data-end=\"3785\">Tracci\u00f3n 4MATIC permanente<\/strong> con bloqueo mec\u00e1nico de diferencial central, delantero y trasero.<\/p>\n<\/li>\n<li class=\"\" data-start=\"3854\" data-end=\"3946\">\n<p class=\"\" data-start=\"3856\" data-end=\"3946\"><strong data-start=\"3856\" data-end=\"3872\">Ejes r\u00edgidos<\/strong>, estructura de chasis en escalera y suspensi\u00f3n independiente delantera.<\/p>\n<\/li>\n<\/ul>\n<figure aria-describedby=\"caption-attachment-2839\" class=\"wp-caption alignnone\"><img loading=\"lazy\" decoding=\"async\" loading=\"lazy\" class=\"wp-image-2839 size-full\" src=\"https:\/\/puravelocidad.com\/wp-content\/uploads\/2025\/04\/25C0096_021-1200x800-1.jpg\" alt=\"\" width=\"1200\" height=\"800\"><figcaption class=\"wp-caption-text\">Mercedes-Benz G550 Edition STRONGER THAN THE 1980s<\/p>\n<\/figcaption><\/figure>\n<p class=\"\" data-start=\"3948\" data-end=\"3965\">Incluye de serie:<\/p>\n<ul data-start=\"3967\" data-end=\"4167\">\n<li class=\"\" data-start=\"3967\" data-end=\"4005\">\n<p class=\"\" data-start=\"3969\" data-end=\"4005\"><strong data-start=\"3969\" data-end=\"4003\">Sistema de sonido Burmester 3D<\/strong><\/p>\n<\/li>\n<li class=\"\" data-start=\"4006\" data-end=\"4058\">\n<p class=\"\" data-start=\"4008\" data-end=\"4058\"><strong data-start=\"4008\" data-end=\"4056\">Sistema de c\u00e1maras 360\u00b0 y sensores avanzados<\/strong><\/p>\n<\/li>\n<li class=\"\" data-start=\"4059\" data-end=\"4092\">\n<p class=\"\" data-start=\"4061\" data-end=\"4092\"><strong data-start=\"4061\" data-end=\"4090\">Techo corredizo el\u00e9ctrico<\/strong><\/p>\n<\/li>\n<li class=\"\" data-start=\"4093\" data-end=\"4167\">\n<p class=\"\" data-start=\"4095\" data-end=\"4167\">Pantalla de infoentretenimiento con conectividad completa y sistema MBUX<\/p>\n<\/li>\n<\/ul>\n<p class=\"\" data-start=\"4169\" data-end=\"4305\">Opcionalmente se puede pedir la <strong data-start=\"4201\" data-end=\"4242\">baca profesional con escalera trasera<\/strong>, como parte del <strong data-start=\"4259\" data-end=\"4295\">G Professional Package ($14,300)<\/strong> en EE.UU.<\/p>\n<figure aria-describedby=\"caption-attachment-2840\" class=\"wp-caption alignnone\"><img loading=\"lazy\" decoding=\"async\" loading=\"lazy\" class=\"wp-image-2840 size-full\" src=\"https:\/\/puravelocidad.com\/wp-content\/uploads\/2025\/04\/25C0096_004-1200x675-1.jpg\" alt=\"\" width=\"1200\" height=\"675\"><figcaption class=\"wp-caption-text\">Mercedes-Benz G550 Edition STRONGER THAN THE 1980s<\/p>\n<\/figcaption><\/figure>\n<h2 class=\"\" data-start=\"4312\" data-end=\"4341\">Precio y disponibilidad<\/h2>\n<p class=\"\" data-start=\"4343\" data-end=\"4564\">Mercedes-Benz no ha revelado el precio exacto en EE.UU., pero en Europa ya se sabe que costar\u00e1 alrededor de un <strong data-start=\"4454\" data-end=\"4483\">19\u202f% m\u00e1s que un G550 base<\/strong>. Eso lo coloca, con aranceles incluidos, en un estimado de <strong data-start=\"4543\" data-end=\"4563\">$176,000 d\u00f3lares<\/strong>.<\/p>\n<figure aria-describedby=\"caption-attachment-2841\" class=\"wp-caption alignnone\"><img loading=\"lazy\" decoding=\"async\" loading=\"lazy\" class=\"wp-image-2841 size-full\" src=\"https:\/\/puravelocidad.com\/wp-content\/uploads\/2025\/04\/25C0096_023-1200x800-1.jpg\" alt=\"\" width=\"1200\" height=\"800\"><figcaption class=\"wp-caption-text\">Mercedes-Benz G550 Edition STRONGER THAN THE 1980s<\/p>\n<\/figcaption><\/figure>\n<h2 class=\"\" data-start=\"4843\" data-end=\"4912\">\u00bfComprar\u00edas esta edici\u00f3n limitada o preferir\u00edas un G63 salvaje?<\/h2>\n<p class=\"\" data-start=\"4914\" data-end=\"5141\">D\u00e9janos tu opini\u00f3n, comparte esta historia con tu grupo de fan\u00e1ticos de la vieja escuela\u2026 y <strong data-start=\"5006\" data-end=\"5079\">s\u00edguenos en Instagram <a class=\"\" href=\"https:\/\/www.instagram.com\/puravelocidad\" target=\"_new\" rel=\"noopener\" data-start=\"5020\" data-end=\"5077\">@pura.velocidad<\/a><\/strong> para no perderte ninguna joya automotriz de edici\u00f3n limitada.<\/p>\n<h2 data-start=\"4343\" data-end=\"4564\">Te puede interesar estos articulos:<\/h2>\n<p class=\"entry-title\"><a href=\"https:\/\/puravelocidad.com\/mercedes-benz-baby-g-wagon-el-pequeno-gigante\/\">Mercedes-Benz Baby G-Wagon, el peque\u00f1o gigante<\/a><\/p>\n<p class=\"entry-title\"><a href=\"https:\/\/puravelocidad.com\/ineos-grenadier-el-renacimiento-del-todo-terreno-clasico\/\">INEOS GRENADIER: El renacimiento del todo terreno clasico<\/a><\/p>\n<p class=\"entry-title\"><a href=\"https:\/\/puravelocidad.com\/mercedes-amg-cle53-2025-combina-lujo-y-desempeno\/\">Mercedes-AMG CLE53 2025: Combina lujo y desempe\u00f1o<\/a><\/p>\n<p class=\"entry-title\"><a href=\"https:\/\/puravelocidad.com\/lexus-lx700h-2025-poder-lujo-y-aventura\/\">2025 Lexus LX700h Overtrail<\/a><\/p>\n<p>The post <a href=\"https:\/\/puravelocidad.com\/mercedes-benz-g-550\/\">2025 Mercedes-Benz G550 Heritage Edition: Look 1980<\/a> appeared first on <a href=\"https:\/\/puravelocidad.com\/\">Pura Velocidad<\/a>.<\/p>\n","protected":false},"excerpt":{"rendered":"<h2 data-start=\"719\" data-end=\"1048\"><strong data-start=\"719\" data-end=\"741\">Solo 460 unidades. Clase G \u201cStronger Than The 1980s\u201d<\/strong><\/h2>\n<p class=\"\" data-start=\"719\" data-end=\"1048\">Colores cl\u00e1sicos. Tecnolog\u00eda moderna. Y un alma 100\u202f% retro. Mercedes-Benz celebra su legado con una edici\u00f3n especial que rinde homenaje al nacimiento del legendario G-Wagen. La <strong data-start=\"920\" data-end=\"957\">Clase G \u201cStronger Than The 1980s\u201d<\/strong> no es un simple tributo: es un manifiesto sobre c\u00f3mo hacer off-road con estilo\u2026 y memoria.<\/p>\n<h2 class=\"\" data-start=\"1055\" data-end=\"1089\">MANUFAKTUR: colores con alma<\/h2>\n<p class=\"\" data-start=\"1091\" data-end=\"1386\">Mercedes-Benz no eligi\u00f3 cualquier pintura para esta edici\u00f3n. Escogi\u00f3 <strong data-start=\"1160\" data-end=\"1193\">tres tonos s\u00f3lidos hist\u00f3ricos<\/strong> directamente del cat\u00e1logo de los primeros G-Wagen, aplicados con t\u00e9cnicas actuales de acabado profundo y resistente de <strong data-start=\"1313\" data-end=\"1327\">MANUFAKTUR<\/strong>, la divisi\u00f3n de personalizaci\u00f3n m\u00e1s exclusiva de la marca.<\/p>\n<figure aria-describedby=\"caption-attachment-2836\" class=\"wp-caption alignnone\"><img loading=\"lazy\" decoding=\"async\" loading=\"lazy\" class=\"wp-image-2836 size-full\" src=\"https:\/\/puravelocidad.com\/wp-content\/uploads\/2025\/04\/25C0096_003-1200x800-1.jpg\" alt=\"\" width=\"1200\" height=\"800\"><figcaption class=\"wp-caption-text\">Mercedes-Benz G550 STRONGER THAN THE 1980s MANUFAKTUR agave green solid.<\/figcaption><\/figure>\n<p>\u00a0<\/p>\n<div class=\"pointer-events-none relative left-[50%]! flex w-[100cqw] translate-x-[-50%] justify-center *:pointer-events-auto\">\n<div class=\"tableContainer horzScrollShadows\">\n<table class=\"min-w-full\" data-start=\"1388\" data-end=\"1748\">\n<thead data-start=\"1388\" data-end=\"1411\">\n<tr data-start=\"1388\" data-end=\"1411\">\n<th data-start=\"1388\" data-end=\"1396\">Color<\/th>\n<th data-start=\"1396\" data-end=\"1411\">Descripci\u00f3n<\/th>\n<\/tr>\n<\/thead>\n<tbody data-start=\"1422\" data-end=\"1748\">\n<tr data-start=\"1422\" data-end=\"1543\">\n<td class=\"max-w-[calc(var(--thread-content-max-width)*2\/3)]\" data-start=\"1422\" data-end=\"1440\"><strong data-start=\"1424\" data-end=\"1439\">Agave Green<\/strong><\/td>\n<td class=\"max-w-[calc(var(--thread-content-max-width)*2\/3)] min-w-[calc(var(--thread-content-max-width)\/2)]\" data-start=\"1440\" data-end=\"1543\">Un verde tierra con profundidad mate, t\u00edpico del G militar y rural, evoca naturaleza y resistencia.<\/td>\n<\/tr>\n<tr data-start=\"1544\" data-end=\"1639\">\n<td class=\"max-w-[calc(var(--thread-content-max-width)*2\/3)]\" data-start=\"1544\" data-end=\"1556\"><strong data-start=\"1546\" data-end=\"1555\">Cream<\/strong><\/td>\n<td class=\"max-w-[calc(var(--thread-content-max-width)*2\/3)] min-w-[calc(var(--thread-content-max-width)\/3)]\" data-start=\"1556\" data-end=\"1639\">Blanco marfil sutil, casi pastel, ideal para la ciudad, elegante pero discreto.<\/td>\n<\/tr>\n<tr data-start=\"1640\" data-end=\"1748\">\n<td class=\"max-w-[calc(var(--thread-content-max-width)*2\/3)]\" data-start=\"1640\" data-end=\"1661\"><strong data-start=\"1642\" data-end=\"1660\">Colorado Beige<\/strong><\/td>\n<td class=\"max-w-[calc(var(--thread-content-max-width)*2\/3)] min-w-[calc(var(--thread-content-max-width)\/2)]\" data-start=\"1661\" data-end=\"1748\">Arena c\u00e1lida y nost\u00e1lgica, asociado con exploraci\u00f3n, safari y tradici\u00f3n aventurera.<\/td>\n<\/tr>\n<\/tbody>\n<\/table>\n<\/div>\n<\/div>\n<p class=\"\" data-start=\"1750\" data-end=\"1944\">Estas pinturas no son metalizadas ni perladas. Son s\u00f3lidas, con una textura visual sobria y retro, pero se aplican con protecci\u00f3n UV, resistencia a rayos qu\u00edmicos y al lavado industrial moderno.<\/p>\n<h2 class=\"\" data-start=\"1951\" data-end=\"1993\">Tapicer\u00eda: Los a\u00f1os 80 en tu espalda<\/h2>\n<p class=\"\" data-start=\"1995\" data-end=\"2338\">Los asientos del <strong data-start=\"2012\" data-end=\"2038\">G 550 Heritage Edition<\/strong> est\u00e1n tapizados en <strong data-start=\"2058\" data-end=\"2094\">cuero negro napa de alta calidad<\/strong>, con <strong data-start=\"2100\" data-end=\"2147\">inserciones en tela a cuadros \u201cPaloma Grey\u201d<\/strong>, exactamente el patr\u00f3n usado en los modelos de lujo W460. Esta tela es resistente, tejida con fibras tratadas contra manchas y humedad, pero con textura suave y sensaci\u00f3n de \u201cropa de \u00e9poca\u201d.<\/p>\n<ul>\n<li data-start=\"2342\" data-end=\"2418\">Los paneles de las puertas est\u00e1n cubiertos en cuero con costuras visibles.<\/li>\n<li data-start=\"2421\" data-end=\"2519\">La consola central y puertas llevan <strong data-start=\"2457\" data-end=\"2495\">molduras de madera de poro abierto<\/strong> oscura, no brillante.<\/li>\n<li data-start=\"2522\" data-end=\"2621\">La inscripci\u00f3n \u201c<strong data-start=\"2538\" data-end=\"2565\">Stronger Than The 1980s<\/strong>\u201d est\u00e1 grabada en la moldura del asidero del pasajero.<\/li>\n<li data-start=\"2624\" data-end=\"2738\">En el <strong data-start=\"2630\" data-end=\"2641\">pilar B<\/strong>, una insignia \u201c<strong data-start=\"2657\" data-end=\"2675\">Sch\u00f6ckl Proved<\/strong>\u201d estilo ochentero muestra un gr\u00e1fico retro de un G original.<\/li>\n<\/ul>\n<figure aria-describedby=\"caption-attachment-2837\" class=\"wp-caption aligncenter\"><img loading=\"lazy\" decoding=\"async\" loading=\"lazy\" class=\"wp-image-2837 size-full\" src=\"https:\/\/puravelocidad.com\/wp-content\/uploads\/2025\/04\/25C0096_022-800x1200-1.jpg\" alt=\"\" width=\"800\" height=\"1200\"><figcaption class=\"wp-caption-text\">Mercedes-Benz G550 Edition STRONGER THAN THE 1980s agave green solid; asientos en tela gris de cuadros<\/figcaption><\/figure>\n<h2 class=\"\" data-start=\"2745\" data-end=\"2787\">Detalles \u00fanicos que lo hacen leyenda<\/h2>\n<ul data-start=\"2789\" data-end=\"3491\">\n<li class=\"\" data-start=\"2789\" data-end=\"2924\">\n<p class=\"\" data-start=\"2791\" data-end=\"2924\"><strong data-start=\"2791\" data-end=\"2831\">Rines de 18 pulgadas en plata pulida<\/strong>, dise\u00f1o de 5 radios, calzan <strong data-start=\"2860\" data-end=\"2890\">Falken Wildpeak A\/T 265\/60<\/strong>, neum\u00e1ticos todoterreno reales.<\/p>\n<\/li>\n<li class=\"\" data-start=\"2925\" data-end=\"3005\">\n<p class=\"\" data-start=\"2927\" data-end=\"3005\"><strong data-start=\"2927\" data-end=\"2951\">Cubierta de repuesto<\/strong> trasera en lona vin\u00edlica, como las de hace 40 a\u00f1os.<\/p>\n<\/li>\n<li class=\"\" data-start=\"3006\" data-end=\"3124\">\n<p class=\"\" data-start=\"3008\" data-end=\"3124\"><strong data-start=\"3008\" data-end=\"3031\">Intermitentes \u00e1mbar<\/strong> en los guardabarros delanteros, recreados a mano y certificados seg\u00fan normas LED actuales.<\/p>\n<\/li>\n<li class=\"\" data-start=\"3125\" data-end=\"3226\">\n<p class=\"\" data-start=\"3127\" data-end=\"3226\"><strong data-start=\"3127\" data-end=\"3147\">Placas de umbral<\/strong> con la topograf\u00eda real del Monte Sch\u00f6ckl, lugar de pruebas del G desde 1979.<\/p>\n<\/li>\n<li class=\"\" data-start=\"3227\" data-end=\"3312\">\n<p class=\"\" data-start=\"3229\" data-end=\"3312\"><strong data-start=\"3229\" data-end=\"3255\">Proyecci\u00f3n LED lateral<\/strong> bajo los retrovisores: \u201cG \u2013 M\u00e1s fuerte que el tiempo\u201d.<\/p>\n<\/li>\n<li class=\"\" data-start=\"3313\" data-end=\"3491\">\n<p class=\"\" data-start=\"3315\" data-end=\"3491\"><strong data-start=\"3315\" data-end=\"3374\">Parrilla, retrovisores, paragolpes, faldones y molduras<\/strong> pintados en <strong data-start=\"3387\" data-end=\"3408\">Negro Noche Magno<\/strong>, un negro satinado que imita el acabado en acero pulido de los primeros G-Wagen.<\/p>\n<\/li>\n<\/ul>\n<figure aria-describedby=\"caption-attachment-2838\" class=\"wp-caption alignnone\"><img loading=\"lazy\" decoding=\"async\" loading=\"lazy\" class=\"wp-image-2838 size-full\" src=\"https:\/\/puravelocidad.com\/wp-content\/uploads\/2025\/04\/25C0096_014-1200x675-1.jpg\" alt=\"\" width=\"1200\" height=\"675\"><figcaption class=\"wp-caption-text\">Mercedes-Benz G550 Edition STRONGER THAN THE 1980s<\/p>\n<\/figcaption><\/figure>\n<h2 class=\"\" data-start=\"3498\" data-end=\"3538\">Tecnolog\u00eda moderna bajo piel retro<\/h2>\n<p class=\"\" data-start=\"3540\" data-end=\"3631\">Este G550 Heritage Edition mantiene las especificaciones mec\u00e1nicas del G 550 2025 est\u00e1ndar:<\/p>\n<ul data-start=\"3633\" data-end=\"3946\">\n<li class=\"\" data-start=\"3633\" data-end=\"3696\">\n<p class=\"\" data-start=\"3635\" data-end=\"3696\"><strong data-start=\"3635\" data-end=\"3660\">Motor V8 4.0L biturbo<\/strong> con 416 hp y 450 lb-ft de torque.<\/p>\n<\/li>\n<li class=\"\" data-start=\"3697\" data-end=\"3752\">\n<p class=\"\" data-start=\"3699\" data-end=\"3752\"><strong data-start=\"3699\" data-end=\"3735\">Transmisi\u00f3n autom\u00e1tica 9G-TRONIC<\/strong> con reductora.<\/p>\n<\/li>\n<li class=\"\" data-start=\"3753\" data-end=\"3853\">\n<p class=\"\" data-start=\"3755\" data-end=\"3853\"><strong data-start=\"3755\" data-end=\"3785\">Tracci\u00f3n 4MATIC permanente<\/strong> con bloqueo mec\u00e1nico de diferencial central, delantero y trasero.<\/p>\n<\/li>\n<li class=\"\" data-start=\"3854\" data-end=\"3946\">\n<p class=\"\" data-start=\"3856\" data-end=\"3946\"><strong data-start=\"3856\" data-end=\"3872\">Ejes r\u00edgidos<\/strong>, estructura de chasis en escalera y suspensi\u00f3n independiente delantera.<\/p>\n<\/li>\n<\/ul>\n<figure aria-describedby=\"caption-attachment-2839\" class=\"wp-caption alignnone\"><img loading=\"lazy\" decoding=\"async\" loading=\"lazy\" class=\"wp-image-2839 size-full\" src=\"https:\/\/puravelocidad.com\/wp-content\/uploads\/2025\/04\/25C0096_021-1200x800-1.jpg\" alt=\"\" width=\"1200\" height=\"800\"><figcaption class=\"wp-caption-text\">Mercedes-Benz G550 Edition STRONGER THAN THE 1980s<\/p>\n<\/figcaption><\/figure>\n<p class=\"\" data-start=\"3948\" data-end=\"3965\">Incluye de serie:<\/p>\n<ul data-start=\"3967\" data-end=\"4167\">\n<li class=\"\" data-start=\"3967\" data-end=\"4005\">\n<p class=\"\" data-start=\"3969\" data-end=\"4005\"><strong data-start=\"3969\" data-end=\"4003\">Sistema de sonido Burmester 3D<\/strong><\/p>\n<\/li>\n<li class=\"\" data-start=\"4006\" data-end=\"4058\">\n<p class=\"\" data-start=\"4008\" data-end=\"4058\"><strong data-start=\"4008\" data-end=\"4056\">Sistema de c\u00e1maras 360\u00b0 y sensores avanzados<\/strong><\/p>\n<\/li>\n<li class=\"\" data-start=\"4059\" data-end=\"4092\">\n<p class=\"\" data-start=\"4061\" data-end=\"4092\"><strong data-start=\"4061\" data-end=\"4090\">Techo corredizo el\u00e9ctrico<\/strong><\/p>\n<\/li>\n<li class=\"\" data-start=\"4093\" data-end=\"4167\">\n<p class=\"\" data-start=\"4095\" data-end=\"4167\">Pantalla de infoentretenimiento con conectividad completa y sistema MBUX<\/p>\n<\/li>\n<\/ul>\n<p class=\"\" data-start=\"4169\" data-end=\"4305\">Opcionalmente se puede pedir la <strong data-start=\"4201\" data-end=\"4242\">baca profesional con escalera trasera<\/strong>, como parte del <strong data-start=\"4259\" data-end=\"4295\">G Professional Package ($14,300)<\/strong> en EE.UU.<\/p>\n<figure aria-describedby=\"caption-attachment-2840\" class=\"wp-caption alignnone\"><img loading=\"lazy\" decoding=\"async\" loading=\"lazy\" class=\"wp-image-2840 size-full\" src=\"https:\/\/puravelocidad.com\/wp-content\/uploads\/2025\/04\/25C0096_004-1200x675-1.jpg\" alt=\"\" width=\"1200\" height=\"675\"><figcaption class=\"wp-caption-text\">Mercedes-Benz G550 Edition STRONGER THAN THE 1980s<\/p>\n<\/figcaption><\/figure>\n<h2 class=\"\" data-start=\"4312\" data-end=\"4341\">Precio y disponibilidad<\/h2>\n<p class=\"\" data-start=\"4343\" data-end=\"4564\">Mercedes-Benz no ha revelado el precio exacto en EE.UU., pero en Europa ya se sabe que costar\u00e1 alrededor de un <strong data-start=\"4454\" data-end=\"4483\">19\u202f% m\u00e1s que un G550 base<\/strong>. Eso lo coloca, con aranceles incluidos, en un estimado de <strong data-start=\"4543\" data-end=\"4563\">$176,000 d\u00f3lares<\/strong>.<\/p>\n<figure aria-describedby=\"caption-attachment-2841\" class=\"wp-caption alignnone\"><img loading=\"lazy\" decoding=\"async\" loading=\"lazy\" class=\"wp-image-2841 size-full\" src=\"https:\/\/puravelocidad.com\/wp-content\/uploads\/2025\/04\/25C0096_023-1200x800-1.jpg\" alt=\"\" width=\"1200\" height=\"800\"><figcaption class=\"wp-caption-text\">Mercedes-Benz G550 Edition STRONGER THAN THE 1980s<\/p>\n<\/figcaption><\/figure>\n<h2 class=\"\" data-start=\"4843\" data-end=\"4912\">\u00bfComprar\u00edas esta edici\u00f3n limitada o preferir\u00edas un G63 salvaje?<\/h2>\n<p class=\"\" data-start=\"4914\" data-end=\"5141\">D\u00e9janos tu opini\u00f3n, comparte esta historia con tu grupo de fan\u00e1ticos de la vieja escuela\u2026 y <strong data-start=\"5006\" data-end=\"5079\">s\u00edguenos en Instagram <a class=\"\" href=\"https:\/\/www.instagram.com\/puravelocidad\" target=\"_new\" rel=\"noopener\" data-start=\"5020\" data-end=\"5077\">@pura.velocidad<\/a><\/strong> para no perderte ninguna joya automotriz de edici\u00f3n limitada.<\/p>\n<h2 data-start=\"4343\" data-end=\"4564\">Te puede interesar estos articulos:<\/h2>\n<p class=\"entry-title\"><a href=\"https:\/\/puravelocidad.com\/mercedes-benz-baby-g-wagon-el-pequeno-gigante\/\">Mercedes-Benz Baby G-Wagon, el peque\u00f1o gigante<\/a><\/p>\n<p class=\"entry-title\"><a href=\"https:\/\/puravelocidad.com\/ineos-grenadier-el-renacimiento-del-todo-terreno-clasico\/\">INEOS GRENADIER: El renacimiento del todo terreno clasico<\/a><\/p>\n<p class=\"entry-title\"><a href=\"https:\/\/puravelocidad.com\/mercedes-amg-cle53-2025-combina-lujo-y-desempeno\/\">Mercedes-AMG CLE53 2025: Combina lujo y desempe\u00f1o<\/a><\/p>\n<p class=\"entry-title\"><a href=\"https:\/\/puravelocidad.com\/lexus-lx700h-2025-poder-lujo-y-aventura\/\">2025 Lexus LX700h Overtrail<\/a><\/p>\n<p>The post <a href=\"https:\/\/puravelocidad.com\/mercedes-benz-g-550\/\">2025 Mercedes-Benz G550 Heritage Edition: Look 1980<\/a> appeared first on <a href=\"https:\/\/puravelocidad.com\/\">Pura Velocidad<\/a>.<\/p>\n","protected":false},"author":0,"featured_media":2307,"comment_status":"open","ping_status":"open","sticky":false,"template":"","format":"standard","meta":{"footnotes":""},"categories":[9],"tags":[],"class_list":["post-2306","post","type-post","status-publish","format-standard","has-post-thumbnail","hentry","category-lonuevo-puravelocid-ad"],"cmb2":{"poster_feature_image":{"vid_m_player_background":"","vid_m_poster_image":"","vid_m_poster_image_id":""},"gif_feature_image":{"vid_m_gif_image":"","vid_m_gif_image_id":""},"video_movie_settings":{"vid_m_director":"","vid_m_actor":"","vid_m_imdb_ratings":"","vid_m_amazon_associates":"","vid_m_vid_tmdb_movie":"","vid_m_vid_tmdb_tv_shows":"","vid_m_vid_tmdb_thumb":""},"vid_ads_m_videoads_settings_post":{"vid_ads_m_video_ads":"","vid_ads_m_video_ads_type":"","vid_ads_m_group_google_ima":"","vid_ads_m_group_image":"","vid_ads_m_group_html5_video":"","vid_ads_m_group_html":"","vid_ads_m_vpaid_mode":"","vid_ads_m_vast_preroll":"","vid_ads_m_vast_postroll":"","vid_ads_m_vast_pauseroll":"","vid_ads_m_vast_midroll":"","vid_ads_m_group_dynamic":"","vid_ads_m_time_to_show_ads":"","vid_ads_m_time_skip_ads":"","vid_ads_m_time_to_hide_ads":""},"feature_image_settings":{"feature_image_position":""},"video_player_settings":{"single_video_style":"","video_player_position":"","vm_video_url_btn_choose":"","vm_video_url_btn_choose_id":"","vm_video_url":"","vm_video_ratio":"","vm_video_ratio_mobile":"","video_player_library":"","plyr_player":"","video_streaming":"","vm_video_shortcode":"","vm_video_timelapse":"","vm_media_subtitles":"","vm_media_sources":"","vid_vtt_preview":"","vid_vtt_preview_vtt_file":"","vid_vtt_preview_vtt_file_id":"","vid_vtt_preview_sprite_image":"","vid_vtt_preview_sprite_image_id":"","vid_auto_play":"","vid_preview_mode":"","vm_video_trailer_manl_url":"","vm_screenshot_preview":"","vid_tags":"","vid_p_sync_playlist":"","vid_c_sync_channel":"","get_post_format":"","multiple_links_structure":"","multi_links_title":"","original_video_title":"","multi_links_series":"","vm_video_multi_links":"","vm_duration":"","vid_social_locker":"","vid_locker_mode":"","vid_social_locker_id":"","vid_social_email_locker_id":"","vid_social_signin_locker_id":"","sv_login_to_watch":"","vid_membership_action":"","vm_video_trailer_url":"","vid_download_type":"","vid_download_target":"","vid_woo_product":"","vid_download_mode":"","vid_download_mode_trailer":"","vm_media_download":"","user_rating":"","user_rating_position":"","user_rating_mode":"","user_rating_multi_sets":"","ads_above_single_player":""},"video_auto_fetch_settings":{"vm_video_fetch":""},"video_fake_views_likes":{"vm_fake_views":"","vm_fake_likes":"","vm_fake_dislikes":""},"gallery_settings":{"gallery_position":""},"quote_settings":{"quote_position":""},"post_options":{"main_layout":"","main_logo":"","main_logo_id":"","main_logo_retina":"","main_logo_retina_id":"","main_logo_mobile":"","main_logo_mobile_id":"","main_logo_mobile_retina":"","main_logo_mobile_retina_id":"","sticky_logo":"","sticky_logo_id":"","sticky_logo_retina":"","sticky_logo_retina_id":"","main_nav_layout":"","header_background":"","theme_sidebar":"","single_post_comment_type":"","theme_background":""}},"rttpg_featured_image_url":{"full":["https:\/\/tutarotero.com\/tv\/wp-content\/uploads\/2025\/04\/25C0096_003-1200x800-1-Sfwzt8.jpg",1200,800,false],"landscape":["https:\/\/tutarotero.com\/tv\/wp-content\/uploads\/2025\/04\/25C0096_003-1200x800-1-Sfwzt8.jpg",1200,800,false],"portraits":["https:\/\/tutarotero.com\/tv\/wp-content\/uploads\/2025\/04\/25C0096_003-1200x800-1-Sfwzt8.jpg",1200,800,false],"thumbnail":["https:\/\/tutarotero.com\/tv\/wp-content\/uploads\/2025\/04\/25C0096_003-1200x800-1-Sfwzt8-150x150.jpg",150,150,true],"medium":["https:\/\/tutarotero.com\/tv\/wp-content\/uploads\/2025\/04\/25C0096_003-1200x800-1-Sfwzt8-300x200.jpg",300,200,true],"large":["https:\/\/tutarotero.com\/tv\/wp-content\/uploads\/2025\/04\/25C0096_003-1200x800-1-Sfwzt8-1024x683.jpg",640,427,true],"1536x1536":["https:\/\/tutarotero.com\/tv\/wp-content\/uploads\/2025\/04\/25C0096_003-1200x800-1-Sfwzt8.jpg",1200,800,false],"2048x2048":["https:\/\/tutarotero.com\/tv\/wp-content\/uploads\/2025\/04\/25C0096_003-1200x800-1-Sfwzt8.jpg",1200,800,false],"vidorev_thumb_1x1_0x":["https:\/\/tutarotero.com\/tv\/wp-content\/uploads\/2025\/04\/25C0096_003-1200x800-1-Sfwzt8-60x60.jpg",60,60,true],"vidorev_thumb_1x1_1x":["https:\/\/tutarotero.com\/tv\/wp-content\/uploads\/2025\/04\/25C0096_003-1200x800-1-Sfwzt8-100x100.jpg",100,100,true],"vidorev_thumb_1x1_2x":["https:\/\/tutarotero.com\/tv\/wp-content\/uploads\/2025\/04\/25C0096_003-1200x800-1-Sfwzt8-200x200.jpg",200,200,true],"vidorev_thumb_1x1_3x":["https:\/\/tutarotero.com\/tv\/wp-content\/uploads\/2025\/04\/25C0096_003-1200x800-1-Sfwzt8-268x268.jpg",268,268,true],"vidorev_thumb_2point7x1_1x":["https:\/\/tutarotero.com\/tv\/wp-content\/uploads\/2025\/04\/25C0096_003-1200x800-1-Sfwzt8-346x130.jpg",346,130,true],"vidorev_thumb_2point7x1_2x":["https:\/\/tutarotero.com\/tv\/wp-content\/uploads\/2025\/04\/25C0096_003-1200x800-1-Sfwzt8-568x213.jpg",568,213,true],"vidorev_thumb_2point7x1_3x":["https:\/\/tutarotero.com\/tv\/wp-content\/uploads\/2025\/04\/25C0096_003-1200x800-1-Sfwzt8-1136x426.jpg",1136,426,true],"vidorev_thumb_4x3_0point5x":["https:\/\/tutarotero.com\/tv\/wp-content\/uploads\/2025\/04\/25C0096_003-1200x800-1-Sfwzt8-282x212.jpg",282,212,true],"vidorev_thumb_4x3_1point5x":["https:\/\/tutarotero.com\/tv\/wp-content\/uploads\/2025\/04\/25C0096_003-1200x800-1-Sfwzt8-568x426.jpg",568,426,true],"vidorev_thumb_2x3_0point3x":["https:\/\/tutarotero.com\/tv\/wp-content\/uploads\/2025\/04\/25C0096_003-1200x800-1-Sfwzt8-60x90.jpg",60,90,true],"vidorev_thumb_16x9_0x":["https:\/\/tutarotero.com\/tv\/wp-content\/uploads\/2025\/04\/25C0096_003-1200x800-1-Sfwzt8-236x133.jpg",236,133,true],"vidorev_thumb_16x9_1x":["https:\/\/tutarotero.com\/tv\/wp-content\/uploads\/2025\/04\/25C0096_003-1200x800-1-Sfwzt8-360x203.jpg",360,203,true],"vidorev_thumb_16x9_2x":["https:\/\/tutarotero.com\/tv\/wp-content\/uploads\/2025\/04\/25C0096_003-1200x800-1-Sfwzt8-750x422.jpg",750,422,true],"vidorev_thumb_16x9_3x":["https:\/\/tutarotero.com\/tv\/wp-content\/uploads\/2025\/04\/25C0096_003-1200x800-1-Sfwzt8.jpg",1200,800,false],"vidorev_thumb_4x3_1x":["https:\/\/tutarotero.com\/tv\/wp-content\/uploads\/2025\/04\/25C0096_003-1200x800-1-Sfwzt8-360x270.jpg",360,270,true],"vidorev_thumb_4x3_2x":["https:\/\/tutarotero.com\/tv\/wp-content\/uploads\/2025\/04\/25C0096_003-1200x800-1-Sfwzt8-720x540.jpg",720,540,true],"vidorev_thumb_4x3_3x":["https:\/\/tutarotero.com\/tv\/wp-content\/uploads\/2025\/04\/25C0096_003-1200x800-1-Sfwzt8.jpg",1200,800,false],"vidorev_thumb_2x3_0x":["https:\/\/tutarotero.com\/tv\/wp-content\/uploads\/2025\/04\/25C0096_003-1200x800-1-Sfwzt8-165x248.jpg",165,248,true],"vidorev_thumb_2x3_1x":["https:\/\/tutarotero.com\/tv\/wp-content\/uploads\/2025\/04\/25C0096_003-1200x800-1-Sfwzt8-360x540.jpg",360,540,true],"vidorev_thumb_2x3_2x":["https:\/\/tutarotero.com\/tv\/wp-content\/uploads\/2025\/04\/25C0096_003-1200x800-1-Sfwzt8-600x800.jpg",600,800,true]},"rttpg_author":{"display_name":"","author_link":"https:\/\/tutarotero.com\/tv\/?author=0"},"rttpg_comment":0,"rttpg_category":"<a href=\"https:\/\/tutarotero.com\/tv\/?cat=9\" rel=\"category\">Lo nuevo<\/a>","rttpg_excerpt":"Solo 460 unidades. Clase G \u201cStronger Than The 1980s\u201d Colores cl\u00e1sicos. Tecnolog\u00eda moderna. Y un alma 100\u202f% retro. Mercedes-Benz celebra su legado con una edici\u00f3n especial que rinde homenaje al nacimiento del legendario G-Wagen. La Clase G \u201cStronger Than The 1980s\u201d no es un simple tributo: es un manifiesto sobre c\u00f3mo hacer off-road con estilo\u2026&hellip;","_links":{"self":[{"href":"https:\/\/tutarotero.com\/tv\/index.php?rest_route=\/wp\/v2\/posts\/2306","targetHints":{"allow":["GET"]}}],"collection":[{"href":"https:\/\/tutarotero.com\/tv\/index.php?rest_route=\/wp\/v2\/posts"}],"about":[{"href":"https:\/\/tutarotero.com\/tv\/index.php?rest_route=\/wp\/v2\/types\/post"}],"replies":[{"embeddable":true,"href":"https:\/\/tutarotero.com\/tv\/index.php?rest_route=%2Fwp%2Fv2%2Fcomments&post=2306"}],"version-history":[{"count":0,"href":"https:\/\/tutarotero.com\/tv\/index.php?rest_route=\/wp\/v2\/posts\/2306\/revisions"}],"wp:featuredmedia":[{"embeddable":true,"href":"https:\/\/tutarotero.com\/tv\/index.php?rest_route=\/wp\/v2\/media\/2307"}],"wp:attachment":[{"href":"https:\/\/tutarotero.com\/tv\/index.php?rest_route=%2Fwp%2Fv2%2Fmedia&parent=2306"}],"wp:term":[{"taxonomy":"category","embeddable":true,"href":"https:\/\/tutarotero.com\/tv\/index.php?rest_route=%2Fwp%2Fv2%2Fcategories&post=2306"},{"taxonomy":"post_tag","embeddable":true,"href":"https:\/\/tutarotero.com\/tv\/index.php?rest_route=%2Fwp%2Fv2%2Ftags&post=2306"}],"curies":[{"name":"wp","href":"https:\/\/api.w.org\/{rel}","templated":true}]}}