{"id":2314,"date":"2025-04-22T17:09:52","date_gmt":"2025-04-22T17:09:52","guid":{"rendered":"https:\/\/tutarotero.com\/tv\/?p=2314"},"modified":"2025-04-22T17:09:52","modified_gmt":"2025-04-22T17:09:52","slug":"new-york-auto-show-2025-kia-ev4-2026-su-primer-ev-global","status":"publish","type":"post","link":"https:\/\/tutarotero.com\/tv\/?p=2314","title":{"rendered":"New York Auto Show 2025: Kia EV4 2026 su primer EV global"},"content":{"rendered":"<h1 class=\"\" data-start=\"266\" data-end=\"364\">Kia EV4 2026, el sed\u00e1n el\u00e9ctrico que te hace pensar dos veces antes de volver a manejar gasolina<\/h1>\n<p class=\"\" data-start=\"366\" data-end=\"440\"><em data-start=\"390\" data-end=\"440\">Auto Show de Nueva York 2025 | PuraVelocidad.com<\/em><\/p>\n<p class=\"\" data-start=\"442\" data-end=\"976\">En New York la empresa Sur Corea presenta el<em><strong> Kia EV4 2026<\/strong><\/em>, su primer sed\u00e1n 100% el\u00e9ctrico a nivel global, supe que ten\u00eda que conocerlo de cerca. Hoy, desde el piso del Auto Show de Nueva York, no puedo evitar sentir que estamos frente a un modelo que va a dar mucho de qu\u00e9 hablar.<\/p>\n<p class=\"\" data-start=\"442\" data-end=\"976\">Y no solo por su estilo vanguardista o su equipamiento de \u00faltima generaci\u00f3n, sino por algo m\u00e1s profundo: su capacidad para conquistar a los que, como yo, crecimos enamorados de los motores a combusti\u00f3n, pero empezamos a ver en los EV algo m\u00e1s que eficiencia. Comenzamos a ver emoci\u00f3n.<\/p>\n<figure aria-describedby=\"caption-attachment-2949\" class=\"wp-caption alignnone\"><img fetchpriority=\"high\" decoding=\"async\" class=\"wp-image-2949 size-full\" src=\"https:\/\/puravelocidad.com\/wp-content\/uploads\/2025\/04\/23105_2026_EV4.jpg\" alt=\"\" width=\"1350\" height=\"900\"><figcaption class=\"wp-caption-text\">Kia EV4 2026\u00a0<\/figcaption><\/figure>\n<h2 class=\"\" data-start=\"978\" data-end=\"1025\">Dise\u00f1o del Kia Ev4 2026: Un sed\u00e1n con alma de coup\u00e9 futurista<\/h2>\n<p class=\"\" data-start=\"1027\" data-end=\"1548\">Desde que lo ves, el EV4 rompe con los clich\u00e9s del sed\u00e1n tradicional. Tiene una silueta baja, l\u00edneas limpias y una ca\u00edda de techo tipo fastback que le da una estampa deportiva sin renunciar a la elegancia. El frontal destaca con sus faros verticales y la nueva firma luminosa \u201cStar Map\u201d de Kia, que parece salida de una pel\u00edcula de ciencia ficci\u00f3n. En la versi\u00f3n GT-Line, que es la que m\u00e1s me llam\u00f3 la atenci\u00f3n, suma llantas de 19 pulgadas tipo turbina y detalles exclusivos que lo hacen ver agresivo y refinado a la vez.<\/p>\n<figure aria-describedby=\"caption-attachment-2950\" class=\"wp-caption alignnone\"><img decoding=\"async\" class=\"wp-image-2950 size-full\" src=\"https:\/\/puravelocidad.com\/wp-content\/uploads\/2025\/04\/23101_2026_EV4.jpg\" alt=\"\" width=\"1350\" height=\"900\"><figcaption class=\"wp-caption-text\">Kia EV4 2026\u00a0<\/figcaption><\/figure>\n<h2 class=\"\" data-start=\"1550\" data-end=\"1596\">Interior: Minimalismo c\u00e1lido y bien pensado<\/h2>\n<p class=\"\" data-start=\"1598\" data-end=\"1967\">Al entrar, lo primero que not\u00e9 fue la ausencia de botones innecesarios. Todo es limpio, horizontal y abierto. Dos pantallas de 12.3 pulgadas integradas a un panel digital que se extiende casi 30 pulgadas dominan el tablero, acompa\u00f1ado por una tercera pantalla de 5 pulgadas solo para el control del clima. Es un espacio donde la tecnolog\u00eda no abruma, sino que acompa\u00f1a.<\/p>\n<figure aria-describedby=\"caption-attachment-2952\" class=\"wp-caption alignnone\"><img decoding=\"async\" class=\"wp-image-2952 size-full\" src=\"https:\/\/puravelocidad.com\/wp-content\/uploads\/2025\/04\/23097_2026_EV4.jpg\" alt=\"\" width=\"1350\" height=\"900\"><figcaption class=\"wp-caption-text\">Kia EV4 2026 Interior<\/figcaption><\/figure>\n<p class=\"\" data-start=\"1969\" data-end=\"2236\">Los materiales, la ergonom\u00eda y hasta la iluminaci\u00f3n ambiental (con 64 colores disponibles) transmiten una sensaci\u00f3n premium sin exagerar. Y lo que me encant\u00f3: espacio de sobra tanto para pasajeros como para equipaje, algo que a veces se sacrifica en los EV compactos.<\/p>\n<figure aria-describedby=\"caption-attachment-2953\" class=\"wp-caption alignnone\"><img loading=\"lazy\" decoding=\"async\" loading=\"lazy\" class=\"wp-image-2953 size-full\" src=\"https:\/\/puravelocidad.com\/wp-content\/uploads\/2025\/04\/23096_2026_EV4.jpg\" alt=\"\" width=\"1350\" height=\"900\"><figcaption class=\"wp-caption-text\">Kia EV4 2026 Display digital de 30 inches (76com)<\/figcaption><\/figure>\n<figure aria-describedby=\"caption-attachment-2954\" class=\"wp-caption alignnone\"><img loading=\"lazy\" decoding=\"async\" loading=\"lazy\" class=\"wp-image-2954 size-full\" src=\"https:\/\/puravelocidad.com\/wp-content\/uploads\/2025\/04\/23089_2026_EV4.jpg\" alt=\"\" width=\"1350\" height=\"900\"><figcaption class=\"wp-caption-text\">Kia EV4 2026 Interior palanca de cambios<\/figcaption><\/figure>\n<h2 class=\"\" data-start=\"2238\" data-end=\"2288\">Motorizaci\u00f3n y desempe\u00f1o: m\u00e1s de lo que esperas<\/h2>\n<p class=\"\" data-start=\"2290\" data-end=\"2588\">El EV4 estar\u00e1 disponible con dos paquetes de bater\u00eda: 58.3 kWh para la versi\u00f3n Light (con 235 millas estimadas de autonom\u00eda) y 81.4 kWh para las versiones Wind y GT-Line, con una autonom\u00eda de hasta 330 millas seg\u00fan Kia. Todas con tracci\u00f3n delantera y un motor de 150 kW (equivalente a unos 201 hp).<\/p>\n<p class=\"\" data-start=\"2590\" data-end=\"2897\">No es un b\u00f3lido de pista, pero su aceleraci\u00f3n es lineal, contundente y con ese silencio absoluto que te hace pensar que est\u00e1s flotando. Tambi\u00e9n incorpora la \u00faltima versi\u00f3n del sistema de un solo pedal \u201ci-Pedal 3.0\u201d, que permite frenar y acelerar solo con el pie derecho, y ahora incluso funciona en reversa.<\/p>\n<figure aria-describedby=\"caption-attachment-2951\" class=\"wp-caption alignnone\"><img loading=\"lazy\" decoding=\"async\" loading=\"lazy\" class=\"wp-image-2951 size-full\" src=\"https:\/\/puravelocidad.com\/wp-content\/uploads\/2025\/04\/23080_2026_EV4.jpg\" alt=\"\" width=\"1350\" height=\"900\"><figcaption class=\"wp-caption-text\">Kia EV4 2026 frente vanguardista<\/figcaption><\/figure>\n<h2 class=\"\" data-start=\"2899\" data-end=\"2938\">Carga, conectividad y vida el\u00e9ctrica<\/h2>\n<p class=\"\" data-start=\"2940\" data-end=\"3291\">El EV4 se carga del 10 al 80% en tan solo 29 o 31 minutos dependiendo del tama\u00f1o de bater\u00eda, y trae de serie el conector NACS, lo que le da acceso a la red de Supe cargadores de Tesla. Y para quienes como yo viven con laptops, c\u00e1maras o luces encima, tiene funci\u00f3n V2L (Vehicle-to-Load), para cargar directamente dispositivos el\u00e9ctricos desde el auto.<\/p>\n<p class=\"\" data-start=\"3293\" data-end=\"3497\">En cuanto a tecnolog\u00eda, no pod\u00eda faltar Digital Key 2.0 (abr\u00eds el auto con el celular), comandos por voz potenciados por IA y actualizaciones OTA. Todo pensado para hacer la vida m\u00e1s sencilla y conectada.<\/p>\n<figure aria-describedby=\"caption-attachment-2955\" class=\"wp-caption alignnone\"><img loading=\"lazy\" decoding=\"async\" loading=\"lazy\" class=\"wp-image-2955 size-full\" src=\"https:\/\/puravelocidad.com\/wp-content\/uploads\/2025\/04\/23087_2026_EV4.jpg\" alt=\"\" width=\"1350\" height=\"900\"><figcaption class=\"wp-caption-text\">Kia EV4 2026 interior, conectividad inal\u00e1mbrica<\/figcaption><\/figure>\n<h2 class=\"\" data-start=\"3499\" data-end=\"3537\">Seguridad y asistencia al conductor<\/h2>\n<p class=\"\" data-start=\"3539\" data-end=\"3819\">El EV4 no escatima en seguridad: trae de serie el sistema Highway Driving Assist (HDA), manos sobre el volante detectadas por sensores, frenado aut\u00f3nomo, mantenimiento de carril, alerta de atenci\u00f3n del conductor, y asistencias avanzadas como estacionamiento remoto. Todo el combo.<\/p>\n<h2 class=\"\" data-start=\"3826\" data-end=\"3902\">Conclusi\u00f3n: el Kia EV4 no busca parecerse a nadie, y eso lo hace destacar<\/h2>\n<p class=\"\" data-start=\"3904\" data-end=\"4163\">Lo que m\u00e1s me gust\u00f3 del EV4 es que no intenta copiar a los sedanes el\u00e9ctricos de lujo ni a los crossovers de moda. Tiene su propia identidad. Es un auto para quienes quieren subirse a la ola el\u00e9ctrica sin renunciar al dise\u00f1o, la funcionalidad y el buen gusto.<\/p>\n<p class=\"\" data-start=\"4165\" data-end=\"4343\">\u00bfEs este el sed\u00e1n el\u00e9ctrico que finalmente va a enamorar a los que a\u00fan dudan del cambio? Puede que s\u00ed. Yo al menos, despu\u00e9s de verlo y conocerlo de cerca, lo pondr\u00eda en mi lista.<\/p>\n<h3 data-start=\"4165\" data-end=\"4343\"><strong>Quiz\u00e1s te pueda interesar un SUV full el\u00e9ctrico de Kia: <\/strong><a href=\"https:\/\/puravelocidad.com\/kia-ev9-nightfall-edition\/\">Kia EV9 Nightfall Edition<\/a><\/h3>\n<h3>o el nuevo hatchaback k4 de gasolina 2.0 o 1.6 turbo: <a href=\"https:\/\/puravelocidad.com\/kia-k4-hatchback-2026\/\">Kia K4 Hatchback 2026<\/a><\/h3>\n<h3><a href=\"https:\/\/www.kia.com\/mx\/main.html\">Kia Web Site<\/a><\/h3>\n<p><em><strong>Comenta que piensas de los nuevos lanzamientos de KIA, siguenos en Instagram: @pura.velocidad<\/strong><\/em><\/p>\n<p>The post <a href=\"https:\/\/puravelocidad.com\/kia-ev4-2026-new-york-auto-show-2025\/\">New York Auto Show 2025: Kia EV4 2026 su primer EV global<\/a> appeared first on <a href=\"https:\/\/puravelocidad.com\/\">Pura Velocidad<\/a>.<\/p>\n","protected":false},"excerpt":{"rendered":"<h1 class=\"\" data-start=\"266\" data-end=\"364\">Kia EV4 2026, el sed\u00e1n el\u00e9ctrico que te hace pensar dos veces antes de volver a manejar gasolina<\/h1>\n<p class=\"\" data-start=\"366\" data-end=\"440\"><em data-start=\"390\" data-end=\"440\">Auto Show de Nueva York 2025 | PuraVelocidad.com<\/em><\/p>\n<p class=\"\" data-start=\"442\" data-end=\"976\">En New York la empresa Sur Corea presenta el<em><strong> Kia EV4 2026<\/strong><\/em>, su primer sed\u00e1n 100% el\u00e9ctrico a nivel global, supe que ten\u00eda que conocerlo de cerca. Hoy, desde el piso del Auto Show de Nueva York, no puedo evitar sentir que estamos frente a un modelo que va a dar mucho de qu\u00e9 hablar.<\/p>\n<p class=\"\" data-start=\"442\" data-end=\"976\">Y no solo por su estilo vanguardista o su equipamiento de \u00faltima generaci\u00f3n, sino por algo m\u00e1s profundo: su capacidad para conquistar a los que, como yo, crecimos enamorados de los motores a combusti\u00f3n, pero empezamos a ver en los EV algo m\u00e1s que eficiencia. Comenzamos a ver emoci\u00f3n.<\/p>\n<figure aria-describedby=\"caption-attachment-2949\" class=\"wp-caption alignnone\"><img fetchpriority=\"high\" decoding=\"async\" class=\"wp-image-2949 size-full\" src=\"https:\/\/puravelocidad.com\/wp-content\/uploads\/2025\/04\/23105_2026_EV4.jpg\" alt=\"\" width=\"1350\" height=\"900\"><figcaption class=\"wp-caption-text\">Kia EV4 2026\u00a0<\/figcaption><\/figure>\n<h2 class=\"\" data-start=\"978\" data-end=\"1025\">Dise\u00f1o del Kia Ev4 2026: Un sed\u00e1n con alma de coup\u00e9 futurista<\/h2>\n<p class=\"\" data-start=\"1027\" data-end=\"1548\">Desde que lo ves, el EV4 rompe con los clich\u00e9s del sed\u00e1n tradicional. Tiene una silueta baja, l\u00edneas limpias y una ca\u00edda de techo tipo fastback que le da una estampa deportiva sin renunciar a la elegancia. El frontal destaca con sus faros verticales y la nueva firma luminosa \u201cStar Map\u201d de Kia, que parece salida de una pel\u00edcula de ciencia ficci\u00f3n. En la versi\u00f3n GT-Line, que es la que m\u00e1s me llam\u00f3 la atenci\u00f3n, suma llantas de 19 pulgadas tipo turbina y detalles exclusivos que lo hacen ver agresivo y refinado a la vez.<\/p>\n<figure aria-describedby=\"caption-attachment-2950\" class=\"wp-caption alignnone\"><img decoding=\"async\" class=\"wp-image-2950 size-full\" src=\"https:\/\/puravelocidad.com\/wp-content\/uploads\/2025\/04\/23101_2026_EV4.jpg\" alt=\"\" width=\"1350\" height=\"900\"><figcaption class=\"wp-caption-text\">Kia EV4 2026\u00a0<\/figcaption><\/figure>\n<h2 class=\"\" data-start=\"1550\" data-end=\"1596\">Interior: Minimalismo c\u00e1lido y bien pensado<\/h2>\n<p class=\"\" data-start=\"1598\" data-end=\"1967\">Al entrar, lo primero que not\u00e9 fue la ausencia de botones innecesarios. Todo es limpio, horizontal y abierto. Dos pantallas de 12.3 pulgadas integradas a un panel digital que se extiende casi 30 pulgadas dominan el tablero, acompa\u00f1ado por una tercera pantalla de 5 pulgadas solo para el control del clima. Es un espacio donde la tecnolog\u00eda no abruma, sino que acompa\u00f1a.<\/p>\n<figure aria-describedby=\"caption-attachment-2952\" class=\"wp-caption alignnone\"><img decoding=\"async\" class=\"wp-image-2952 size-full\" src=\"https:\/\/puravelocidad.com\/wp-content\/uploads\/2025\/04\/23097_2026_EV4.jpg\" alt=\"\" width=\"1350\" height=\"900\"><figcaption class=\"wp-caption-text\">Kia EV4 2026 Interior<\/figcaption><\/figure>\n<p class=\"\" data-start=\"1969\" data-end=\"2236\">Los materiales, la ergonom\u00eda y hasta la iluminaci\u00f3n ambiental (con 64 colores disponibles) transmiten una sensaci\u00f3n premium sin exagerar. Y lo que me encant\u00f3: espacio de sobra tanto para pasajeros como para equipaje, algo que a veces se sacrifica en los EV compactos.<\/p>\n<figure aria-describedby=\"caption-attachment-2953\" class=\"wp-caption alignnone\"><img loading=\"lazy\" decoding=\"async\" loading=\"lazy\" class=\"wp-image-2953 size-full\" src=\"https:\/\/puravelocidad.com\/wp-content\/uploads\/2025\/04\/23096_2026_EV4.jpg\" alt=\"\" width=\"1350\" height=\"900\"><figcaption class=\"wp-caption-text\">Kia EV4 2026 Display digital de 30 inches (76com)<\/figcaption><\/figure>\n<figure aria-describedby=\"caption-attachment-2954\" class=\"wp-caption alignnone\"><img loading=\"lazy\" decoding=\"async\" loading=\"lazy\" class=\"wp-image-2954 size-full\" src=\"https:\/\/puravelocidad.com\/wp-content\/uploads\/2025\/04\/23089_2026_EV4.jpg\" alt=\"\" width=\"1350\" height=\"900\"><figcaption class=\"wp-caption-text\">Kia EV4 2026 Interior palanca de cambios<\/figcaption><\/figure>\n<h2 class=\"\" data-start=\"2238\" data-end=\"2288\">Motorizaci\u00f3n y desempe\u00f1o: m\u00e1s de lo que esperas<\/h2>\n<p class=\"\" data-start=\"2290\" data-end=\"2588\">El EV4 estar\u00e1 disponible con dos paquetes de bater\u00eda: 58.3 kWh para la versi\u00f3n Light (con 235 millas estimadas de autonom\u00eda) y 81.4 kWh para las versiones Wind y GT-Line, con una autonom\u00eda de hasta 330 millas seg\u00fan Kia. Todas con tracci\u00f3n delantera y un motor de 150 kW (equivalente a unos 201 hp).<\/p>\n<p class=\"\" data-start=\"2590\" data-end=\"2897\">No es un b\u00f3lido de pista, pero su aceleraci\u00f3n es lineal, contundente y con ese silencio absoluto que te hace pensar que est\u00e1s flotando. Tambi\u00e9n incorpora la \u00faltima versi\u00f3n del sistema de un solo pedal \u201ci-Pedal 3.0\u201d, que permite frenar y acelerar solo con el pie derecho, y ahora incluso funciona en reversa.<\/p>\n<figure aria-describedby=\"caption-attachment-2951\" class=\"wp-caption alignnone\"><img loading=\"lazy\" decoding=\"async\" loading=\"lazy\" class=\"wp-image-2951 size-full\" src=\"https:\/\/puravelocidad.com\/wp-content\/uploads\/2025\/04\/23080_2026_EV4.jpg\" alt=\"\" width=\"1350\" height=\"900\"><figcaption class=\"wp-caption-text\">Kia EV4 2026 frente vanguardista<\/figcaption><\/figure>\n<h2 class=\"\" data-start=\"2899\" data-end=\"2938\">Carga, conectividad y vida el\u00e9ctrica<\/h2>\n<p class=\"\" data-start=\"2940\" data-end=\"3291\">El EV4 se carga del 10 al 80% en tan solo 29 o 31 minutos dependiendo del tama\u00f1o de bater\u00eda, y trae de serie el conector NACS, lo que le da acceso a la red de Supe cargadores de Tesla. Y para quienes como yo viven con laptops, c\u00e1maras o luces encima, tiene funci\u00f3n V2L (Vehicle-to-Load), para cargar directamente dispositivos el\u00e9ctricos desde el auto.<\/p>\n<p class=\"\" data-start=\"3293\" data-end=\"3497\">En cuanto a tecnolog\u00eda, no pod\u00eda faltar Digital Key 2.0 (abr\u00eds el auto con el celular), comandos por voz potenciados por IA y actualizaciones OTA. Todo pensado para hacer la vida m\u00e1s sencilla y conectada.<\/p>\n<figure aria-describedby=\"caption-attachment-2955\" class=\"wp-caption alignnone\"><img loading=\"lazy\" decoding=\"async\" loading=\"lazy\" class=\"wp-image-2955 size-full\" src=\"https:\/\/puravelocidad.com\/wp-content\/uploads\/2025\/04\/23087_2026_EV4.jpg\" alt=\"\" width=\"1350\" height=\"900\"><figcaption class=\"wp-caption-text\">Kia EV4 2026 interior, conectividad inal\u00e1mbrica<\/figcaption><\/figure>\n<h2 class=\"\" data-start=\"3499\" data-end=\"3537\">Seguridad y asistencia al conductor<\/h2>\n<p class=\"\" data-start=\"3539\" data-end=\"3819\">El EV4 no escatima en seguridad: trae de serie el sistema Highway Driving Assist (HDA), manos sobre el volante detectadas por sensores, frenado aut\u00f3nomo, mantenimiento de carril, alerta de atenci\u00f3n del conductor, y asistencias avanzadas como estacionamiento remoto. Todo el combo.<\/p>\n<h2 class=\"\" data-start=\"3826\" data-end=\"3902\">Conclusi\u00f3n: el Kia EV4 no busca parecerse a nadie, y eso lo hace destacar<\/h2>\n<p class=\"\" data-start=\"3904\" data-end=\"4163\">Lo que m\u00e1s me gust\u00f3 del EV4 es que no intenta copiar a los sedanes el\u00e9ctricos de lujo ni a los crossovers de moda. Tiene su propia identidad. Es un auto para quienes quieren subirse a la ola el\u00e9ctrica sin renunciar al dise\u00f1o, la funcionalidad y el buen gusto.<\/p>\n<p class=\"\" data-start=\"4165\" data-end=\"4343\">\u00bfEs este el sed\u00e1n el\u00e9ctrico que finalmente va a enamorar a los que a\u00fan dudan del cambio? Puede que s\u00ed. Yo al menos, despu\u00e9s de verlo y conocerlo de cerca, lo pondr\u00eda en mi lista.<\/p>\n<h3 data-start=\"4165\" data-end=\"4343\"><strong>Quiz\u00e1s te pueda interesar un SUV full el\u00e9ctrico de Kia: <\/strong><a href=\"https:\/\/puravelocidad.com\/kia-ev9-nightfall-edition\/\">Kia EV9 Nightfall Edition<\/a><\/h3>\n<h3>o el nuevo hatchaback k4 de gasolina 2.0 o 1.6 turbo: <a href=\"https:\/\/puravelocidad.com\/kia-k4-hatchback-2026\/\">Kia K4 Hatchback 2026<\/a><\/h3>\n<h3><a href=\"https:\/\/www.kia.com\/mx\/main.html\">Kia Web Site<\/a><\/h3>\n<p><em><strong>Comenta que piensas de los nuevos lanzamientos de KIA, siguenos en Instagram: @pura.velocidad<\/strong><\/em><\/p>\n<p>The post <a href=\"https:\/\/puravelocidad.com\/kia-ev4-2026-new-york-auto-show-2025\/\">New York Auto Show 2025: Kia EV4 2026 su primer EV global<\/a> appeared first on <a href=\"https:\/\/puravelocidad.com\/\">Pura Velocidad<\/a>.<\/p>\n","protected":false},"author":0,"featured_media":2315,"comment_status":"open","ping_status":"open","sticky":false,"template":"","format":"standard","meta":{"footnotes":""},"categories":[9],"tags":[],"class_list":["post-2314","post","type-post","status-publish","format-standard","has-post-thumbnail","hentry","category-lonuevo-puravelocid-ad"],"cmb2":{"poster_feature_image":{"vid_m_player_background":"","vid_m_poster_image":"","vid_m_poster_image_id":""},"gif_feature_image":{"vid_m_gif_image":"","vid_m_gif_image_id":""},"video_movie_settings":{"vid_m_director":"","vid_m_actor":"","vid_m_imdb_ratings":"","vid_m_amazon_associates":"","vid_m_vid_tmdb_movie":"","vid_m_vid_tmdb_tv_shows":"","vid_m_vid_tmdb_thumb":""},"vid_ads_m_videoads_settings_post":{"vid_ads_m_video_ads":"","vid_ads_m_video_ads_type":"","vid_ads_m_group_google_ima":"","vid_ads_m_group_image":"","vid_ads_m_group_html5_video":"","vid_ads_m_group_html":"","vid_ads_m_vpaid_mode":"","vid_ads_m_vast_preroll":"","vid_ads_m_vast_postroll":"","vid_ads_m_vast_pauseroll":"","vid_ads_m_vast_midroll":"","vid_ads_m_group_dynamic":"","vid_ads_m_time_to_show_ads":"","vid_ads_m_time_skip_ads":"","vid_ads_m_time_to_hide_ads":""},"feature_image_settings":{"feature_image_position":""},"video_player_settings":{"single_video_style":"","video_player_position":"","vm_video_url_btn_choose":"","vm_video_url_btn_choose_id":"","vm_video_url":"","vm_video_ratio":"","vm_video_ratio_mobile":"","video_player_library":"","plyr_player":"","video_streaming":"","vm_video_shortcode":"","vm_video_timelapse":"","vm_media_subtitles":"","vm_media_sources":"","vid_vtt_preview":"","vid_vtt_preview_vtt_file":"","vid_vtt_preview_vtt_file_id":"","vid_vtt_preview_sprite_image":"","vid_vtt_preview_sprite_image_id":"","vid_auto_play":"","vid_preview_mode":"","vm_video_trailer_manl_url":"","vm_screenshot_preview":"","vid_tags":"","vid_p_sync_playlist":"","vid_c_sync_channel":"","get_post_format":"","multiple_links_structure":"","multi_links_title":"","original_video_title":"","multi_links_series":"","vm_video_multi_links":"","vm_duration":"","vid_social_locker":"","vid_locker_mode":"","vid_social_locker_id":"","vid_social_email_locker_id":"","vid_social_signin_locker_id":"","sv_login_to_watch":"","vid_membership_action":"","vm_video_trailer_url":"","vid_download_type":"","vid_download_target":"","vid_woo_product":"","vid_download_mode":"","vid_download_mode_trailer":"","vm_media_download":"","user_rating":"","user_rating_position":"","user_rating_mode":"","user_rating_multi_sets":"","ads_above_single_player":""},"video_auto_fetch_settings":{"vm_video_fetch":""},"video_fake_views_likes":{"vm_fake_views":"","vm_fake_likes":"","vm_fake_dislikes":""},"gallery_settings":{"gallery_position":""},"quote_settings":{"quote_position":""},"post_options":{"main_layout":"","main_logo":"","main_logo_id":"","main_logo_retina":"","main_logo_retina_id":"","main_logo_mobile":"","main_logo_mobile_id":"","main_logo_mobile_retina":"","main_logo_mobile_retina_id":"","sticky_logo":"","sticky_logo_id":"","sticky_logo_retina":"","sticky_logo_retina_id":"","main_nav_layout":"","header_background":"","theme_sidebar":"","single_post_comment_type":"","theme_background":""}},"rttpg_featured_image_url":{"full":["https:\/\/tutarotero.com\/tv\/wp-content\/uploads\/2025\/04\/23105_2026_EV4-vloNum.jpg",1350,900,false],"landscape":["https:\/\/tutarotero.com\/tv\/wp-content\/uploads\/2025\/04\/23105_2026_EV4-vloNum.jpg",1350,900,false],"portraits":["https:\/\/tutarotero.com\/tv\/wp-content\/uploads\/2025\/04\/23105_2026_EV4-vloNum.jpg",1350,900,false],"thumbnail":["https:\/\/tutarotero.com\/tv\/wp-content\/uploads\/2025\/04\/23105_2026_EV4-vloNum-150x150.jpg",150,150,true],"medium":["https:\/\/tutarotero.com\/tv\/wp-content\/uploads\/2025\/04\/23105_2026_EV4-vloNum-300x200.jpg",300,200,true],"large":["https:\/\/tutarotero.com\/tv\/wp-content\/uploads\/2025\/04\/23105_2026_EV4-vloNum-1024x683.jpg",640,427,true],"1536x1536":["https:\/\/tutarotero.com\/tv\/wp-content\/uploads\/2025\/04\/23105_2026_EV4-vloNum.jpg",1350,900,false],"2048x2048":["https:\/\/tutarotero.com\/tv\/wp-content\/uploads\/2025\/04\/23105_2026_EV4-vloNum.jpg",1350,900,false],"vidorev_thumb_1x1_0x":["https:\/\/tutarotero.com\/tv\/wp-content\/uploads\/2025\/04\/23105_2026_EV4-vloNum-60x60.jpg",60,60,true],"vidorev_thumb_1x1_1x":["https:\/\/tutarotero.com\/tv\/wp-content\/uploads\/2025\/04\/23105_2026_EV4-vloNum-100x100.jpg",100,100,true],"vidorev_thumb_1x1_2x":["https:\/\/tutarotero.com\/tv\/wp-content\/uploads\/2025\/04\/23105_2026_EV4-vloNum-200x200.jpg",200,200,true],"vidorev_thumb_1x1_3x":["https:\/\/tutarotero.com\/tv\/wp-content\/uploads\/2025\/04\/23105_2026_EV4-vloNum-268x268.jpg",268,268,true],"vidorev_thumb_2point7x1_1x":["https:\/\/tutarotero.com\/tv\/wp-content\/uploads\/2025\/04\/23105_2026_EV4-vloNum-346x130.jpg",346,130,true],"vidorev_thumb_2point7x1_2x":["https:\/\/tutarotero.com\/tv\/wp-content\/uploads\/2025\/04\/23105_2026_EV4-vloNum-568x213.jpg",568,213,true],"vidorev_thumb_2point7x1_3x":["https:\/\/tutarotero.com\/tv\/wp-content\/uploads\/2025\/04\/23105_2026_EV4-vloNum-1136x426.jpg",1136,426,true],"vidorev_thumb_4x3_0point5x":["https:\/\/tutarotero.com\/tv\/wp-content\/uploads\/2025\/04\/23105_2026_EV4-vloNum-282x212.jpg",282,212,true],"vidorev_thumb_4x3_1point5x":["https:\/\/tutarotero.com\/tv\/wp-content\/uploads\/2025\/04\/23105_2026_EV4-vloNum-568x426.jpg",568,426,true],"vidorev_thumb_2x3_0point3x":["https:\/\/tutarotero.com\/tv\/wp-content\/uploads\/2025\/04\/23105_2026_EV4-vloNum-60x90.jpg",60,90,true],"vidorev_thumb_16x9_0x":["https:\/\/tutarotero.com\/tv\/wp-content\/uploads\/2025\/04\/23105_2026_EV4-vloNum-236x133.jpg",236,133,true],"vidorev_thumb_16x9_1x":["https:\/\/tutarotero.com\/tv\/wp-content\/uploads\/2025\/04\/23105_2026_EV4-vloNum-360x203.jpg",360,203,true],"vidorev_thumb_16x9_2x":["https:\/\/tutarotero.com\/tv\/wp-content\/uploads\/2025\/04\/23105_2026_EV4-vloNum-750x422.jpg",750,422,true],"vidorev_thumb_16x9_3x":["https:\/\/tutarotero.com\/tv\/wp-content\/uploads\/2025\/04\/23105_2026_EV4-vloNum-1350x844.jpg",1350,844,true],"vidorev_thumb_4x3_1x":["https:\/\/tutarotero.com\/tv\/wp-content\/uploads\/2025\/04\/23105_2026_EV4-vloNum-360x270.jpg",360,270,true],"vidorev_thumb_4x3_2x":["https:\/\/tutarotero.com\/tv\/wp-content\/uploads\/2025\/04\/23105_2026_EV4-vloNum-720x540.jpg",720,540,true],"vidorev_thumb_4x3_3x":["https:\/\/tutarotero.com\/tv\/wp-content\/uploads\/2025\/04\/23105_2026_EV4-vloNum-1200x900.jpg",1200,900,true],"vidorev_thumb_2x3_0x":["https:\/\/tutarotero.com\/tv\/wp-content\/uploads\/2025\/04\/23105_2026_EV4-vloNum-165x248.jpg",165,248,true],"vidorev_thumb_2x3_1x":["https:\/\/tutarotero.com\/tv\/wp-content\/uploads\/2025\/04\/23105_2026_EV4-vloNum-360x540.jpg",360,540,true],"vidorev_thumb_2x3_2x":["https:\/\/tutarotero.com\/tv\/wp-content\/uploads\/2025\/04\/23105_2026_EV4-vloNum-600x900.jpg",600,900,true]},"rttpg_author":{"display_name":"","author_link":"https:\/\/tutarotero.com\/tv\/?author=0"},"rttpg_comment":0,"rttpg_category":"<a href=\"https:\/\/tutarotero.com\/tv\/?cat=9\" rel=\"category\">Lo nuevo<\/a>","rttpg_excerpt":"Kia EV4 2026, el sed\u00e1n el\u00e9ctrico que te hace pensar dos veces antes de volver a manejar gasolina Auto Show de Nueva York 2025 | PuraVelocidad.com En New York la empresa Sur Corea presenta el Kia EV4 2026, su primer sed\u00e1n 100% el\u00e9ctrico a nivel global, supe que ten\u00eda que conocerlo de cerca. Hoy, desde&hellip;","_links":{"self":[{"href":"https:\/\/tutarotero.com\/tv\/index.php?rest_route=\/wp\/v2\/posts\/2314","targetHints":{"allow":["GET"]}}],"collection":[{"href":"https:\/\/tutarotero.com\/tv\/index.php?rest_route=\/wp\/v2\/posts"}],"about":[{"href":"https:\/\/tutarotero.com\/tv\/index.php?rest_route=\/wp\/v2\/types\/post"}],"replies":[{"embeddable":true,"href":"https:\/\/tutarotero.com\/tv\/index.php?rest_route=%2Fwp%2Fv2%2Fcomments&post=2314"}],"version-history":[{"count":0,"href":"https:\/\/tutarotero.com\/tv\/index.php?rest_route=\/wp\/v2\/posts\/2314\/revisions"}],"wp:featuredmedia":[{"embeddable":true,"href":"https:\/\/tutarotero.com\/tv\/index.php?rest_route=\/wp\/v2\/media\/2315"}],"wp:attachment":[{"href":"https:\/\/tutarotero.com\/tv\/index.php?rest_route=%2Fwp%2Fv2%2Fmedia&parent=2314"}],"wp:term":[{"taxonomy":"category","embeddable":true,"href":"https:\/\/tutarotero.com\/tv\/index.php?rest_route=%2Fwp%2Fv2%2Fcategories&post=2314"},{"taxonomy":"post_tag","embeddable":true,"href":"https:\/\/tutarotero.com\/tv\/index.php?rest_route=%2Fwp%2Fv2%2Ftags&post=2314"}],"curies":[{"name":"wp","href":"https:\/\/api.w.org\/{rel}","templated":true}]}}