{"id":2324,"date":"2025-04-24T17:10:16","date_gmt":"2025-04-24T17:10:16","guid":{"rendered":"https:\/\/tutarotero.com\/tv\/?p=2324"},"modified":"2025-04-24T17:10:16","modified_gmt":"2025-04-24T17:10:16","slug":"mercedes-benz-vision-v-con-siete-experiencias-sensoriales","status":"publish","type":"post","link":"https:\/\/tutarotero.com\/tv\/?p=2324","title":{"rendered":"Mercedes-Benz Vision V con siete experiencias sensoriales"},"content":{"rendered":"<h2 class=\"\" data-start=\"261\" data-end=\"331\">Mercedes-Benz Vision V redefiniendo el lujo el\u00e9ctrico sobre ruedas<\/h2>\n<p class=\"\" data-start=\"333\" data-end=\"648\">El <strong data-start=\"256\" data-end=\"282\">Mercedes-Benz Vision V<\/strong> es mucho m\u00e1s que una van: es una declaraci\u00f3n audaz del futuro del lujo automotriz. Presentado en el <strong data-start=\"36\" data-end=\"58\">Auto Show Shanghai 2025<\/strong>,, este prototipo redefine lo que esperamos de un MPV el\u00e9ctrico, combinando elegancia, espacio tipo sal\u00f3n y una experiencia digital envolvente sin precedentes.<\/p>\n<h2 data-start=\"650\" data-end=\"689\">Un sal\u00f3n rodante que rompe esquemas<\/h2>\n<p class=\"\" data-start=\"691\" data-end=\"1014\">Desde afuera, el <em><strong>Mercedes-Benz Vision V<\/strong><\/em> parece esculpido por el viento. L\u00edneas fluidas, proporciones imponentes y detalles de iluminaci\u00f3n LED que envuelven la carrocer\u00eda con un aura tecnol\u00f3gica. La pintura Alubeam antracita brillante y las llantas de 24 pulgadas con lamas iluminadas elevan el conjunto a una categor\u00eda est\u00e9tica superior.<\/p>\n<figure aria-describedby=\"caption-attachment-2966\" class=\"wp-caption alignnone\"><img loading=\"lazy\" decoding=\"async\" loading=\"lazy\" class=\"wp-image-2966 size-full\" src=\"https:\/\/puravelocidad.com\/wp-content\/uploads\/2025\/04\/25C0024_058-1200x800-1.jpg\" alt=\"\" width=\"1200\" height=\"800\"><figcaption class=\"wp-caption-text\">Mercedes-Benz Vision\u00a0<\/figcaption><\/figure>\n<p class=\"\" data-start=\"1016\" data-end=\"1420\">Pero es al abrir su enorme puerta autom\u00e1tica \u2014y s\u00ed, con estribo iluminado retr\u00e1ctil\u2014 donde realmente comienza el viaje sensorial. El interior es un aut\u00e9ntico \u201cPrivate Lounge\u201d. Un espacio inspirado en un sal\u00f3n de lujo donde el cuero napa blanco cristal se mezcla con madera de ra\u00edz de poro abierto, aluminio pulido y detalles de dise\u00f1o que no parecen sacados de un auto, sino de una boutique de alta gama.<\/p>\n<h2 data-start=\"1422\" data-end=\"1463\">Tecnolog\u00eda inmersiva como nunca antes<\/h2>\n<p class=\"\" data-start=\"1465\" data-end=\"1828\">\u00bf<em><strong>Una pantalla de 65 pulgadas que emerge del suelo con funci\u00f3n de cine 4K y sonido envolvente Dolby Atmos con 42 parlantes<\/strong><\/em>? S\u00ed, lo le\u00edste bien. Y si le sumamos siete proyectores que transforman el entorno en una experiencia 360\u00b0 e iluminaci\u00f3n ambiental que vibra al ritmo de la m\u00fasica, estamos hablando de una cabina m\u00e1s avanzada que muchas salas de cine modernas.<\/p>\n<figure aria-describedby=\"caption-attachment-2967\" class=\"wp-caption alignnone\"><img loading=\"lazy\" decoding=\"async\" loading=\"lazy\" class=\"wp-image-2967 size-full\" src=\"https:\/\/puravelocidad.com\/wp-content\/uploads\/2025\/04\/25C0024_009-1200x800-1.jpg\" alt=\"\" width=\"1200\" height=\"800\"><figcaption class=\"wp-caption-text\">Mercedes-Benz Vision V<\/figcaption><\/figure>\n<p class=\"\" data-start=\"1830\" data-end=\"2134\">Adem\u00e1s, este Mercedes no se queda solo en el espect\u00e1culo visual: los asientos se reclinan como butacas de primera clase, los cristales pueden volverse opacos con solo tocar un bot\u00f3n, y la consola central es tambi\u00e9n una mesa de ajedrez retr\u00e1ctil. El nivel de detalle y sofisticaci\u00f3n es simplemente irreal.<\/p>\n<figure aria-describedby=\"caption-attachment-2970\" class=\"wp-caption alignnone\"><img loading=\"lazy\" decoding=\"async\" loading=\"lazy\" class=\"wp-image-2970 size-full\" src=\"https:\/\/puravelocidad.com\/wp-content\/uploads\/2025\/04\/25C0024_015-1200x800-1.jpg\" alt=\"\" width=\"1200\" height=\"800\"><figcaption class=\"wp-caption-text\">Mercedes-Benz Vision\u00a0<\/figcaption><\/figure>\n<h2 data-start=\"2136\" data-end=\"2190\">M\u00e1s que transporte: Siete experiencias sensoriales<\/h2>\n<p class=\"\" data-start=\"2192\" data-end=\"2545\">Mercedes-Benz propone en el Vision V siete \u201cmundos digitales\u201d, donde puedes ver una pel\u00edcula, relajarte con paisajes hipn\u00f3ticos, trabajar con video llamadas en marcha, jugar, comprar online, explorar el entorno con realidad aumentada\u2026 o simplemente cantar karaoke en movimiento. Todo est\u00e1 dise\u00f1ado para que cada trayecto se transforme en una experiencia.<\/p>\n<figure aria-describedby=\"caption-attachment-2968\" class=\"wp-caption alignnone\"><img loading=\"lazy\" decoding=\"async\" loading=\"lazy\" class=\"wp-image-2968 size-full\" src=\"https:\/\/puravelocidad.com\/wp-content\/uploads\/2025\/04\/25C0024_039-1200x800-1.jpg\" alt=\"\" width=\"1200\" height=\"800\"><figcaption class=\"wp-caption-text\">Mercedes-Benz Vision interior<\/figcaption><\/figure>\n<figure aria-describedby=\"caption-attachment-2969\" class=\"wp-caption alignnone\"><img loading=\"lazy\" decoding=\"async\" loading=\"lazy\" class=\"wp-image-2969 size-full\" src=\"https:\/\/puravelocidad.com\/wp-content\/uploads\/2025\/04\/25C0024_027-1200x800-1.jpg\" alt=\"\" width=\"1200\" height=\"800\"><figcaption class=\"wp-caption-text\">Mercedes-Benz Vision interior<\/figcaption><\/figure>\n<h2 data-start=\"2547\" data-end=\"2603\">.EA: La arquitectura el\u00e9ctrica que lo cambia todo<\/h2>\n<p class=\"\" data-start=\"2605\" data-end=\"2924\">Este prototipo representa el inicio de una nueva plataforma modular y escalable que llegar\u00e1 a producci\u00f3n en 2026. Su nombre es VAN.EA, y ser\u00e1 la base de los futuros MPVs el\u00e9ctricos de lujo de Mercedes. Desde transporte ejecutivo hasta veh\u00edculos familiares de alta gama, esta arquitectura abre un mundo de posibilidades.<\/p>\n<h3 data-start=\"2605\" data-end=\"2924\">\u00bfTe gust\u00f3 este art\u00edculo?<\/h3>\n<h3 data-start=\"2605\" data-end=\"2924\">Comenta, comp\u00e1rtelo y s\u00edguenos para m\u00e1s lanzamientos y an\u00e1lisis del mundo automotriz con pasion y detalle.<\/h3>\n<h4>\u00a0<a href=\"https:\/\/www.instagram.com\/pura.velocidad\/?hl=en\">Instagram<\/a> @pura.velocidad<\/h4>\n<h4>Tambien te puede interesar leer:\u00a0 <a href=\"https:\/\/puravelocidad.com\/genesis-x-gran-equator\/\">Genesis X Gran Equator Concept<\/a><\/h4>\n<p><a href=\"https:\/\/www.mbusa.com\/en\/eq-electric-cars\">Mercedes Benz Web Site (vehiculos electricos)<\/a><\/p>\n<p data-start=\"2605\" data-end=\"2924\">\n<p>The post <a href=\"https:\/\/puravelocidad.com\/mercedes-benz-vision-v-con-siete-experiencias-sensoriales\/\">Mercedes-Benz Vision V con siete experiencias sensoriales<\/a> appeared first on <a href=\"https:\/\/puravelocidad.com\/\">Pura Velocidad<\/a>.<\/p>\n","protected":false},"excerpt":{"rendered":"<h2 class=\"\" data-start=\"261\" data-end=\"331\">Mercedes-Benz Vision V redefiniendo el lujo el\u00e9ctrico sobre ruedas<\/h2>\n<p class=\"\" data-start=\"333\" data-end=\"648\">El <strong data-start=\"256\" data-end=\"282\">Mercedes-Benz Vision V<\/strong> es mucho m\u00e1s que una van: es una declaraci\u00f3n audaz del futuro del lujo automotriz. Presentado en el <strong data-start=\"36\" data-end=\"58\">Auto Show Shanghai 2025<\/strong>,, este prototipo redefine lo que esperamos de un MPV el\u00e9ctrico, combinando elegancia, espacio tipo sal\u00f3n y una experiencia digital envolvente sin precedentes.<\/p>\n<h2 data-start=\"650\" data-end=\"689\">Un sal\u00f3n rodante que rompe esquemas<\/h2>\n<p class=\"\" data-start=\"691\" data-end=\"1014\">Desde afuera, el <em><strong>Mercedes-Benz Vision V<\/strong><\/em> parece esculpido por el viento. L\u00edneas fluidas, proporciones imponentes y detalles de iluminaci\u00f3n LED que envuelven la carrocer\u00eda con un aura tecnol\u00f3gica. La pintura Alubeam antracita brillante y las llantas de 24 pulgadas con lamas iluminadas elevan el conjunto a una categor\u00eda est\u00e9tica superior.<\/p>\n<figure aria-describedby=\"caption-attachment-2966\" class=\"wp-caption alignnone\"><img loading=\"lazy\" decoding=\"async\" loading=\"lazy\" class=\"wp-image-2966 size-full\" src=\"https:\/\/puravelocidad.com\/wp-content\/uploads\/2025\/04\/25C0024_058-1200x800-1.jpg\" alt=\"\" width=\"1200\" height=\"800\"><figcaption class=\"wp-caption-text\">Mercedes-Benz Vision\u00a0<\/figcaption><\/figure>\n<p class=\"\" data-start=\"1016\" data-end=\"1420\">Pero es al abrir su enorme puerta autom\u00e1tica \u2014y s\u00ed, con estribo iluminado retr\u00e1ctil\u2014 donde realmente comienza el viaje sensorial. El interior es un aut\u00e9ntico \u201cPrivate Lounge\u201d. Un espacio inspirado en un sal\u00f3n de lujo donde el cuero napa blanco cristal se mezcla con madera de ra\u00edz de poro abierto, aluminio pulido y detalles de dise\u00f1o que no parecen sacados de un auto, sino de una boutique de alta gama.<\/p>\n<h2 data-start=\"1422\" data-end=\"1463\">Tecnolog\u00eda inmersiva como nunca antes<\/h2>\n<p class=\"\" data-start=\"1465\" data-end=\"1828\">\u00bf<em><strong>Una pantalla de 65 pulgadas que emerge del suelo con funci\u00f3n de cine 4K y sonido envolvente Dolby Atmos con 42 parlantes<\/strong><\/em>? S\u00ed, lo le\u00edste bien. Y si le sumamos siete proyectores que transforman el entorno en una experiencia 360\u00b0 e iluminaci\u00f3n ambiental que vibra al ritmo de la m\u00fasica, estamos hablando de una cabina m\u00e1s avanzada que muchas salas de cine modernas.<\/p>\n<figure aria-describedby=\"caption-attachment-2967\" class=\"wp-caption alignnone\"><img loading=\"lazy\" decoding=\"async\" loading=\"lazy\" class=\"wp-image-2967 size-full\" src=\"https:\/\/puravelocidad.com\/wp-content\/uploads\/2025\/04\/25C0024_009-1200x800-1.jpg\" alt=\"\" width=\"1200\" height=\"800\"><figcaption class=\"wp-caption-text\">Mercedes-Benz Vision V<\/figcaption><\/figure>\n<p class=\"\" data-start=\"1830\" data-end=\"2134\">Adem\u00e1s, este Mercedes no se queda solo en el espect\u00e1culo visual: los asientos se reclinan como butacas de primera clase, los cristales pueden volverse opacos con solo tocar un bot\u00f3n, y la consola central es tambi\u00e9n una mesa de ajedrez retr\u00e1ctil. El nivel de detalle y sofisticaci\u00f3n es simplemente irreal.<\/p>\n<figure aria-describedby=\"caption-attachment-2970\" class=\"wp-caption alignnone\"><img loading=\"lazy\" decoding=\"async\" loading=\"lazy\" class=\"wp-image-2970 size-full\" src=\"https:\/\/puravelocidad.com\/wp-content\/uploads\/2025\/04\/25C0024_015-1200x800-1.jpg\" alt=\"\" width=\"1200\" height=\"800\"><figcaption class=\"wp-caption-text\">Mercedes-Benz Vision\u00a0<\/figcaption><\/figure>\n<h2 data-start=\"2136\" data-end=\"2190\">M\u00e1s que transporte: Siete experiencias sensoriales<\/h2>\n<p class=\"\" data-start=\"2192\" data-end=\"2545\">Mercedes-Benz propone en el Vision V siete \u201cmundos digitales\u201d, donde puedes ver una pel\u00edcula, relajarte con paisajes hipn\u00f3ticos, trabajar con video llamadas en marcha, jugar, comprar online, explorar el entorno con realidad aumentada\u2026 o simplemente cantar karaoke en movimiento. Todo est\u00e1 dise\u00f1ado para que cada trayecto se transforme en una experiencia.<\/p>\n<figure aria-describedby=\"caption-attachment-2968\" class=\"wp-caption alignnone\"><img loading=\"lazy\" decoding=\"async\" loading=\"lazy\" class=\"wp-image-2968 size-full\" src=\"https:\/\/puravelocidad.com\/wp-content\/uploads\/2025\/04\/25C0024_039-1200x800-1.jpg\" alt=\"\" width=\"1200\" height=\"800\"><figcaption class=\"wp-caption-text\">Mercedes-Benz Vision interior<\/figcaption><\/figure>\n<figure aria-describedby=\"caption-attachment-2969\" class=\"wp-caption alignnone\"><img loading=\"lazy\" decoding=\"async\" loading=\"lazy\" class=\"wp-image-2969 size-full\" src=\"https:\/\/puravelocidad.com\/wp-content\/uploads\/2025\/04\/25C0024_027-1200x800-1.jpg\" alt=\"\" width=\"1200\" height=\"800\"><figcaption class=\"wp-caption-text\">Mercedes-Benz Vision interior<\/figcaption><\/figure>\n<h2 data-start=\"2547\" data-end=\"2603\">.EA: La arquitectura el\u00e9ctrica que lo cambia todo<\/h2>\n<p class=\"\" data-start=\"2605\" data-end=\"2924\">Este prototipo representa el inicio de una nueva plataforma modular y escalable que llegar\u00e1 a producci\u00f3n en 2026. Su nombre es VAN.EA, y ser\u00e1 la base de los futuros MPVs el\u00e9ctricos de lujo de Mercedes. Desde transporte ejecutivo hasta veh\u00edculos familiares de alta gama, esta arquitectura abre un mundo de posibilidades.<\/p>\n<h3 data-start=\"2605\" data-end=\"2924\">\u00bfTe gust\u00f3 este art\u00edculo?<\/h3>\n<h3 data-start=\"2605\" data-end=\"2924\">Comenta, comp\u00e1rtelo y s\u00edguenos para m\u00e1s lanzamientos y an\u00e1lisis del mundo automotriz con pasion y detalle.<\/h3>\n<h4>\u00a0<a href=\"https:\/\/www.instagram.com\/pura.velocidad\/?hl=en\">Instagram<\/a> @pura.velocidad<\/h4>\n<h4>Tambien te puede interesar leer:\u00a0 <a href=\"https:\/\/puravelocidad.com\/genesis-x-gran-equator\/\">Genesis X Gran Equator Concept<\/a><\/h4>\n<p><a href=\"https:\/\/www.mbusa.com\/en\/eq-electric-cars\">Mercedes Benz Web Site (vehiculos electricos)<\/a><\/p>\n<p data-start=\"2605\" data-end=\"2924\">\n<p>The post <a href=\"https:\/\/puravelocidad.com\/mercedes-benz-vision-v-con-siete-experiencias-sensoriales\/\">Mercedes-Benz Vision V con siete experiencias sensoriales<\/a> appeared first on <a href=\"https:\/\/puravelocidad.com\/\">Pura Velocidad<\/a>.<\/p>\n","protected":false},"author":0,"featured_media":2325,"comment_status":"open","ping_status":"open","sticky":false,"template":"","format":"standard","meta":{"footnotes":""},"categories":[9],"tags":[],"class_list":["post-2324","post","type-post","status-publish","format-standard","has-post-thumbnail","hentry","category-lonuevo-puravelocid-ad"],"cmb2":{"poster_feature_image":{"vid_m_player_background":"","vid_m_poster_image":"","vid_m_poster_image_id":""},"gif_feature_image":{"vid_m_gif_image":"","vid_m_gif_image_id":""},"video_movie_settings":{"vid_m_director":"","vid_m_actor":"","vid_m_imdb_ratings":"","vid_m_amazon_associates":"","vid_m_vid_tmdb_movie":"","vid_m_vid_tmdb_tv_shows":"","vid_m_vid_tmdb_thumb":""},"vid_ads_m_videoads_settings_post":{"vid_ads_m_video_ads":"","vid_ads_m_video_ads_type":"","vid_ads_m_group_google_ima":"","vid_ads_m_group_image":"","vid_ads_m_group_html5_video":"","vid_ads_m_group_html":"","vid_ads_m_vpaid_mode":"","vid_ads_m_vast_preroll":"","vid_ads_m_vast_postroll":"","vid_ads_m_vast_pauseroll":"","vid_ads_m_vast_midroll":"","vid_ads_m_group_dynamic":"","vid_ads_m_time_to_show_ads":"","vid_ads_m_time_skip_ads":"","vid_ads_m_time_to_hide_ads":""},"feature_image_settings":{"feature_image_position":""},"video_player_settings":{"single_video_style":"","video_player_position":"","vm_video_url_btn_choose":"","vm_video_url_btn_choose_id":"","vm_video_url":"","vm_video_ratio":"","vm_video_ratio_mobile":"","video_player_library":"","plyr_player":"","video_streaming":"","vm_video_shortcode":"","vm_video_timelapse":"","vm_media_subtitles":"","vm_media_sources":"","vid_vtt_preview":"","vid_vtt_preview_vtt_file":"","vid_vtt_preview_vtt_file_id":"","vid_vtt_preview_sprite_image":"","vid_vtt_preview_sprite_image_id":"","vid_auto_play":"","vid_preview_mode":"","vm_video_trailer_manl_url":"","vm_screenshot_preview":"","vid_tags":"","vid_p_sync_playlist":"","vid_c_sync_channel":"","get_post_format":"","multiple_links_structure":"","multi_links_title":"","original_video_title":"","multi_links_series":"","vm_video_multi_links":"","vm_duration":"","vid_social_locker":"","vid_locker_mode":"","vid_social_locker_id":"","vid_social_email_locker_id":"","vid_social_signin_locker_id":"","sv_login_to_watch":"","vid_membership_action":"","vm_video_trailer_url":"","vid_download_type":"","vid_download_target":"","vid_woo_product":"","vid_download_mode":"","vid_download_mode_trailer":"","vm_media_download":"","user_rating":"","user_rating_position":"","user_rating_mode":"","user_rating_multi_sets":"","ads_above_single_player":""},"video_auto_fetch_settings":{"vm_video_fetch":""},"video_fake_views_likes":{"vm_fake_views":"","vm_fake_likes":"","vm_fake_dislikes":""},"gallery_settings":{"gallery_position":""},"quote_settings":{"quote_position":""},"post_options":{"main_layout":"","main_logo":"","main_logo_id":"","main_logo_retina":"","main_logo_retina_id":"","main_logo_mobile":"","main_logo_mobile_id":"","main_logo_mobile_retina":"","main_logo_mobile_retina_id":"","sticky_logo":"","sticky_logo_id":"","sticky_logo_retina":"","sticky_logo_retina_id":"","main_nav_layout":"","header_background":"","theme_sidebar":"","single_post_comment_type":"","theme_background":""}},"rttpg_featured_image_url":{"full":["https:\/\/tutarotero.com\/tv\/wp-content\/uploads\/2025\/04\/25C0024_058-1200x800-1-eVDQvj.jpg",1200,800,false],"landscape":["https:\/\/tutarotero.com\/tv\/wp-content\/uploads\/2025\/04\/25C0024_058-1200x800-1-eVDQvj.jpg",1200,800,false],"portraits":["https:\/\/tutarotero.com\/tv\/wp-content\/uploads\/2025\/04\/25C0024_058-1200x800-1-eVDQvj.jpg",1200,800,false],"thumbnail":["https:\/\/tutarotero.com\/tv\/wp-content\/uploads\/2025\/04\/25C0024_058-1200x800-1-eVDQvj-150x150.jpg",150,150,true],"medium":["https:\/\/tutarotero.com\/tv\/wp-content\/uploads\/2025\/04\/25C0024_058-1200x800-1-eVDQvj-300x200.jpg",300,200,true],"large":["https:\/\/tutarotero.com\/tv\/wp-content\/uploads\/2025\/04\/25C0024_058-1200x800-1-eVDQvj-1024x683.jpg",640,427,true],"1536x1536":["https:\/\/tutarotero.com\/tv\/wp-content\/uploads\/2025\/04\/25C0024_058-1200x800-1-eVDQvj.jpg",1200,800,false],"2048x2048":["https:\/\/tutarotero.com\/tv\/wp-content\/uploads\/2025\/04\/25C0024_058-1200x800-1-eVDQvj.jpg",1200,800,false],"vidorev_thumb_1x1_0x":["https:\/\/tutarotero.com\/tv\/wp-content\/uploads\/2025\/04\/25C0024_058-1200x800-1-eVDQvj-60x60.jpg",60,60,true],"vidorev_thumb_1x1_1x":["https:\/\/tutarotero.com\/tv\/wp-content\/uploads\/2025\/04\/25C0024_058-1200x800-1-eVDQvj-100x100.jpg",100,100,true],"vidorev_thumb_1x1_2x":["https:\/\/tutarotero.com\/tv\/wp-content\/uploads\/2025\/04\/25C0024_058-1200x800-1-eVDQvj-200x200.jpg",200,200,true],"vidorev_thumb_1x1_3x":["https:\/\/tutarotero.com\/tv\/wp-content\/uploads\/2025\/04\/25C0024_058-1200x800-1-eVDQvj-268x268.jpg",268,268,true],"vidorev_thumb_2point7x1_1x":["https:\/\/tutarotero.com\/tv\/wp-content\/uploads\/2025\/04\/25C0024_058-1200x800-1-eVDQvj-346x130.jpg",346,130,true],"vidorev_thumb_2point7x1_2x":["https:\/\/tutarotero.com\/tv\/wp-content\/uploads\/2025\/04\/25C0024_058-1200x800-1-eVDQvj-568x213.jpg",568,213,true],"vidorev_thumb_2point7x1_3x":["https:\/\/tutarotero.com\/tv\/wp-content\/uploads\/2025\/04\/25C0024_058-1200x800-1-eVDQvj-1136x426.jpg",1136,426,true],"vidorev_thumb_4x3_0point5x":["https:\/\/tutarotero.com\/tv\/wp-content\/uploads\/2025\/04\/25C0024_058-1200x800-1-eVDQvj-282x212.jpg",282,212,true],"vidorev_thumb_4x3_1point5x":["https:\/\/tutarotero.com\/tv\/wp-content\/uploads\/2025\/04\/25C0024_058-1200x800-1-eVDQvj-568x426.jpg",568,426,true],"vidorev_thumb_2x3_0point3x":["https:\/\/tutarotero.com\/tv\/wp-content\/uploads\/2025\/04\/25C0024_058-1200x800-1-eVDQvj-60x90.jpg",60,90,true],"vidorev_thumb_16x9_0x":["https:\/\/tutarotero.com\/tv\/wp-content\/uploads\/2025\/04\/25C0024_058-1200x800-1-eVDQvj-236x133.jpg",236,133,true],"vidorev_thumb_16x9_1x":["https:\/\/tutarotero.com\/tv\/wp-content\/uploads\/2025\/04\/25C0024_058-1200x800-1-eVDQvj-360x203.jpg",360,203,true],"vidorev_thumb_16x9_2x":["https:\/\/tutarotero.com\/tv\/wp-content\/uploads\/2025\/04\/25C0024_058-1200x800-1-eVDQvj-750x422.jpg",750,422,true],"vidorev_thumb_16x9_3x":["https:\/\/tutarotero.com\/tv\/wp-content\/uploads\/2025\/04\/25C0024_058-1200x800-1-eVDQvj.jpg",1200,800,false],"vidorev_thumb_4x3_1x":["https:\/\/tutarotero.com\/tv\/wp-content\/uploads\/2025\/04\/25C0024_058-1200x800-1-eVDQvj-360x270.jpg",360,270,true],"vidorev_thumb_4x3_2x":["https:\/\/tutarotero.com\/tv\/wp-content\/uploads\/2025\/04\/25C0024_058-1200x800-1-eVDQvj-720x540.jpg",720,540,true],"vidorev_thumb_4x3_3x":["https:\/\/tutarotero.com\/tv\/wp-content\/uploads\/2025\/04\/25C0024_058-1200x800-1-eVDQvj.jpg",1200,800,false],"vidorev_thumb_2x3_0x":["https:\/\/tutarotero.com\/tv\/wp-content\/uploads\/2025\/04\/25C0024_058-1200x800-1-eVDQvj-165x248.jpg",165,248,true],"vidorev_thumb_2x3_1x":["https:\/\/tutarotero.com\/tv\/wp-content\/uploads\/2025\/04\/25C0024_058-1200x800-1-eVDQvj-360x540.jpg",360,540,true],"vidorev_thumb_2x3_2x":["https:\/\/tutarotero.com\/tv\/wp-content\/uploads\/2025\/04\/25C0024_058-1200x800-1-eVDQvj-600x800.jpg",600,800,true]},"rttpg_author":{"display_name":"","author_link":"https:\/\/tutarotero.com\/tv\/?author=0"},"rttpg_comment":0,"rttpg_category":"<a href=\"https:\/\/tutarotero.com\/tv\/?cat=9\" rel=\"category\">Lo nuevo<\/a>","rttpg_excerpt":"Mercedes-Benz Vision V redefiniendo el lujo el\u00e9ctrico sobre ruedas El Mercedes-Benz Vision V es mucho m\u00e1s que una van: es una declaraci\u00f3n audaz del futuro del lujo automotriz. Presentado en el Auto Show Shanghai 2025,, este prototipo redefine lo que esperamos de un MPV el\u00e9ctrico, combinando elegancia, espacio tipo sal\u00f3n y una experiencia digital envolvente&hellip;","_links":{"self":[{"href":"https:\/\/tutarotero.com\/tv\/index.php?rest_route=\/wp\/v2\/posts\/2324","targetHints":{"allow":["GET"]}}],"collection":[{"href":"https:\/\/tutarotero.com\/tv\/index.php?rest_route=\/wp\/v2\/posts"}],"about":[{"href":"https:\/\/tutarotero.com\/tv\/index.php?rest_route=\/wp\/v2\/types\/post"}],"replies":[{"embeddable":true,"href":"https:\/\/tutarotero.com\/tv\/index.php?rest_route=%2Fwp%2Fv2%2Fcomments&post=2324"}],"version-history":[{"count":0,"href":"https:\/\/tutarotero.com\/tv\/index.php?rest_route=\/wp\/v2\/posts\/2324\/revisions"}],"wp:featuredmedia":[{"embeddable":true,"href":"https:\/\/tutarotero.com\/tv\/index.php?rest_route=\/wp\/v2\/media\/2325"}],"wp:attachment":[{"href":"https:\/\/tutarotero.com\/tv\/index.php?rest_route=%2Fwp%2Fv2%2Fmedia&parent=2324"}],"wp:term":[{"taxonomy":"category","embeddable":true,"href":"https:\/\/tutarotero.com\/tv\/index.php?rest_route=%2Fwp%2Fv2%2Fcategories&post=2324"},{"taxonomy":"post_tag","embeddable":true,"href":"https:\/\/tutarotero.com\/tv\/index.php?rest_route=%2Fwp%2Fv2%2Ftags&post=2324"}],"curies":[{"name":"wp","href":"https:\/\/api.w.org\/{rel}","templated":true}]}}