{"id":2431,"date":"2025-05-28T17:12:52","date_gmt":"2025-05-28T17:12:52","guid":{"rendered":"https:\/\/tutarotero.com\/tv\/?p=2431"},"modified":"2025-05-28T17:12:52","modified_gmt":"2025-05-28T17:12:52","slug":"bmw-m2-cs-2026-sensaciones-puras-sin-anestesia","status":"publish","type":"post","link":"https:\/\/tutarotero.com\/tv\/?p=2431","title":{"rendered":"BMW M2 CS 2026: sensaciones puras, sin anestesia"},"content":{"rendered":"<p data-start=\"241\" data-end=\"610\">Hay autos que te hacen sonre\u00edr cuando los miras. Otros, cuando los manejas. Y luego est\u00e1 el nuevo <strong data-start=\"339\" data-end=\"357\">BMW M2 CS 2026<\/strong>, que logra ambas cosas al mismo tiempo\u2026 y mucho m\u00e1s. Este peque\u00f1o monstruo b\u00e1varo, forjado entre la pasi\u00f3n de la ingenier\u00eda M y la herencia de los coup\u00e9s deportivos compactos, se siente como un auto dise\u00f1ado para arrancarte emociones sin pedir permiso.<\/p>\n<h2 data-start=\"612\" data-end=\"658\">Potencia con alma: el S58 llevado al l\u00edmite<\/h2>\n<p data-start=\"660\" data-end=\"1028\">Bajo su cap\u00f3 late una versi\u00f3n afinada del conocido motor S58, un seis cilindros en l\u00ednea con tecnolog\u00eda <strong data-start=\"764\" data-end=\"785\">M TwinPower Turbo<\/strong>, que ahora entrega <strong data-start=\"805\" data-end=\"831\">523 caballos de fuerza<\/strong> y <strong data-start=\"834\" data-end=\"858\">479 lb-pie de torque<\/strong>. S\u00ed, eso son <strong data-start=\"872\" data-end=\"885\">50 hp m\u00e1s<\/strong> que el M2 est\u00e1ndar y una respuesta que, gracias a una nueva gesti\u00f3n electr\u00f3nica y mapeo optimizado, reacciona como si pudiera leerte la mente.<\/p>\n<p data-start=\"1030\" data-end=\"1371\">Este motor no solo suena endemoniadamente bien gracias al sistema de escape M con v\u00e1lvulas activas, tambi\u00e9n <strong data-start=\"1138\" data-end=\"1168\">sube de vueltas con hambre<\/strong>, estir\u00e1ndose hasta las <strong data-start=\"1192\" data-end=\"1205\">7.200 rpm<\/strong> con una progresividad que recuerda a los mejores deportivos atmosf\u00e9ricos. En cifras: <strong data-start=\"1291\" data-end=\"1323\">0 a 100 km\/h en 3,7 segundos<\/strong> y una velocidad m\u00e1xima limitada a <strong data-start=\"1358\" data-end=\"1370\">302 km\/h<\/strong>.<\/p>\n<figure aria-describedby=\"caption-attachment-3140\" class=\"wp-caption alignnone\"><img fetchpriority=\"high\" decoding=\"async\" class=\"wp-image-3140 size-full\" src=\"https:\/\/puravelocidad.com\/wp-content\/uploads\/2025\/05\/P90600899_highRes_the-new-bmw-m2-cs-scaled.jpg\" alt=\"\" width=\"2560\" height=\"1707\"><figcaption class=\"wp-caption-text\">BMW M2 CS 2026 Motor S58 523 caballos<\/figcaption><\/figure>\n<h2 data-start=\"1373\" data-end=\"1411\">Ligero, directo y rabiosamente \u00e1gil<\/h2>\n<p data-start=\"1413\" data-end=\"1681\">Gracias a una inteligente dieta basada en <strong data-start=\"1455\" data-end=\"1497\">componentes de fibra de carbono (CFRP)<\/strong> \u2014como el techo, el difusor trasero o el aler\u00f3n \u201cducktail\u201d\u2014 el nuevo M2 CS pesa <strong data-start=\"1577\" data-end=\"1592\">45 kg menos<\/strong> que su hermano con Steptronic. Cada gramo cuenta cuando hablamos de balance y respuesta.<\/p>\n<p data-start=\"1683\" data-end=\"2015\">Y eso se nota al volante. El chasis fue recalibrado espec\u00edficamente para esta versi\u00f3n, bajando <strong data-start=\"1778\" data-end=\"1786\">5 mm<\/strong> la altura, endureciendo soportes de motor y ajustando suspensi\u00f3n, frenos y direcci\u00f3n con precisi\u00f3n quir\u00fargica. Todo se siente tenso, conectado, afinado para que el conductor sea una extensi\u00f3n del auto, no un pasajero con suerte.<\/p>\n<figure aria-describedby=\"caption-attachment-3141\" class=\"wp-caption alignnone\"><img decoding=\"async\" class=\"wp-image-3141 size-full\" src=\"https:\/\/puravelocidad.com\/wp-content\/uploads\/2025\/05\/P90600856_highRes_the-new-bmw-m2-cs-scaled.jpg\" alt=\"\" width=\"2560\" height=\"1707\"><figcaption class=\"wp-caption-text\">BMW M2 CS 2026<\/figcaption><\/figure>\n<h2 data-start=\"2017\" data-end=\"2050\">Un compacto con genes de pista<\/h2>\n<p data-start=\"2052\" data-end=\"2411\">S\u00ed, se puede usar a diario. Pero el M2 CS naci\u00f3 para los circuitos. Lo prueban los <strong data-start=\"2135\" data-end=\"2182\">asientos tipo bucket M Carbon calefactables<\/strong>, con soporte para arneses, el <strong data-start=\"2213\" data-end=\"2239\">volante M de Alcantara<\/strong> con levas met\u00e1licas y los <strong data-start=\"2266\" data-end=\"2303\">controles de configuraci\u00f3n r\u00e1pida<\/strong> que permiten ajustar motor, direcci\u00f3n, suspensi\u00f3n y hasta el control de tracci\u00f3n en diez niveles distintos.<\/p>\n<p data-start=\"2413\" data-end=\"2672\">Adem\u00e1s, la electr\u00f3nica te acompa\u00f1a sin entrometerse. El <strong data-start=\"2469\" data-end=\"2489\">M Drift Analyzer<\/strong> y el <strong data-start=\"2495\" data-end=\"2510\">M Lap Timer<\/strong> est\u00e1n ah\u00ed para ayudarte a mejorar tus tiempos y tu t\u00e9cnica, no para limitar tu diversi\u00f3n. Y si quieres m\u00e1s, los frenos cer\u00e1micos M est\u00e1n disponibles como opci\u00f3n.<\/p>\n<figure aria-describedby=\"caption-attachment-3142\" class=\"wp-caption alignnone\"><img decoding=\"async\" class=\"wp-image-3142 size-full\" src=\"https:\/\/puravelocidad.com\/wp-content\/uploads\/2025\/05\/P90600857_highRes_the-new-bmw-m2-cs-scaled.jpg\" alt=\"\" width=\"2560\" height=\"1707\"><figcaption class=\"wp-caption-text\">BMW M2 CS 2026<\/figcaption><\/figure>\n<h2 data-start=\"2674\" data-end=\"2717\">Dise\u00f1o funcional que grita \u201cperformance\u201d<\/h2>\n<p data-start=\"2719\" data-end=\"3080\">Visualmente, este M2 CS no necesita alardear: sus l\u00edneas, tomas de aire, splitter frontal, difusor trasero y los nuevos rines forjados <strong data-start=\"2854\" data-end=\"2868\">Style 827M<\/strong> en dorado mate lo dicen todo. Est\u00e1 disponible en tonos agresivos como <strong data-start=\"2939\" data-end=\"2955\">Negro Zafiro<\/strong>, <strong data-start=\"2957\" data-end=\"2974\">Gris Brooklyn<\/strong>, <strong data-start=\"2976\" data-end=\"2993\">Azul Portimao<\/strong> y, para quienes buscan algo especial, el exclusivo <strong data-start=\"3045\" data-end=\"3079\">Azul Terciopelo BMW Individual<\/strong>.<\/p>\n<p data-start=\"3082\" data-end=\"3372\">Por dentro, el Alcantara, la fibra de carbono, los logos CS iluminados y la iluminaci\u00f3n ambiental configurable crean una atm\u00f3sfera premium y deportiva al mismo tiempo. Todo en este interior est\u00e1 orientado al rendimiento, desde el dise\u00f1o del tablero hasta la posici\u00f3n perfecta de conducci\u00f3n.<\/p>\n<figure aria-describedby=\"caption-attachment-3143\" class=\"wp-caption alignnone\"><img loading=\"lazy\" decoding=\"async\" loading=\"lazy\" class=\"wp-image-3143 size-full\" src=\"https:\/\/puravelocidad.com\/wp-content\/uploads\/2025\/05\/P90600895_highRes_the-new-bmw-m2-cs-scaled.jpg\" alt=\"\" width=\"2560\" height=\"1707\"><figcaption class=\"wp-caption-text\">BMW M2 CS 2026 Interior<\/figcaption><\/figure>\n<h2 data-start=\"3374\" data-end=\"3405\">Tecnolog\u00eda sin distracciones<\/h2>\n<p data-start=\"3407\" data-end=\"3770\">El <strong data-start=\"3410\" data-end=\"3428\">BMW iDrive 8.5<\/strong> con pantalla curva, <strong data-start=\"3449\" data-end=\"3468\">Head-Up Display<\/strong>, sonido Harman Kardon y compatibilidad con Apple CarPlay y Android Auto te mantiene conectado, sin robarte el protagonismo al volante. El sistema de climatizaci\u00f3n, controlable digitalmente o por voz, tambi\u00e9n ayuda a mantener todo bajo control en esos d\u00edas calurosos\u2026 o en sesiones largas de track day.<\/p>\n<figure aria-describedby=\"caption-attachment-3144\" class=\"wp-caption alignnone\"><img loading=\"lazy\" decoding=\"async\" loading=\"lazy\" class=\"wp-image-3144 size-full\" src=\"https:\/\/puravelocidad.com\/wp-content\/uploads\/2025\/05\/P90600892_highRes_the-new-bmw-m2-cs-scaled.jpg\" alt=\"\" width=\"2560\" height=\"1707\"><figcaption class=\"wp-caption-text\">BMW M2 CS 2026 Interior<\/figcaption><\/figure>\n<h2 data-start=\"3772\" data-end=\"3821\">Un CS hecho en M\u00e9xico para conquistar el mundo<\/h2>\n<p data-start=\"3823\" data-end=\"4039\">Una curiosidad que nos llena de orgullo latinoamericano: el BMW M2 CS ser\u00e1 ensamblado en la planta de San Luis Potos\u00ed, M\u00e9xico. Y lo har\u00e1 en una edici\u00f3n limitada, como corresponde a todo <strong data-start=\"4009\" data-end=\"4038\">aut\u00e9ntico objeto de deseo<\/strong>.<\/p>\n<h3 data-start=\"4046\" data-end=\"4075\">\u00bfPara qui\u00e9n es este auto?<\/h3>\n<p data-start=\"4077\" data-end=\"4391\">Para el que quiere <strong data-start=\"4096\" data-end=\"4121\">emociones sin filtros<\/strong>, para quien valora la ingenier\u00eda alemana con sabor a N\u00fcrburgring, y para quien quiere un deportivo compacto que no se disculpa por ser intenso. El BMW M2 CS no es solo una versi\u00f3n m\u00e1s potente del M2. Es una carta de amor a los puristas. Y una advertencia a los rivales.<\/p>\n<h3 data-start=\"4077\" data-end=\"4391\"><em>Si te gusto este articulo, ay\u00fadanos comparti\u00e9ndolo con amigos entusiastas de los autos!<\/em><\/h3>\n<h3 data-start=\"4077\" data-end=\"4391\">Te dejamos otros art\u00edculos de BMW,<\/h3>\n<p class=\"entry-title\"><a href=\"https:\/\/puravelocidad.com\/bmw-m3-cs-touring-2026-un-familiar-que-respira-motorsport\/\">BMW M3 CS Touring 2026: Un Familiar que Respira Motorsport<\/a><\/p>\n<p class=\"entry-title\"><a href=\"https:\/\/puravelocidad.com\/el-nuevo-bmw-m-sera-totalmente-electrico-y-promete-superar-a-todos\/\">El Nuevo BMW M Ser\u00e1 Totalmente El\u00e9ctrico<\/a><\/p>\n<p><a href=\"https:\/\/www.bmw.com.mx\/es\/index.html\">BMW Web Site<\/a><\/p>\n<p>The post <a href=\"https:\/\/puravelocidad.com\/bmw-m2-cs-2026\/\">BMW M2 CS 2026: sensaciones puras, sin anestesia<\/a> appeared first on <a href=\"https:\/\/puravelocidad.com\/\">Pura Velocidad<\/a>.<\/p>\n","protected":false},"excerpt":{"rendered":"<p data-start=\"241\" data-end=\"610\">Hay autos que te hacen sonre\u00edr cuando los miras. Otros, cuando los manejas. Y luego est\u00e1 el nuevo <strong data-start=\"339\" data-end=\"357\">BMW M2 CS 2026<\/strong>, que logra ambas cosas al mismo tiempo\u2026 y mucho m\u00e1s. Este peque\u00f1o monstruo b\u00e1varo, forjado entre la pasi\u00f3n de la ingenier\u00eda M y la herencia de los coup\u00e9s deportivos compactos, se siente como un auto dise\u00f1ado para arrancarte emociones sin pedir permiso.<\/p>\n<h2 data-start=\"612\" data-end=\"658\">Potencia con alma: el S58 llevado al l\u00edmite<\/h2>\n<p data-start=\"660\" data-end=\"1028\">Bajo su cap\u00f3 late una versi\u00f3n afinada del conocido motor S58, un seis cilindros en l\u00ednea con tecnolog\u00eda <strong data-start=\"764\" data-end=\"785\">M TwinPower Turbo<\/strong>, que ahora entrega <strong data-start=\"805\" data-end=\"831\">523 caballos de fuerza<\/strong> y <strong data-start=\"834\" data-end=\"858\">479 lb-pie de torque<\/strong>. S\u00ed, eso son <strong data-start=\"872\" data-end=\"885\">50 hp m\u00e1s<\/strong> que el M2 est\u00e1ndar y una respuesta que, gracias a una nueva gesti\u00f3n electr\u00f3nica y mapeo optimizado, reacciona como si pudiera leerte la mente.<\/p>\n<p data-start=\"1030\" data-end=\"1371\">Este motor no solo suena endemoniadamente bien gracias al sistema de escape M con v\u00e1lvulas activas, tambi\u00e9n <strong data-start=\"1138\" data-end=\"1168\">sube de vueltas con hambre<\/strong>, estir\u00e1ndose hasta las <strong data-start=\"1192\" data-end=\"1205\">7.200 rpm<\/strong> con una progresividad que recuerda a los mejores deportivos atmosf\u00e9ricos. En cifras: <strong data-start=\"1291\" data-end=\"1323\">0 a 100 km\/h en 3,7 segundos<\/strong> y una velocidad m\u00e1xima limitada a <strong data-start=\"1358\" data-end=\"1370\">302 km\/h<\/strong>.<\/p>\n<figure aria-describedby=\"caption-attachment-3140\" class=\"wp-caption alignnone\"><img fetchpriority=\"high\" decoding=\"async\" class=\"wp-image-3140 size-full\" src=\"https:\/\/puravelocidad.com\/wp-content\/uploads\/2025\/05\/P90600899_highRes_the-new-bmw-m2-cs-scaled.jpg\" alt=\"\" width=\"2560\" height=\"1707\"><figcaption class=\"wp-caption-text\">BMW M2 CS 2026 Motor S58 523 caballos<\/figcaption><\/figure>\n<h2 data-start=\"1373\" data-end=\"1411\">Ligero, directo y rabiosamente \u00e1gil<\/h2>\n<p data-start=\"1413\" data-end=\"1681\">Gracias a una inteligente dieta basada en <strong data-start=\"1455\" data-end=\"1497\">componentes de fibra de carbono (CFRP)<\/strong> \u2014como el techo, el difusor trasero o el aler\u00f3n \u201cducktail\u201d\u2014 el nuevo M2 CS pesa <strong data-start=\"1577\" data-end=\"1592\">45 kg menos<\/strong> que su hermano con Steptronic. Cada gramo cuenta cuando hablamos de balance y respuesta.<\/p>\n<p data-start=\"1683\" data-end=\"2015\">Y eso se nota al volante. El chasis fue recalibrado espec\u00edficamente para esta versi\u00f3n, bajando <strong data-start=\"1778\" data-end=\"1786\">5 mm<\/strong> la altura, endureciendo soportes de motor y ajustando suspensi\u00f3n, frenos y direcci\u00f3n con precisi\u00f3n quir\u00fargica. Todo se siente tenso, conectado, afinado para que el conductor sea una extensi\u00f3n del auto, no un pasajero con suerte.<\/p>\n<figure aria-describedby=\"caption-attachment-3141\" class=\"wp-caption alignnone\"><img decoding=\"async\" class=\"wp-image-3141 size-full\" src=\"https:\/\/puravelocidad.com\/wp-content\/uploads\/2025\/05\/P90600856_highRes_the-new-bmw-m2-cs-scaled.jpg\" alt=\"\" width=\"2560\" height=\"1707\"><figcaption class=\"wp-caption-text\">BMW M2 CS 2026<\/figcaption><\/figure>\n<h2 data-start=\"2017\" data-end=\"2050\">Un compacto con genes de pista<\/h2>\n<p data-start=\"2052\" data-end=\"2411\">S\u00ed, se puede usar a diario. Pero el M2 CS naci\u00f3 para los circuitos. Lo prueban los <strong data-start=\"2135\" data-end=\"2182\">asientos tipo bucket M Carbon calefactables<\/strong>, con soporte para arneses, el <strong data-start=\"2213\" data-end=\"2239\">volante M de Alcantara<\/strong> con levas met\u00e1licas y los <strong data-start=\"2266\" data-end=\"2303\">controles de configuraci\u00f3n r\u00e1pida<\/strong> que permiten ajustar motor, direcci\u00f3n, suspensi\u00f3n y hasta el control de tracci\u00f3n en diez niveles distintos.<\/p>\n<p data-start=\"2413\" data-end=\"2672\">Adem\u00e1s, la electr\u00f3nica te acompa\u00f1a sin entrometerse. El <strong data-start=\"2469\" data-end=\"2489\">M Drift Analyzer<\/strong> y el <strong data-start=\"2495\" data-end=\"2510\">M Lap Timer<\/strong> est\u00e1n ah\u00ed para ayudarte a mejorar tus tiempos y tu t\u00e9cnica, no para limitar tu diversi\u00f3n. Y si quieres m\u00e1s, los frenos cer\u00e1micos M est\u00e1n disponibles como opci\u00f3n.<\/p>\n<figure aria-describedby=\"caption-attachment-3142\" class=\"wp-caption alignnone\"><img decoding=\"async\" class=\"wp-image-3142 size-full\" src=\"https:\/\/puravelocidad.com\/wp-content\/uploads\/2025\/05\/P90600857_highRes_the-new-bmw-m2-cs-scaled.jpg\" alt=\"\" width=\"2560\" height=\"1707\"><figcaption class=\"wp-caption-text\">BMW M2 CS 2026<\/figcaption><\/figure>\n<h2 data-start=\"2674\" data-end=\"2717\">Dise\u00f1o funcional que grita \u201cperformance\u201d<\/h2>\n<p data-start=\"2719\" data-end=\"3080\">Visualmente, este M2 CS no necesita alardear: sus l\u00edneas, tomas de aire, splitter frontal, difusor trasero y los nuevos rines forjados <strong data-start=\"2854\" data-end=\"2868\">Style 827M<\/strong> en dorado mate lo dicen todo. Est\u00e1 disponible en tonos agresivos como <strong data-start=\"2939\" data-end=\"2955\">Negro Zafiro<\/strong>, <strong data-start=\"2957\" data-end=\"2974\">Gris Brooklyn<\/strong>, <strong data-start=\"2976\" data-end=\"2993\">Azul Portimao<\/strong> y, para quienes buscan algo especial, el exclusivo <strong data-start=\"3045\" data-end=\"3079\">Azul Terciopelo BMW Individual<\/strong>.<\/p>\n<p data-start=\"3082\" data-end=\"3372\">Por dentro, el Alcantara, la fibra de carbono, los logos CS iluminados y la iluminaci\u00f3n ambiental configurable crean una atm\u00f3sfera premium y deportiva al mismo tiempo. Todo en este interior est\u00e1 orientado al rendimiento, desde el dise\u00f1o del tablero hasta la posici\u00f3n perfecta de conducci\u00f3n.<\/p>\n<figure aria-describedby=\"caption-attachment-3143\" class=\"wp-caption alignnone\"><img loading=\"lazy\" decoding=\"async\" loading=\"lazy\" class=\"wp-image-3143 size-full\" src=\"https:\/\/puravelocidad.com\/wp-content\/uploads\/2025\/05\/P90600895_highRes_the-new-bmw-m2-cs-scaled.jpg\" alt=\"\" width=\"2560\" height=\"1707\"><figcaption class=\"wp-caption-text\">BMW M2 CS 2026 Interior<\/figcaption><\/figure>\n<h2 data-start=\"3374\" data-end=\"3405\">Tecnolog\u00eda sin distracciones<\/h2>\n<p data-start=\"3407\" data-end=\"3770\">El <strong data-start=\"3410\" data-end=\"3428\">BMW iDrive 8.5<\/strong> con pantalla curva, <strong data-start=\"3449\" data-end=\"3468\">Head-Up Display<\/strong>, sonido Harman Kardon y compatibilidad con Apple CarPlay y Android Auto te mantiene conectado, sin robarte el protagonismo al volante. El sistema de climatizaci\u00f3n, controlable digitalmente o por voz, tambi\u00e9n ayuda a mantener todo bajo control en esos d\u00edas calurosos\u2026 o en sesiones largas de track day.<\/p>\n<figure aria-describedby=\"caption-attachment-3144\" class=\"wp-caption alignnone\"><img loading=\"lazy\" decoding=\"async\" loading=\"lazy\" class=\"wp-image-3144 size-full\" src=\"https:\/\/puravelocidad.com\/wp-content\/uploads\/2025\/05\/P90600892_highRes_the-new-bmw-m2-cs-scaled.jpg\" alt=\"\" width=\"2560\" height=\"1707\"><figcaption class=\"wp-caption-text\">BMW M2 CS 2026 Interior<\/figcaption><\/figure>\n<h2 data-start=\"3772\" data-end=\"3821\">Un CS hecho en M\u00e9xico para conquistar el mundo<\/h2>\n<p data-start=\"3823\" data-end=\"4039\">Una curiosidad que nos llena de orgullo latinoamericano: el BMW M2 CS ser\u00e1 ensamblado en la planta de San Luis Potos\u00ed, M\u00e9xico. Y lo har\u00e1 en una edici\u00f3n limitada, como corresponde a todo <strong data-start=\"4009\" data-end=\"4038\">aut\u00e9ntico objeto de deseo<\/strong>.<\/p>\n<h3 data-start=\"4046\" data-end=\"4075\">\u00bfPara qui\u00e9n es este auto?<\/h3>\n<p data-start=\"4077\" data-end=\"4391\">Para el que quiere <strong data-start=\"4096\" data-end=\"4121\">emociones sin filtros<\/strong>, para quien valora la ingenier\u00eda alemana con sabor a N\u00fcrburgring, y para quien quiere un deportivo compacto que no se disculpa por ser intenso. El BMW M2 CS no es solo una versi\u00f3n m\u00e1s potente del M2. Es una carta de amor a los puristas. Y una advertencia a los rivales.<\/p>\n<h3 data-start=\"4077\" data-end=\"4391\"><em>Si te gusto este articulo, ay\u00fadanos comparti\u00e9ndolo con amigos entusiastas de los autos!<\/em><\/h3>\n<h3 data-start=\"4077\" data-end=\"4391\">Te dejamos otros art\u00edculos de BMW,<\/h3>\n<p class=\"entry-title\"><a href=\"https:\/\/puravelocidad.com\/bmw-m3-cs-touring-2026-un-familiar-que-respira-motorsport\/\">BMW M3 CS Touring 2026: Un Familiar que Respira Motorsport<\/a><\/p>\n<p class=\"entry-title\"><a href=\"https:\/\/puravelocidad.com\/el-nuevo-bmw-m-sera-totalmente-electrico-y-promete-superar-a-todos\/\">El Nuevo BMW M Ser\u00e1 Totalmente El\u00e9ctrico<\/a><\/p>\n<p><a href=\"https:\/\/www.bmw.com.mx\/es\/index.html\">BMW Web Site<\/a><\/p>\n<p>The post <a href=\"https:\/\/puravelocidad.com\/bmw-m2-cs-2026\/\">BMW M2 CS 2026: sensaciones puras, sin anestesia<\/a> appeared first on <a href=\"https:\/\/puravelocidad.com\/\">Pura Velocidad<\/a>.<\/p>\n","protected":false},"author":0,"featured_media":2432,"comment_status":"open","ping_status":"open","sticky":false,"template":"","format":"standard","meta":{"footnotes":""},"categories":[9],"tags":[],"class_list":["post-2431","post","type-post","status-publish","format-standard","has-post-thumbnail","hentry","category-lonuevo-puravelocid-ad"],"cmb2":{"poster_feature_image":{"vid_m_player_background":"","vid_m_poster_image":"","vid_m_poster_image_id":""},"gif_feature_image":{"vid_m_gif_image":"","vid_m_gif_image_id":""},"video_movie_settings":{"vid_m_director":"","vid_m_actor":"","vid_m_imdb_ratings":"","vid_m_amazon_associates":"","vid_m_vid_tmdb_movie":"","vid_m_vid_tmdb_tv_shows":"","vid_m_vid_tmdb_thumb":""},"vid_ads_m_videoads_settings_post":{"vid_ads_m_video_ads":"","vid_ads_m_video_ads_type":"","vid_ads_m_group_google_ima":"","vid_ads_m_group_image":"","vid_ads_m_group_html5_video":"","vid_ads_m_group_html":"","vid_ads_m_vpaid_mode":"","vid_ads_m_vast_preroll":"","vid_ads_m_vast_postroll":"","vid_ads_m_vast_pauseroll":"","vid_ads_m_vast_midroll":"","vid_ads_m_group_dynamic":"","vid_ads_m_time_to_show_ads":"","vid_ads_m_time_skip_ads":"","vid_ads_m_time_to_hide_ads":""},"feature_image_settings":{"feature_image_position":""},"video_player_settings":{"single_video_style":"","video_player_position":"","vm_video_url_btn_choose":"","vm_video_url_btn_choose_id":"","vm_video_url":"","vm_video_ratio":"","vm_video_ratio_mobile":"","video_player_library":"","plyr_player":"","video_streaming":"","vm_video_shortcode":"","vm_video_timelapse":"","vm_media_subtitles":"","vm_media_sources":"","vid_vtt_preview":"","vid_vtt_preview_vtt_file":"","vid_vtt_preview_vtt_file_id":"","vid_vtt_preview_sprite_image":"","vid_vtt_preview_sprite_image_id":"","vid_auto_play":"","vid_preview_mode":"","vm_video_trailer_manl_url":"","vm_screenshot_preview":"","vid_tags":"","vid_p_sync_playlist":"","vid_c_sync_channel":"","get_post_format":"","multiple_links_structure":"","multi_links_title":"","original_video_title":"","multi_links_series":"","vm_video_multi_links":"","vm_duration":"","vid_social_locker":"","vid_locker_mode":"","vid_social_locker_id":"","vid_social_email_locker_id":"","vid_social_signin_locker_id":"","sv_login_to_watch":"","vid_membership_action":"","vm_video_trailer_url":"","vid_download_type":"","vid_download_target":"","vid_woo_product":"","vid_download_mode":"","vid_download_mode_trailer":"","vm_media_download":"","user_rating":"","user_rating_position":"","user_rating_mode":"","user_rating_multi_sets":"","ads_above_single_player":""},"video_auto_fetch_settings":{"vm_video_fetch":""},"video_fake_views_likes":{"vm_fake_views":"","vm_fake_likes":"","vm_fake_dislikes":""},"gallery_settings":{"gallery_position":""},"quote_settings":{"quote_position":""},"post_options":{"main_layout":"","main_logo":"","main_logo_id":"","main_logo_retina":"","main_logo_retina_id":"","main_logo_mobile":"","main_logo_mobile_id":"","main_logo_mobile_retina":"","main_logo_mobile_retina_id":"","sticky_logo":"","sticky_logo_id":"","sticky_logo_retina":"","sticky_logo_retina_id":"","main_nav_layout":"","header_background":"","theme_sidebar":"","single_post_comment_type":"","theme_background":""}},"rttpg_featured_image_url":{"full":["https:\/\/tutarotero.com\/tv\/wp-content\/uploads\/2025\/05\/P90600899_highRes_the-new-bmw-m2-cs-scaled-uGrgU8.jpg",2560,1707,false],"landscape":["https:\/\/tutarotero.com\/tv\/wp-content\/uploads\/2025\/05\/P90600899_highRes_the-new-bmw-m2-cs-scaled-uGrgU8.jpg",2560,1707,false],"portraits":["https:\/\/tutarotero.com\/tv\/wp-content\/uploads\/2025\/05\/P90600899_highRes_the-new-bmw-m2-cs-scaled-uGrgU8.jpg",2560,1707,false],"thumbnail":["https:\/\/tutarotero.com\/tv\/wp-content\/uploads\/2025\/05\/P90600899_highRes_the-new-bmw-m2-cs-scaled-uGrgU8-150x150.jpg",150,150,true],"medium":["https:\/\/tutarotero.com\/tv\/wp-content\/uploads\/2025\/05\/P90600899_highRes_the-new-bmw-m2-cs-scaled-uGrgU8-300x200.jpg",300,200,true],"large":["https:\/\/tutarotero.com\/tv\/wp-content\/uploads\/2025\/05\/P90600899_highRes_the-new-bmw-m2-cs-scaled-uGrgU8-1024x683.jpg",640,427,true],"1536x1536":["https:\/\/tutarotero.com\/tv\/wp-content\/uploads\/2025\/05\/P90600899_highRes_the-new-bmw-m2-cs-scaled-uGrgU8-1536x1024.jpg",1536,1024,true],"2048x2048":["https:\/\/tutarotero.com\/tv\/wp-content\/uploads\/2025\/05\/P90600899_highRes_the-new-bmw-m2-cs-scaled-uGrgU8-2048x1366.jpg",2048,1366,true],"vidorev_thumb_1x1_0x":["https:\/\/tutarotero.com\/tv\/wp-content\/uploads\/2025\/05\/P90600899_highRes_the-new-bmw-m2-cs-scaled-uGrgU8-60x60.jpg",60,60,true],"vidorev_thumb_1x1_1x":["https:\/\/tutarotero.com\/tv\/wp-content\/uploads\/2025\/05\/P90600899_highRes_the-new-bmw-m2-cs-scaled-uGrgU8-100x100.jpg",100,100,true],"vidorev_thumb_1x1_2x":["https:\/\/tutarotero.com\/tv\/wp-content\/uploads\/2025\/05\/P90600899_highRes_the-new-bmw-m2-cs-scaled-uGrgU8-200x200.jpg",200,200,true],"vidorev_thumb_1x1_3x":["https:\/\/tutarotero.com\/tv\/wp-content\/uploads\/2025\/05\/P90600899_highRes_the-new-bmw-m2-cs-scaled-uGrgU8-268x268.jpg",268,268,true],"vidorev_thumb_2point7x1_1x":["https:\/\/tutarotero.com\/tv\/wp-content\/uploads\/2025\/05\/P90600899_highRes_the-new-bmw-m2-cs-scaled-uGrgU8-346x130.jpg",346,130,true],"vidorev_thumb_2point7x1_2x":["https:\/\/tutarotero.com\/tv\/wp-content\/uploads\/2025\/05\/P90600899_highRes_the-new-bmw-m2-cs-scaled-uGrgU8-568x213.jpg",568,213,true],"vidorev_thumb_2point7x1_3x":["https:\/\/tutarotero.com\/tv\/wp-content\/uploads\/2025\/05\/P90600899_highRes_the-new-bmw-m2-cs-scaled-uGrgU8-1136x426.jpg",1136,426,true],"vidorev_thumb_4x3_0point5x":["https:\/\/tutarotero.com\/tv\/wp-content\/uploads\/2025\/05\/P90600899_highRes_the-new-bmw-m2-cs-scaled-uGrgU8-282x212.jpg",282,212,true],"vidorev_thumb_4x3_1point5x":["https:\/\/tutarotero.com\/tv\/wp-content\/uploads\/2025\/05\/P90600899_highRes_the-new-bmw-m2-cs-scaled-uGrgU8-568x426.jpg",568,426,true],"vidorev_thumb_2x3_0point3x":["https:\/\/tutarotero.com\/tv\/wp-content\/uploads\/2025\/05\/P90600899_highRes_the-new-bmw-m2-cs-scaled-uGrgU8-60x90.jpg",60,90,true],"vidorev_thumb_16x9_0x":["https:\/\/tutarotero.com\/tv\/wp-content\/uploads\/2025\/05\/P90600899_highRes_the-new-bmw-m2-cs-scaled-uGrgU8-236x133.jpg",236,133,true],"vidorev_thumb_16x9_1x":["https:\/\/tutarotero.com\/tv\/wp-content\/uploads\/2025\/05\/P90600899_highRes_the-new-bmw-m2-cs-scaled-uGrgU8-360x203.jpg",360,203,true],"vidorev_thumb_16x9_2x":["https:\/\/tutarotero.com\/tv\/wp-content\/uploads\/2025\/05\/P90600899_highRes_the-new-bmw-m2-cs-scaled-uGrgU8-750x422.jpg",750,422,true],"vidorev_thumb_16x9_3x":["https:\/\/tutarotero.com\/tv\/wp-content\/uploads\/2025\/05\/P90600899_highRes_the-new-bmw-m2-cs-scaled-uGrgU8-1500x844.jpg",1500,844,true],"vidorev_thumb_4x3_1x":["https:\/\/tutarotero.com\/tv\/wp-content\/uploads\/2025\/05\/P90600899_highRes_the-new-bmw-m2-cs-scaled-uGrgU8-360x270.jpg",360,270,true],"vidorev_thumb_4x3_2x":["https:\/\/tutarotero.com\/tv\/wp-content\/uploads\/2025\/05\/P90600899_highRes_the-new-bmw-m2-cs-scaled-uGrgU8-720x540.jpg",720,540,true],"vidorev_thumb_4x3_3x":["https:\/\/tutarotero.com\/tv\/wp-content\/uploads\/2025\/05\/P90600899_highRes_the-new-bmw-m2-cs-scaled-uGrgU8-1200x900.jpg",1200,900,true],"vidorev_thumb_2x3_0x":["https:\/\/tutarotero.com\/tv\/wp-content\/uploads\/2025\/05\/P90600899_highRes_the-new-bmw-m2-cs-scaled-uGrgU8-165x248.jpg",165,248,true],"vidorev_thumb_2x3_1x":["https:\/\/tutarotero.com\/tv\/wp-content\/uploads\/2025\/05\/P90600899_highRes_the-new-bmw-m2-cs-scaled-uGrgU8-360x540.jpg",360,540,true],"vidorev_thumb_2x3_2x":["https:\/\/tutarotero.com\/tv\/wp-content\/uploads\/2025\/05\/P90600899_highRes_the-new-bmw-m2-cs-scaled-uGrgU8-600x900.jpg",600,900,true]},"rttpg_author":{"display_name":"","author_link":"https:\/\/tutarotero.com\/tv\/?author=0"},"rttpg_comment":0,"rttpg_category":"<a href=\"https:\/\/tutarotero.com\/tv\/?cat=9\" rel=\"category\">Lo nuevo<\/a>","rttpg_excerpt":"Hay autos que te hacen sonre\u00edr cuando los miras. Otros, cuando los manejas. Y luego est\u00e1 el nuevo BMW M2 CS 2026, que logra ambas cosas al mismo tiempo\u2026 y mucho m\u00e1s. Este peque\u00f1o monstruo b\u00e1varo, forjado entre la pasi\u00f3n de la ingenier\u00eda M y la herencia de los coup\u00e9s deportivos compactos, se siente como&hellip;","_links":{"self":[{"href":"https:\/\/tutarotero.com\/tv\/index.php?rest_route=\/wp\/v2\/posts\/2431","targetHints":{"allow":["GET"]}}],"collection":[{"href":"https:\/\/tutarotero.com\/tv\/index.php?rest_route=\/wp\/v2\/posts"}],"about":[{"href":"https:\/\/tutarotero.com\/tv\/index.php?rest_route=\/wp\/v2\/types\/post"}],"replies":[{"embeddable":true,"href":"https:\/\/tutarotero.com\/tv\/index.php?rest_route=%2Fwp%2Fv2%2Fcomments&post=2431"}],"version-history":[{"count":0,"href":"https:\/\/tutarotero.com\/tv\/index.php?rest_route=\/wp\/v2\/posts\/2431\/revisions"}],"wp:featuredmedia":[{"embeddable":true,"href":"https:\/\/tutarotero.com\/tv\/index.php?rest_route=\/wp\/v2\/media\/2432"}],"wp:attachment":[{"href":"https:\/\/tutarotero.com\/tv\/index.php?rest_route=%2Fwp%2Fv2%2Fmedia&parent=2431"}],"wp:term":[{"taxonomy":"category","embeddable":true,"href":"https:\/\/tutarotero.com\/tv\/index.php?rest_route=%2Fwp%2Fv2%2Fcategories&post=2431"},{"taxonomy":"post_tag","embeddable":true,"href":"https:\/\/tutarotero.com\/tv\/index.php?rest_route=%2Fwp%2Fv2%2Ftags&post=2431"}],"curies":[{"name":"wp","href":"https:\/\/api.w.org\/{rel}","templated":true}]}}